{"id":5127,"date":"2014-05-24T12:56:39","date_gmt":"2014-05-24T10:56:39","guid":{"rendered":"http:\/\/blogs.deia.com\/anasagasti\/?p=5127"},"modified":"2014-05-24T12:56:39","modified_gmt":"2014-05-24T10:56:39","slug":"fotos-glosadas-mitin-fin-de-campana-elecciones-europeas-25-de-mayo-de-2014","status":"publish","type":"post","link":"https:\/\/blogs.deia.eus\/anasagasti\/2014\/05\/24\/fotos-glosadas-mitin-fin-de-campana-elecciones-europeas-25-de-mayo-de-2014\/","title":{"rendered":"Fotos glosadas Mitin fin de campa\u00f1a Elecciones Europeas 25 de mayo de 2014."},"content":{"rendered":"<p><strong><strong>S\u00e1bado 24 de mayo de 2014<\/strong><\/strong><\/p>\n<p>Estas 18 fotos de una treintena las saqu\u00e9 en el Mitin de cierre celebrado como siempre en la Casilla de Bilbao, el viernes 23 de mayo de 2014.<\/p>\n<p>No son ninguna maravilla, porque tampoco soy ning\u00fan fot\u00f3grafo, pero he querido reflejar con estas dieciocho fotograf\u00edas lo que fue el mitin del Cierre de Campa\u00f1a.<\/p>\n<p>Empiezo con los zapatos que llevaba puestos Izaskun, que me parecieron de lo m\u00e1s originales y termino con la foto de Naiara d\u00e1ndole la mano al Lehendakari Agirre.<\/p>\n<p>Simplemente es un recuerdo de una noche con muy buen ambiente y con un partido muy motivado.<\/p>\n<p>Y eso es todo.<\/p>\n<p><a href=\"http:\/\/blogs.deia.com\/anasagasti\/files\/2014\/05\/Zapatos-Izaskun2.jpg\"><img loading=\"lazy\" decoding=\"async\" class=\"alignleft size-medium wp-image-5128\" src=\"http:\/\/blogs.deia.com\/anasagasti\/files\/2014\/05\/Zapatos-Izaskun2-580x435.jpg\" alt=\"Zapatos Izaskun\" width=\"580\" height=\"435\" srcset=\"https:\/\/blogs.deia.eus\/anasagasti\/files\/2014\/05\/Zapatos-Izaskun2-580x435.jpg 580w, https:\/\/blogs.deia.eus\/anasagasti\/files\/2014\/05\/Zapatos-Izaskun2-940x705.jpg 940w, https:\/\/blogs.deia.eus\/anasagasti\/files\/2014\/05\/Zapatos-Izaskun2.jpg 1300w\" sizes=\"auto, (max-width: 580px) 100vw, 580px\" \/><\/a><\/p>\n<p>1.- De Bilbao a Bruselas con todo tipo de zapatos.<\/p>\n<p><a href=\"http:\/\/blogs.deia.com\/anasagasti\/files\/2014\/05\/Oradores-en-el-mitin.jpg\"><img loading=\"lazy\" decoding=\"async\" class=\"alignleft size-medium wp-image-5123\" src=\"http:\/\/blogs.deia.com\/anasagasti\/files\/2014\/05\/Oradores-en-el-mitin-580x435.jpg\" alt=\"Oradores en el mitin\" width=\"580\" height=\"435\" srcset=\"https:\/\/blogs.deia.eus\/anasagasti\/files\/2014\/05\/Oradores-en-el-mitin-580x435.jpg 580w, https:\/\/blogs.deia.eus\/anasagasti\/files\/2014\/05\/Oradores-en-el-mitin-940x705.jpg 940w, https:\/\/blogs.deia.eus\/anasagasti\/files\/2014\/05\/Oradores-en-el-mitin.jpg 1300w\" sizes=\"auto, (max-width: 580px) 100vw, 580px\" \/><\/a>2.- Oradores en el mitin<\/p>\n<p><a href=\"http:\/\/blogs.deia.com\/anasagasti\/files\/2014\/05\/Joven-candidatura-europea_2.jpg\"><img loading=\"lazy\" decoding=\"async\" class=\"alignleft size-medium wp-image-5129\" src=\"http:\/\/blogs.deia.com\/anasagasti\/files\/2014\/05\/Joven-candidatura-europea_2-580x357.jpg\" alt=\"Joven candidatura europea_2\" width=\"580\" height=\"357\" srcset=\"https:\/\/blogs.deia.eus\/anasagasti\/files\/2014\/05\/Joven-candidatura-europea_2-580x357.jpg 580w, https:\/\/blogs.deia.eus\/anasagasti\/files\/2014\/05\/Joven-candidatura-europea_2-940x579.jpg 940w, https:\/\/blogs.deia.eus\/anasagasti\/files\/2014\/05\/Joven-candidatura-europea_2.jpg 1287w\" sizes=\"auto, (max-width: 580px) 100vw, 580px\" \/><\/a>3.- La joven candidatura europea<\/p>\n<p><a href=\"http:\/\/blogs.deia.com\/anasagasti\/files\/2014\/05\/INtervenci\u00f3n-del-secretario-general-del-partido-dem\u00f3crata-europeo.jpg\"><img loading=\"lazy\" decoding=\"async\" class=\"alignleft size-medium wp-image-5130\" src=\"http:\/\/blogs.deia.com\/anasagasti\/files\/2014\/05\/INtervenci\u00f3n-del-secretario-general-del-partido-dem\u00f3crata-europeo-580x435.jpg\" alt=\"INtervenci\u00f3n del secretario general del partido dem\u00f3crata europeo\" width=\"580\" height=\"435\" srcset=\"https:\/\/blogs.deia.eus\/anasagasti\/files\/2014\/05\/INtervenci\u00f3n-del-secretario-general-del-partido-dem\u00f3crata-europeo-580x435.jpg 580w, https:\/\/blogs.deia.eus\/anasagasti\/files\/2014\/05\/INtervenci\u00f3n-del-secretario-general-del-partido-dem\u00f3crata-europeo-940x705.jpg 940w, https:\/\/blogs.deia.eus\/anasagasti\/files\/2014\/05\/INtervenci\u00f3n-del-secretario-general-del-partido-dem\u00f3crata-europeo.jpg 1300w\" sizes=\"auto, (max-width: 580px) 100vw, 580px\" \/><\/a>4.- Intervenci\u00f3n del Secretario General de Partido Dem\u00f3crata Europeo<\/p>\n<p><a href=\"http:\/\/blogs.deia.com\/anasagasti\/files\/2014\/05\/Intervenci\u00f3n-de-Victor-Terradellas-Vicesecretario-General-del-CDC.jpg\"><img loading=\"lazy\" decoding=\"async\" class=\"alignleft size-medium wp-image-5131\" src=\"http:\/\/blogs.deia.com\/anasagasti\/files\/2014\/05\/Intervenci\u00f3n-de-Victor-Terradellas-Vicesecretario-General-del-CDC-580x435.jpg\" alt=\"Intervenci\u00f3n de Victor Terradellas Vicesecretario General del CDC\" width=\"580\" height=\"435\" srcset=\"https:\/\/blogs.deia.eus\/anasagasti\/files\/2014\/05\/Intervenci\u00f3n-de-Victor-Terradellas-Vicesecretario-General-del-CDC-580x435.jpg 580w, https:\/\/blogs.deia.eus\/anasagasti\/files\/2014\/05\/Intervenci\u00f3n-de-Victor-Terradellas-Vicesecretario-General-del-CDC-940x705.jpg 940w, https:\/\/blogs.deia.eus\/anasagasti\/files\/2014\/05\/Intervenci\u00f3n-de-Victor-Terradellas-Vicesecretario-General-del-CDC.jpg 1300w\" sizes=\"auto, (max-width: 580px) 100vw, 580px\" \/><\/a>5.- Intervenci\u00f3n de Victor Terradellas, Vicesecretario General del CDC<\/p>\n<p><a href=\"http:\/\/blogs.deia.com\/anasagasti\/files\/2014\/05\/Emotiva-intervenci\u00f3n-ed-Izaskun-Bilbao.jpg\"><img loading=\"lazy\" decoding=\"async\" class=\"alignleft size-medium wp-image-5132\" src=\"http:\/\/blogs.deia.com\/anasagasti\/files\/2014\/05\/Emotiva-intervenci\u00f3n-ed-Izaskun-Bilbao-580x435.jpg\" alt=\"Emotiva intervenci\u00f3n ed Izaskun Bilbao\" width=\"580\" height=\"435\" srcset=\"https:\/\/blogs.deia.eus\/anasagasti\/files\/2014\/05\/Emotiva-intervenci\u00f3n-ed-Izaskun-Bilbao-580x435.jpg 580w, https:\/\/blogs.deia.eus\/anasagasti\/files\/2014\/05\/Emotiva-intervenci\u00f3n-ed-Izaskun-Bilbao-940x705.jpg 940w, https:\/\/blogs.deia.eus\/anasagasti\/files\/2014\/05\/Emotiva-intervenci\u00f3n-ed-Izaskun-Bilbao.jpg 1300w\" sizes=\"auto, (max-width: 580px) 100vw, 580px\" \/><\/a>6.- Emotiva intervenci\u00f3n de Izaskun Bilbao<\/p>\n<p><a href=\"http:\/\/blogs.deia.com\/anasagasti\/files\/2014\/05\/IBilbao.jpg\"><img loading=\"lazy\" decoding=\"async\" class=\"alignleft size-medium wp-image-5133\" src=\"http:\/\/blogs.deia.com\/anasagasti\/files\/2014\/05\/IBilbao-580x435.jpg\" alt=\"IBilbao\" width=\"580\" height=\"435\" srcset=\"https:\/\/blogs.deia.eus\/anasagasti\/files\/2014\/05\/IBilbao-580x435.jpg 580w, https:\/\/blogs.deia.eus\/anasagasti\/files\/2014\/05\/IBilbao-940x705.jpg 940w, https:\/\/blogs.deia.eus\/anasagasti\/files\/2014\/05\/IBilbao.jpg 1300w\" sizes=\"auto, (max-width: 580px) 100vw, 580px\" \/><\/a>7.- Izaskun Bilbao<\/p>\n<p><a href=\"http:\/\/blogs.deia.com\/anasagasti\/files\/2014\/05\/El-Lehendakari-con-un-discurso-claro.jpg\"><img loading=\"lazy\" decoding=\"async\" class=\"alignleft size-medium wp-image-5134\" src=\"http:\/\/blogs.deia.com\/anasagasti\/files\/2014\/05\/El-Lehendakari-con-un-discurso-claro-580x419.jpg\" alt=\"El Lehendakari con un discurso claro\" width=\"580\" height=\"419\" srcset=\"https:\/\/blogs.deia.eus\/anasagasti\/files\/2014\/05\/El-Lehendakari-con-un-discurso-claro-580x419.jpg 580w, https:\/\/blogs.deia.eus\/anasagasti\/files\/2014\/05\/El-Lehendakari-con-un-discurso-claro-940x679.jpg 940w, https:\/\/blogs.deia.eus\/anasagasti\/files\/2014\/05\/El-Lehendakari-con-un-discurso-claro.jpg 1284w\" sizes=\"auto, (max-width: 580px) 100vw, 580px\" \/><\/a>8.- El Lehendakari con un discurso claro<\/p>\n<p><a href=\"http:\/\/blogs.deia.com\/anasagasti\/files\/2014\/05\/Ortuzar-con-un-discurso-valiente.jpg\"><img loading=\"lazy\" decoding=\"async\" class=\"alignleft size-medium wp-image-5135\" src=\"http:\/\/blogs.deia.com\/anasagasti\/files\/2014\/05\/Ortuzar-con-un-discurso-valiente-580x435.jpg\" alt=\"Ortuzar con un discurso valiente\" width=\"580\" height=\"435\" srcset=\"https:\/\/blogs.deia.eus\/anasagasti\/files\/2014\/05\/Ortuzar-con-un-discurso-valiente-580x435.jpg 580w, https:\/\/blogs.deia.eus\/anasagasti\/files\/2014\/05\/Ortuzar-con-un-discurso-valiente-940x705.jpg 940w, https:\/\/blogs.deia.eus\/anasagasti\/files\/2014\/05\/Ortuzar-con-un-discurso-valiente.jpg 1300w\" sizes=\"auto, (max-width: 580px) 100vw, 580px\" \/><\/a>9.- Ortuzar con un discurso valiente<\/p>\n<p><a href=\"http:\/\/blogs.deia.com\/anasagasti\/files\/2014\/05\/Aburto_Tapia_Erkoreka_Ardanza.jpg\"><img loading=\"lazy\" decoding=\"async\" class=\"alignleft size-medium wp-image-5136\" src=\"http:\/\/blogs.deia.com\/anasagasti\/files\/2014\/05\/Aburto_Tapia_Erkoreka_Ardanza-580x435.jpg\" alt=\"Aburto_Tapia_Erkoreka_Ardanza\" width=\"580\" height=\"435\" srcset=\"https:\/\/blogs.deia.eus\/anasagasti\/files\/2014\/05\/Aburto_Tapia_Erkoreka_Ardanza-580x435.jpg 580w, https:\/\/blogs.deia.eus\/anasagasti\/files\/2014\/05\/Aburto_Tapia_Erkoreka_Ardanza-940x705.jpg 940w, https:\/\/blogs.deia.eus\/anasagasti\/files\/2014\/05\/Aburto_Tapia_Erkoreka_Ardanza.jpg 1300w\" sizes=\"auto, (max-width: 580px) 100vw, 580px\" \/><\/a>10.- Aburto, Tapia, Erkoreka, Ardanza<\/p>\n<p><a href=\"http:\/\/blogs.deia.com\/anasagasti\/files\/2014\/05\/Ardanza_Areso_Madariaga_Bilbao.jpg\"><img loading=\"lazy\" decoding=\"async\" class=\"alignleft size-medium wp-image-5137\" src=\"http:\/\/blogs.deia.com\/anasagasti\/files\/2014\/05\/Ardanza_Areso_Madariaga_Bilbao-580x435.jpg\" alt=\"Ardanza_Areso_Madariaga_Bilbao\" width=\"580\" height=\"435\" srcset=\"https:\/\/blogs.deia.eus\/anasagasti\/files\/2014\/05\/Ardanza_Areso_Madariaga_Bilbao-580x435.jpg 580w, https:\/\/blogs.deia.eus\/anasagasti\/files\/2014\/05\/Ardanza_Areso_Madariaga_Bilbao-940x705.jpg 940w, https:\/\/blogs.deia.eus\/anasagasti\/files\/2014\/05\/Ardanza_Areso_Madariaga_Bilbao.jpg 1300w\" sizes=\"auto, (max-width: 580px) 100vw, 580px\" \/><\/a>11.- Ardanza, Areso, Madariaga, Bilbao<\/p>\n<p><a href=\"http:\/\/blogs.deia.com\/anasagasti\/files\/2014\/05\/Unai-y-Juanan-siguen-las-intervenciones.jpg\"><img loading=\"lazy\" decoding=\"async\" class=\"alignleft size-medium wp-image-5138\" src=\"http:\/\/blogs.deia.com\/anasagasti\/files\/2014\/05\/Unai-y-Juanan-siguen-las-intervenciones-580x380.jpg\" alt=\"Unai y Juanan siguen las intervenciones\" width=\"580\" height=\"380\" srcset=\"https:\/\/blogs.deia.eus\/anasagasti\/files\/2014\/05\/Unai-y-Juanan-siguen-las-intervenciones-580x380.jpg 580w, https:\/\/blogs.deia.eus\/anasagasti\/files\/2014\/05\/Unai-y-Juanan-siguen-las-intervenciones-940x616.jpg 940w, https:\/\/blogs.deia.eus\/anasagasti\/files\/2014\/05\/Unai-y-Juanan-siguen-las-intervenciones.jpg 1178w\" sizes=\"auto, (max-width: 580px) 100vw, 580px\" \/><\/a>12. Unai y Juanan siguen las intervenciones<\/p>\n<p><a href=\"http:\/\/blogs.deia.com\/anasagasti\/files\/2014\/05\/Vista-del-p\u00fablico-de-La-Casilla.jpg\"><img loading=\"lazy\" decoding=\"async\" class=\"alignleft size-medium wp-image-5139\" src=\"http:\/\/blogs.deia.com\/anasagasti\/files\/2014\/05\/Vista-del-p\u00fablico-de-La-Casilla-580x276.jpg\" alt=\"Vista del p\u00fablico de La Casilla\" width=\"580\" height=\"276\" srcset=\"https:\/\/blogs.deia.eus\/anasagasti\/files\/2014\/05\/Vista-del-p\u00fablico-de-La-Casilla-580x276.jpg 580w, https:\/\/blogs.deia.eus\/anasagasti\/files\/2014\/05\/Vista-del-p\u00fablico-de-La-Casilla-940x447.jpg 940w, https:\/\/blogs.deia.eus\/anasagasti\/files\/2014\/05\/Vista-del-p\u00fablico-de-La-Casilla.jpg 1300w\" sizes=\"auto, (max-width: 580px) 100vw, 580px\" \/><\/a>13.- Vista del p\u00fablico que llenaba el Pabell\u00f3n La Casilla<\/p>\n<p><a href=\"http:\/\/blogs.deia.com\/anasagasti\/files\/2014\/05\/Mucha-gente-joven.jpg\"><img loading=\"lazy\" decoding=\"async\" class=\"alignleft size-medium wp-image-5140\" src=\"http:\/\/blogs.deia.com\/anasagasti\/files\/2014\/05\/Mucha-gente-joven-580x397.jpg\" alt=\"Mucha gente joven\" width=\"580\" height=\"397\" srcset=\"https:\/\/blogs.deia.eus\/anasagasti\/files\/2014\/05\/Mucha-gente-joven-580x397.jpg 580w, https:\/\/blogs.deia.eus\/anasagasti\/files\/2014\/05\/Mucha-gente-joven-940x643.jpg 940w, https:\/\/blogs.deia.eus\/anasagasti\/files\/2014\/05\/Mucha-gente-joven.jpg 1176w\" sizes=\"auto, (max-width: 580px) 100vw, 580px\" \/><\/a>14.- Mucha gente joven<\/p>\n<p><a href=\"http:\/\/blogs.deia.com\/anasagasti\/files\/2014\/05\/Fin-de-fiesta.jpg\"><img loading=\"lazy\" decoding=\"async\" class=\"alignleft size-medium wp-image-5141\" src=\"http:\/\/blogs.deia.com\/anasagasti\/files\/2014\/05\/Fin-de-fiesta-580x490.jpg\" alt=\"Fin de fiesta\" width=\"580\" height=\"490\" srcset=\"https:\/\/blogs.deia.eus\/anasagasti\/files\/2014\/05\/Fin-de-fiesta-580x490.jpg 580w, https:\/\/blogs.deia.eus\/anasagasti\/files\/2014\/05\/Fin-de-fiesta-940x795.jpg 940w, https:\/\/blogs.deia.eus\/anasagasti\/files\/2014\/05\/Fin-de-fiesta.jpg 1084w\" sizes=\"auto, (max-width: 580px) 100vw, 580px\" \/><\/a>15.- Fin de fiesta<\/p>\n<p><a href=\"http:\/\/blogs.deia.com\/anasagasti\/files\/2014\/05\/Tres-Senadores.jpg\"><img loading=\"lazy\" decoding=\"async\" class=\"alignleft size-medium wp-image-5142\" src=\"http:\/\/blogs.deia.com\/anasagasti\/files\/2014\/05\/Tres-Senadores-580x443.jpg\" alt=\"Tres Senadores\" width=\"580\" height=\"443\" srcset=\"https:\/\/blogs.deia.eus\/anasagasti\/files\/2014\/05\/Tres-Senadores-580x443.jpg 580w, https:\/\/blogs.deia.eus\/anasagasti\/files\/2014\/05\/Tres-Senadores-940x719.jpg 940w, https:\/\/blogs.deia.eus\/anasagasti\/files\/2014\/05\/Tres-Senadores.jpg 1151w\" sizes=\"auto, (max-width: 580px) 100vw, 580px\" \/><\/a>16.- Tres Senadores<\/p>\n<p><a href=\"http:\/\/blogs.deia.com\/anasagasti\/files\/2014\/05\/Emilio-y-sus-hijas.jpg\"><img loading=\"lazy\" decoding=\"async\" class=\"alignleft size-medium wp-image-5143\" src=\"http:\/\/blogs.deia.com\/anasagasti\/files\/2014\/05\/Emilio-y-sus-hijas-580x445.jpg\" alt=\"Emilio y sus hijas\" width=\"580\" height=\"445\" srcset=\"https:\/\/blogs.deia.eus\/anasagasti\/files\/2014\/05\/Emilio-y-sus-hijas-580x445.jpg 580w, https:\/\/blogs.deia.eus\/anasagasti\/files\/2014\/05\/Emilio-y-sus-hijas-940x721.jpg 940w, https:\/\/blogs.deia.eus\/anasagasti\/files\/2014\/05\/Emilio-y-sus-hijas.jpg 1130w\" sizes=\"auto, (max-width: 580px) 100vw, 580px\" \/><\/a>17.- Emilio y sus hijas compran flores para Marisol<\/p>\n<p><a href=\"http:\/\/blogs.deia.com\/anasagasti\/files\/2014\/05\/Naiara-y-el-Lehendakari-Agirre.jpg\"><img loading=\"lazy\" decoding=\"async\" class=\"alignleft size-medium wp-image-5144\" src=\"http:\/\/blogs.deia.com\/anasagasti\/files\/2014\/05\/Naiara-y-el-Lehendakari-Agirre-580x946.jpg\" alt=\"Naiara y el Lehendakari Agirre\" width=\"580\" height=\"946\" srcset=\"https:\/\/blogs.deia.eus\/anasagasti\/files\/2014\/05\/Naiara-y-el-Lehendakari-Agirre-580x946.jpg 580w, https:\/\/blogs.deia.eus\/anasagasti\/files\/2014\/05\/Naiara-y-el-Lehendakari-Agirre.jpg 841w\" sizes=\"auto, (max-width: 580px) 100vw, 580px\" \/><\/a>18.- Naiara y el Lehendakari Agirre<\/p>\n<!-- AddThis Advanced Settings generic via filter on the_content --><!-- AddThis Share Buttons generic via filter on the_content -->","protected":false},"excerpt":{"rendered":"<p>S\u00e1bado 24 de mayo de 2014 Estas 18 fotos de una treintena las saqu\u00e9 en el Mitin de cierre celebrado como siempre en la Casilla de Bilbao, el viernes 23 de mayo de 2014. No son ninguna maravilla, porque tampoco soy ning\u00fan fot\u00f3grafo, pero he querido reflejar con estas dieciocho fotograf\u00edas lo que fue el &hellip; <a href=\"https:\/\/blogs.deia.eus\/anasagasti\/2014\/05\/24\/fotos-glosadas-mitin-fin-de-campana-elecciones-europeas-25-de-mayo-de-2014\/\" class=\"more-link\">Sigue leyendo <span class=\"screen-reader-text\">Fotos glosadas Mitin fin de campa\u00f1a Elecciones Europeas 25 de mayo de 2014.<\/span><\/a><!-- AddThis Advanced Settings generic via filter on get_the_excerpt --><!-- AddThis Share Buttons generic via filter on get_the_excerpt --><\/p>\n","protected":false},"author":19,"featured_media":0,"comment_status":"open","ping_status":"open","sticky":false,"template":"","format":"standard","meta":{"footnotes":""},"categories":[1],"tags":[],"class_list":["post-5127","post","type-post","status-publish","format-standard","hentry","category-general"],"_links":{"self":[{"href":"https:\/\/blogs.deia.eus\/anasagasti\/wp-json\/wp\/v2\/posts\/5127","targetHints":{"allow":["GET"]}}],"collection":[{"href":"https:\/\/blogs.deia.eus\/anasagasti\/wp-json\/wp\/v2\/posts"}],"about":[{"href":"https:\/\/blogs.deia.eus\/anasagasti\/wp-json\/wp\/v2\/types\/post"}],"author":[{"embeddable":true,"href":"https:\/\/blogs.deia.eus\/anasagasti\/wp-json\/wp\/v2\/users\/19"}],"replies":[{"embeddable":true,"href":"https:\/\/blogs.deia.eus\/anasagasti\/wp-json\/wp\/v2\/comments?post=5127"}],"version-history":[{"count":1,"href":"https:\/\/blogs.deia.eus\/anasagasti\/wp-json\/wp\/v2\/posts\/5127\/revisions"}],"predecessor-version":[{"id":5145,"href":"https:\/\/blogs.deia.eus\/anasagasti\/wp-json\/wp\/v2\/posts\/5127\/revisions\/5145"}],"wp:attachment":[{"href":"https:\/\/blogs.deia.eus\/anasagasti\/wp-json\/wp\/v2\/media?parent=5127"}],"wp:term":[{"taxonomy":"category","embeddable":true,"href":"https:\/\/blogs.deia.eus\/anasagasti\/wp-json\/wp\/v2\/categories?post=5127"},{"taxonomy":"post_tag","embeddable":true,"href":"https:\/\/blogs.deia.eus\/anasagasti\/wp-json\/wp\/v2\/tags?post=5127"}],"curies":[{"name":"wp","href":"https:\/\/api.w.org\/{rel}","templated":true}]}}