{"id":5147,"date":"2014-05-25T23:57:30","date_gmt":"2014-05-25T21:57:30","guid":{"rendered":"http:\/\/blogs.deia.com\/anasagasti\/?p=5147"},"modified":"2014-05-25T23:57:30","modified_gmt":"2014-05-25T21:57:30","slug":"mi-primera-valoracion-sobre-las-elecciones-europeas","status":"publish","type":"post","link":"https:\/\/blogs.deia.eus\/anasagasti\/2014\/05\/25\/mi-primera-valoracion-sobre-las-elecciones-europeas\/","title":{"rendered":"Mi primera valoraci\u00f3n sobre las Elecciones Europeas"},"content":{"rendered":"<p><strong><strong>Domingo 25 de mayo de 2014<\/strong><\/strong><\/p>\n<p>Son las diez de una noche larga y \u00e9sta es mi primera valoraci\u00f3n tipo flash.<\/p>\n<p>1.- Nuestras expectativas, se han cumplido. Izaskun Bilbao revalida como eurodiputada. Cinco a\u00f1os m\u00e1s de intenso trabajo. Y la Coalici\u00f3n con CIU, CC y Compromiso con Galiza ha cumplido. Me preocupa y mucho que ERC haya superado a CIU.<\/p>\n<p>2.- Las empresas de encuestas deber\u00edan ser m\u00e1s rigurosas. No dan una. Quieren agradar a los quienes les encargan el trabajo y hacen mal su cometido. Y no es la primera vez.<\/p>\n<p>3.- No ha ido para m\u00ed una sorpresa el resultado de Podemos. Conozco a Pablo Iglesias. Me ha llevado dos veces a su programa La Tuerca. Ha tenido visibilidad en Cuatro, La Sexta y Diario.es. Y el electorado agradece coherencia y mensaje claro y entendible. Y ha tenido un solo mensajero, no veinte.<\/p>\n<p>4.- El PSOE se ha vuelto a hundir. El PSOE es un PP bis y la gente est\u00e1 harta de este fraude. Su monarquismo, su falta de contundencia ante los abusos, su cambio constitucional, su melifluidad, se paga. La paga. La ha pagado.<\/p>\n<p>Eduardo Madina ha criticado a Josu Bergara sin vivir en Euzkadi siendo diputado por Bizkaia. Este fraude continuo la gente lo comprueba y le asquea y le pasa factura. La postura del PSN en Navarra ha sido indecorosa y tambi\u00e9n lo ha pagado.<\/p>\n<p>5.- El desprecio del PP hacia los partidos menores\u00a0 se ha comprobado como un tremendo error. Han irrumpido a pesar del cerco de la Casta. Y seguir\u00e1n subiendo. La gente est\u00e1 harta.<\/p>\n<p>6.- Los de EH Bildu est\u00e1n que se salen. Toda una vida despreciando la Europa en construcci\u00f3n y ahora acaban de descubrirla y est\u00e1n que se salen. El tiempo pondr\u00e1 en su sitio\u00a0 estas euforias. Prefiero que una nueva fuerza abertzale entre en liza, pero no estar\u00eda nada mal que se bajaran de la nube. Euzkadi es mayoritariamente abertzale.<\/p>\n<p>7.- El PP e Iturgaiz, se han dado la gran costalada. Los m\u00edtines de Quiroga contra el PNV han sido de traca. Su chuler\u00eda les ha pasado factura. \u00bfQu\u00e9 har\u00e1 ahora el acordeonista?.<\/p>\n<p>8.- El Bipartidismo, aunque diga que ha ganado, ha perdido. Y mucho. Empiezan a oler a muerto. O a moribundo. El Bipartidismo como tal. En Euzkadi el PSE ha perdido cien mil votos y el PP pierde de manera clamorosa. No logran el 50% de los votos y han perdido entre los dos cinco millones de votos.<\/p>\n<p>9.- UPyD ha gozado del apoyo de El Mundo, Es Radio, Intereconom\u00eda\u00a0 y de un discurso lerrouxista que en Espa\u00f1a existe. Y que vuelve por sus fueros. Quieren ca\u00f1a apoyados por la Brunete Medi\u00e1tica.<\/p>\n<p>10.- La circunscripci\u00f3n \u00fanica en Espa\u00f1a, en lugar de las ocho de Francia, nos perjudican siempre.<\/p>\n<p>11.- Los j\u00f3venes apenas han votado. En nuestro colegio electoral, la votaci\u00f3n ha sido hecha por los mayores de cuarenta a\u00f1os. Esto tiene que ser analizado en serio.<\/p>\n<p>12.- La abstenci\u00f3n tiene causa de la crisis econ\u00f3mica y de la crisis de la pol\u00edtica \u00a0y de la ignorancia de para qu\u00e9 sirve el Parlamento Europeo. TVE y ETB jam\u00e1s informan sobre \u00e9l, como tampoco lo hacen sobre el Senado. Y en una sociedad donde la democracia es un r\u00e9gimen de opini\u00f3n p\u00fablica\u00a0 si no hay visibilidad, no hay informaci\u00f3n y por tanto no hay votaci\u00f3n.<\/p>\n<p>13.- En este tipo de elecciones, muchas veces, no se vota a favor de algo, sino en contra de algo. PP y PSOE han llevado estas elecciones al terreno del bipartidismo en lugar de \u00a0al debate europeo y lo han pagado.<\/p>\n<p>14.- El debate sobre la inmigraci\u00f3n ha de ser abordado en serio y para quit\u00e1rselo a los partidos racistas y xen\u00f3fobos. Inquieta este ascenso. Como inquieta que Gran Breta\u00f1a no quiera ser parte de Europa. Que le dejen a Escocia serlo, si Inglaterra no la quiere. Pero es una mala noticia.<\/p>\n<!-- AddThis Advanced Settings generic via filter on the_content --><!-- AddThis Share Buttons generic via filter on the_content -->","protected":false},"excerpt":{"rendered":"<p>Domingo 25 de mayo de 2014 Son las diez de una noche larga y \u00e9sta es mi primera valoraci\u00f3n tipo flash. 1.- Nuestras expectativas, se han cumplido. Izaskun Bilbao revalida como eurodiputada. Cinco a\u00f1os m\u00e1s de intenso trabajo. Y la Coalici\u00f3n con CIU, CC y Compromiso con Galiza ha cumplido. Me preocupa y mucho que &hellip; <a href=\"https:\/\/blogs.deia.eus\/anasagasti\/2014\/05\/25\/mi-primera-valoracion-sobre-las-elecciones-europeas\/\" class=\"more-link\">Sigue leyendo <span class=\"screen-reader-text\">Mi primera valoraci\u00f3n sobre las Elecciones Europeas<\/span><\/a><!-- AddThis Advanced Settings generic via filter on get_the_excerpt --><!-- AddThis Share Buttons generic via filter on get_the_excerpt --><\/p>\n","protected":false},"author":19,"featured_media":0,"comment_status":"open","ping_status":"open","sticky":false,"template":"","format":"standard","meta":{"footnotes":""},"categories":[1],"tags":[],"class_list":["post-5147","post","type-post","status-publish","format-standard","hentry","category-general"],"_links":{"self":[{"href":"https:\/\/blogs.deia.eus\/anasagasti\/wp-json\/wp\/v2\/posts\/5147","targetHints":{"allow":["GET"]}}],"collection":[{"href":"https:\/\/blogs.deia.eus\/anasagasti\/wp-json\/wp\/v2\/posts"}],"about":[{"href":"https:\/\/blogs.deia.eus\/anasagasti\/wp-json\/wp\/v2\/types\/post"}],"author":[{"embeddable":true,"href":"https:\/\/blogs.deia.eus\/anasagasti\/wp-json\/wp\/v2\/users\/19"}],"replies":[{"embeddable":true,"href":"https:\/\/blogs.deia.eus\/anasagasti\/wp-json\/wp\/v2\/comments?post=5147"}],"version-history":[{"count":1,"href":"https:\/\/blogs.deia.eus\/anasagasti\/wp-json\/wp\/v2\/posts\/5147\/revisions"}],"predecessor-version":[{"id":5148,"href":"https:\/\/blogs.deia.eus\/anasagasti\/wp-json\/wp\/v2\/posts\/5147\/revisions\/5148"}],"wp:attachment":[{"href":"https:\/\/blogs.deia.eus\/anasagasti\/wp-json\/wp\/v2\/media?parent=5147"}],"wp:term":[{"taxonomy":"category","embeddable":true,"href":"https:\/\/blogs.deia.eus\/anasagasti\/wp-json\/wp\/v2\/categories?post=5147"},{"taxonomy":"post_tag","embeddable":true,"href":"https:\/\/blogs.deia.eus\/anasagasti\/wp-json\/wp\/v2\/tags?post=5147"}],"curies":[{"name":"wp","href":"https:\/\/api.w.org\/{rel}","templated":true}]}}