{"id":5149,"date":"2014-05-26T21:18:55","date_gmt":"2014-05-26T19:18:55","guid":{"rendered":"http:\/\/blogs.deia.com\/anasagasti\/?p=5149"},"modified":"2014-05-26T21:18:55","modified_gmt":"2014-05-26T19:18:55","slug":"segundas-reflexiones-electorales","status":"publish","type":"post","link":"https:\/\/blogs.deia.eus\/anasagasti\/2014\/05\/26\/segundas-reflexiones-electorales\/","title":{"rendered":"Segundas reflexiones electorales"},"content":{"rendered":"<p><strong><strong>Lunes 26 de mayo de 2014<\/strong><\/strong><\/p>\n<p>El domingo por la noche escrib\u00ed a vuela pluma catorce puntos de reflexi\u00f3n, tras una primera impresi\u00f3n. Perm\u00edtanme hacer otro tanto, tras lo o\u00eddo el d\u00eda despu\u00e9s.<\/p>\n<p>1.- Jes\u00fas Gil y Gil y Ruiz Mateos, ganaron su esca\u00f1o en Europa en unas elecciones. No quiero decir que algunos partidos son como aquellos personajes. Solo que unas elecciones europeas son especiales. Se pueden permitir experimentos con los que se cree gaseosa.<\/p>\n<p>2.- Mas sigue siendo el l\u00edder de la gran movida y propuesta \u00a0catalana. Se ver\u00e1 cuando vaya con su sigla. El pol\u00edtico catal\u00e1n que mayor credibilidad tiene ,es Mas. Y veremos qu\u00e9 pasa en Escocia. Salmond ha salido bien.<\/p>\n<p>3.- A Pablo Iglesias le llaman\u00a0 en tw Pablemos. Seguro que le importa un pito. En solo un a\u00f1o ha sido un buen tertuliano\u00a0 omnipresente en medios estrat\u00e9gicos, con\u00a0 un contundente \u00a0discurso del Cambio, una impactante argumentaci\u00f3n logrando \u00a0lo que Velasco Ibarra consegu\u00eda en Ecuador. \u00abDadme un balc\u00f3n y volver\u00e9 a ser presidente\u00bb. Lo ten\u00eda f\u00e1cil. El PSOE solo eran palabras vac\u00edas. Pero tiene m\u00e9rito.<\/p>\n<p>De Iglesias me gusta su determinaci\u00f3n. No su chavismo\u00a0 trabajado \u00a0con Juan Carlos Monedero. Si quiere eso para Espa\u00f1a, se estrella.<\/p>\n<p>Curiosamente cuando yo dej\u00e9 aquella tertulia en Cuatro,\u00a0el a\u00f1o pasado, entr\u00f3 Pablo Iglesias. En un a\u00f1o, a golpe de presencia, ha logrado un gran \u00e9xito. Tertulias, redes, prensa, medios aparentemente marginales, profesor universitario&#8230;.<\/p>\n<p>4.- Me gustar\u00eda saber la influencia de ELA en Navarra.<\/p>\n<p>5.- Entiendo que Bildu est\u00e9 exultante. Se dan cuenta que lo dicho por Fraga a Felipe Gonz\u00e1lez es verdad. \u00abSolo aciertan cuando rectifican\u00bb. Han pasado errados cincuenta a\u00f1os.<\/p>\n<p>6.- Dec\u00eda hoy Lizarbe. \u00abCuando hay un problema, como lo hubo en Navarra, y no lo solucionas porque en Ferraz te han desautorizado, \u00bfde qui\u00e9n es la culpa?. La gente quiere soluciones, no desautorizaciones\u00bb. Eso antes no se dec\u00eda. Les han hundido. Otro dirigente navarro del PSN me mandaba un mensaje: \u00abHemos dejado de defender lo que hab\u00edamos conquistado. y hemos\u00a0 perdido el monopolio de la defensa de nuestros logros. No nos quejemos\u00bb. Est\u00e1n\u00a0 desolados.<\/p>\n<p>7.- Patxi L\u00f3pez, Ram\u00f3n Jauregui, Benegas, Eduardo Madina, todos, como locos viven en Madrid y hacen pol\u00edtica fuera de Euzkadi. No hay el menor \u00a0liderazgo\u00a0 vasco sino la visi\u00f3n de Euskadi como un gran trampol\u00edn. \u00bfDe qu\u00e9 se quejan?.<\/p>\n<p>8.- Espa\u00f1a ha salvado los \u00edndices de participaci\u00f3n por Catalunya y algo de Euzkadi. \u00bfQui\u00e9nes son los europeos?.<\/p>\n<p>Inquietante que Francia y Gran Breta\u00f1a, los segundos y terceros pa\u00edses m\u00e1s poblados est\u00e9n en semejante antieuropeismo.<\/p>\n<p>9.- El PSOE no ha hecho estos a\u00f1os m\u00e1s que mirarse al ombligo. Me han recordado a los partidos Copei y Acci\u00f3n Democr\u00e1tica en Venezuela, antes de que llegara paco con la rebaja. La gente no quiere l\u00edos internos, sino soluciones a sus problemas.<\/p>\n<p>10.- Los partidos euroesc\u00e9pticos no quieren reformas, quieren reventar la Uni\u00f3n Europea. Y hay que actuar inteligentemente contra ellos y sus malas razones. Son el 25%, pero van a dar guerra.<\/p>\n<p>11.- \u00bfSe ha puesto a pensar Margallo, Mendez de Vigo, Van Rompuy, Barroso, Aznar y Rajoy que 6 de cada diez europeos se han quedado en casa. \u00bfQu\u00e9 han hecho para moverlos?<\/p>\n<p>12.- No se puede aplicar hoy el despostismo ilustrado de la Europa de los estados (porque no es de los ciudadanos) creyendo que se puede trabajar por Europa, pero sin los europeos. La gente te da la espalda y si adem\u00e1s no te entiende y viene una troika al servicio de Alemania, no de las ideas de los padres fundadores, pues pasa lo que pasa. Sin liderazgo europeo esto no funciona.<\/p>\n<p>13.- Conf\u00edo que el PSOE le haga a Felipe Gonzalez un homenaje por su apuesta por el bipartidismo. Se luci\u00f3.<\/p>\n<p>14.- Vox no ha perdido. est\u00e1 en UP y D.<\/p>\n<p>15.- Estar\u00eda bien que Escocia siguiera en la UE e Inglaterra se saliera con el UKIP. Cosas m\u00e1s raras se han visto.<\/p>\n<p>16.- En la Comisi\u00f3n Mixta de la Uni\u00f3n Europea, Mendez de Vigo me dijo que no le gustaban las emociones fuertes. Ah\u00ed est\u00e1n los resultados de su mansedumbre.<\/p>\n<p>17.- Troika, jueces expulsados, Blesas, Barcenas, Corrupci\u00f3n, Infanta intocable. madrastra alemana, p\u00e9rdida de Cajas de Ahorro, un rey golfeando, sanidad tocada, copagos, educaci\u00f3n cuarteada, j\u00f3venes march\u00e1ndose, Cortes Generales muertas, Senado moribundo, un Fiscal General clamando porque no puede luchar contra la corrupci\u00f3n. Gamonal, choque contra Catalunya. \u00bfSe quejan?<\/p>\n<p>18.- \u00a0En la noche electoral fue m\u00e1s importante el 4 a 1 del Real Madrid que las elecciones europeas. Pan y Circo.<\/p>\n<p>19.- El joven no quiere esta Uni\u00f3n Europea. No ha votado. Y el resultado es una d\u00e9bil legitimidad. Y un resultado inquietante.<\/p>\n<p>20.- La pedagog\u00eda espa\u00f1ola en cinco a\u00f1os sobre el Parlamento Europeo ha sido nula. \u00bfC\u00f3mo se puede votar lo que se desconoce?. Y resulta que en Bruselas hay treinta mil lobis. Y es que las leyes del Parlamento nos afectan en nuestro d\u00eda a d\u00eda. Y la gente sin enterarse.<\/p>\n<p>&nbsp;<\/p>\n<p>&nbsp;<\/p>\n<p>&nbsp;<\/p>\n<p>&nbsp;<\/p>\n<p>&nbsp;<\/p>\n<!-- AddThis Advanced Settings generic via filter on the_content --><!-- AddThis Share Buttons generic via filter on the_content -->","protected":false},"excerpt":{"rendered":"<p>Lunes 26 de mayo de 2014 El domingo por la noche escrib\u00ed a vuela pluma catorce puntos de reflexi\u00f3n, tras una primera impresi\u00f3n. Perm\u00edtanme hacer otro tanto, tras lo o\u00eddo el d\u00eda despu\u00e9s. 1.- Jes\u00fas Gil y Gil y Ruiz Mateos, ganaron su esca\u00f1o en Europa en unas elecciones. No quiero decir que algunos partidos &hellip; <a href=\"https:\/\/blogs.deia.eus\/anasagasti\/2014\/05\/26\/segundas-reflexiones-electorales\/\" class=\"more-link\">Sigue leyendo <span class=\"screen-reader-text\">Segundas reflexiones electorales<\/span><\/a><!-- AddThis Advanced Settings generic via filter on get_the_excerpt --><!-- AddThis Share Buttons generic via filter on get_the_excerpt --><\/p>\n","protected":false},"author":19,"featured_media":0,"comment_status":"open","ping_status":"open","sticky":false,"template":"","format":"standard","meta":{"footnotes":""},"categories":[1],"tags":[],"class_list":["post-5149","post","type-post","status-publish","format-standard","hentry","category-general"],"_links":{"self":[{"href":"https:\/\/blogs.deia.eus\/anasagasti\/wp-json\/wp\/v2\/posts\/5149","targetHints":{"allow":["GET"]}}],"collection":[{"href":"https:\/\/blogs.deia.eus\/anasagasti\/wp-json\/wp\/v2\/posts"}],"about":[{"href":"https:\/\/blogs.deia.eus\/anasagasti\/wp-json\/wp\/v2\/types\/post"}],"author":[{"embeddable":true,"href":"https:\/\/blogs.deia.eus\/anasagasti\/wp-json\/wp\/v2\/users\/19"}],"replies":[{"embeddable":true,"href":"https:\/\/blogs.deia.eus\/anasagasti\/wp-json\/wp\/v2\/comments?post=5149"}],"version-history":[{"count":1,"href":"https:\/\/blogs.deia.eus\/anasagasti\/wp-json\/wp\/v2\/posts\/5149\/revisions"}],"predecessor-version":[{"id":5150,"href":"https:\/\/blogs.deia.eus\/anasagasti\/wp-json\/wp\/v2\/posts\/5149\/revisions\/5150"}],"wp:attachment":[{"href":"https:\/\/blogs.deia.eus\/anasagasti\/wp-json\/wp\/v2\/media?parent=5149"}],"wp:term":[{"taxonomy":"category","embeddable":true,"href":"https:\/\/blogs.deia.eus\/anasagasti\/wp-json\/wp\/v2\/categories?post=5149"},{"taxonomy":"post_tag","embeddable":true,"href":"https:\/\/blogs.deia.eus\/anasagasti\/wp-json\/wp\/v2\/tags?post=5149"}],"curies":[{"name":"wp","href":"https:\/\/api.w.org\/{rel}","templated":true}]}}