{"id":5151,"date":"2014-05-27T21:39:41","date_gmt":"2014-05-27T19:39:41","guid":{"rendered":"http:\/\/blogs.deia.com\/anasagasti\/?p=5151"},"modified":"2014-05-27T21:39:41","modified_gmt":"2014-05-27T19:39:41","slug":"debatillo-con-floren-aoiz","status":"publish","type":"post","link":"https:\/\/blogs.deia.eus\/anasagasti\/2014\/05\/27\/debatillo-con-floren-aoiz\/","title":{"rendered":"Debatillo con Floren Aoiz"},"content":{"rendered":"<p><strong><strong>Martes 27 de mayo de 2014<\/strong><\/strong><\/p>\n<p><a href=\"http:\/\/blogs.deia.com\/anasagasti\/files\/2014\/05\/608.14.jpg\"><img loading=\"lazy\" decoding=\"async\" class=\"alignleft size-full wp-image-5152\" src=\"http:\/\/blogs.deia.com\/anasagasti\/files\/2014\/05\/608.14.jpg\" alt=\"608.14\" width=\"305\" height=\"171\" \/><\/a>El pasado lunes 26, fue d\u00eda de an\u00e1lisis post electoral, me llamaron del programa de Silvia Intxaurrondo para participar en una tertulia del mediod\u00eda. En Miram\u00f3n estaba Silvia, as\u00ed como Ainhoa, Alfredo y Ram\u00f3n. En Iru\u00f1a, Floren Aoiz quien fuera portavoz de HB.<\/p>\n<p>Hab\u00eda varios asuntos en la mesa. El anuncio de la dimisi\u00f3n de P\u00e9rez Rubalcaba, los resultados del PSE, la abstenci\u00f3n, el ascenso en Francia y Gran Breta\u00f1a de la extrema derecha y del euroescepticismo y los resultados del PNV y EH Bildu que algunos quieren inscribirlos en un nuevo bipartidismo, derecha-izquierda.<\/p>\n<p>Hice un comentario sobre lo expresado por Andoni Ortuzar en relaci\u00f3n con que Euzkadi es m\u00e1s abertzale y que me felicitaba que Bildu hubiera apostado por la idea europea y su participaci\u00f3n electoral frente a a\u00f1os de decir que ellos no estaban en ese par\u00e1metro. Landa, Gorostiaga han sido eurodiputados y todav\u00eda recuerdo el \u00e1cido enfrentamiento en un debate electoral entre Carmelo Landa y Josu Jon Imaz.<\/p>\n<p>En su intervenci\u00f3n, Aoiz estuvo falt\u00f3n argumentando que ellos eran lo nuevo frente a nuestra vieja cartograf\u00eda europea y nos encasill\u00f3 en el conservadurismo. Los tics de este mundo olvidan su deplorable historia de entrega a la violencia como m\u00e9todo de resoluci\u00f3n de los problemas de una sociedad y nos encasilla en la derecha, cuando la dilatada historia del PNV dice otra cosa bien distinta. Un partido de centro izquierda que efectivamente quiere conservar las se\u00f1as de identidad de un pueblo basado en valores. Y para tratar de ponerme nervioso dijo que est\u00e1bamos nerviosos. Viejo truco para sacarle a uno de quicio y perder el debate.<\/p>\n<p>Sinceramente yo no estaba nervioso sino estupefacto porque seguidamente dijo que ten\u00edamos que entendernos. Terci\u00f3 la brava Ainhoa que le record\u00f3 su negativa a jugar institucionalmente, el apoyo del PNV en Gipuzkoa a Bildu para que pudieran gobernar sin violentar la voluntad popular, y sus silencios y falta de programa.<\/p>\n<p>Volvi\u00f3 a repetir lo de la cartograf\u00eda antigua. \u201cSi, la de Euzkadi Europa del 32. La de Aguirre y Landaburu pidiendo la Europa de los pueblos. Si, la del Movimiento Europeo. Si, la del trabajo ingente de Izaskun Bilbao\u201d le dije. Y es que esta gente pone al pasado como un lastre. Ser\u00e1 por el que tienen. Porque hay pasados y pasados. Y el nuestro es limpio y ah\u00ed est\u00e1. Y le record\u00e9 que su modelo fue en su d\u00eda Albania.<\/p>\n<p>Fr\u00edo, como un t\u00e9mpano, este Floren Aoiz, que es un tipo inteligente, no me puso nervioso, sino me asust\u00f3. Me pon\u00eda nervioso cuando buscaba adjetivos para justificar los atentados de ETA. Aquello si me pon\u00eda nervioso. Pero de eso no quiere acordarse. Como el PP de su pasado. Inquietante.<\/p>\n<p>Bildu solo acierta, cuando rectifica.<\/p>\n<p>&nbsp;<\/p>\n<!-- AddThis Advanced Settings generic via filter on the_content --><!-- AddThis Share Buttons generic via filter on the_content -->","protected":false},"excerpt":{"rendered":"<p>Martes 27 de mayo de 2014 El pasado lunes 26, fue d\u00eda de an\u00e1lisis post electoral, me llamaron del programa de Silvia Intxaurrondo para participar en una tertulia del mediod\u00eda. En Miram\u00f3n estaba Silvia, as\u00ed como Ainhoa, Alfredo y Ram\u00f3n. En Iru\u00f1a, Floren Aoiz quien fuera portavoz de HB. Hab\u00eda varios asuntos en la mesa. &hellip; <a href=\"https:\/\/blogs.deia.eus\/anasagasti\/2014\/05\/27\/debatillo-con-floren-aoiz\/\" class=\"more-link\">Sigue leyendo <span class=\"screen-reader-text\">Debatillo con Floren Aoiz<\/span><\/a><!-- AddThis Advanced Settings generic via filter on get_the_excerpt --><!-- AddThis Share Buttons generic via filter on get_the_excerpt --><\/p>\n","protected":false},"author":19,"featured_media":0,"comment_status":"open","ping_status":"open","sticky":false,"template":"","format":"standard","meta":{"footnotes":""},"categories":[1],"tags":[],"class_list":["post-5151","post","type-post","status-publish","format-standard","hentry","category-general"],"_links":{"self":[{"href":"https:\/\/blogs.deia.eus\/anasagasti\/wp-json\/wp\/v2\/posts\/5151","targetHints":{"allow":["GET"]}}],"collection":[{"href":"https:\/\/blogs.deia.eus\/anasagasti\/wp-json\/wp\/v2\/posts"}],"about":[{"href":"https:\/\/blogs.deia.eus\/anasagasti\/wp-json\/wp\/v2\/types\/post"}],"author":[{"embeddable":true,"href":"https:\/\/blogs.deia.eus\/anasagasti\/wp-json\/wp\/v2\/users\/19"}],"replies":[{"embeddable":true,"href":"https:\/\/blogs.deia.eus\/anasagasti\/wp-json\/wp\/v2\/comments?post=5151"}],"version-history":[{"count":1,"href":"https:\/\/blogs.deia.eus\/anasagasti\/wp-json\/wp\/v2\/posts\/5151\/revisions"}],"predecessor-version":[{"id":5153,"href":"https:\/\/blogs.deia.eus\/anasagasti\/wp-json\/wp\/v2\/posts\/5151\/revisions\/5153"}],"wp:attachment":[{"href":"https:\/\/blogs.deia.eus\/anasagasti\/wp-json\/wp\/v2\/media?parent=5151"}],"wp:term":[{"taxonomy":"category","embeddable":true,"href":"https:\/\/blogs.deia.eus\/anasagasti\/wp-json\/wp\/v2\/categories?post=5151"},{"taxonomy":"post_tag","embeddable":true,"href":"https:\/\/blogs.deia.eus\/anasagasti\/wp-json\/wp\/v2\/tags?post=5151"}],"curies":[{"name":"wp","href":"https:\/\/api.w.org\/{rel}","templated":true}]}}