{"id":5157,"date":"2014-05-28T21:09:19","date_gmt":"2014-05-28T19:09:19","guid":{"rendered":"http:\/\/blogs.deia.com\/anasagasti\/?p=5157"},"modified":"2014-05-28T21:11:23","modified_gmt":"2014-05-28T19:11:23","slug":"miguel-arias-canete-se-toma-a-chufla-el-exilio-de-los-jovenes-sin-trabajo","status":"publish","type":"post","link":"https:\/\/blogs.deia.eus\/anasagasti\/2014\/05\/28\/miguel-arias-canete-se-toma-a-chufla-el-exilio-de-los-jovenes-sin-trabajo\/","title":{"rendered":"Miguel Arias Ca\u00f1ete se toma a chufla el exilio de los j\u00f3venes sin trabajo"},"content":{"rendered":"<p><strong><strong>Mi\u00e9rcoles 28 de mayo de 2014<\/strong><\/strong><\/p>\n<p><a href=\"http:\/\/blogs.deia.com\/anasagasti\/files\/2014\/05\/576.14.jpg\"><img loading=\"lazy\" decoding=\"async\" class=\"alignleft size-medium wp-image-5160\" src=\"http:\/\/blogs.deia.com\/anasagasti\/files\/2014\/05\/576.14-580x273.jpg\" alt=\"576.14\" width=\"580\" height=\"273\" srcset=\"https:\/\/blogs.deia.eus\/anasagasti\/files\/2014\/05\/576.14-580x273.jpg 580w, https:\/\/blogs.deia.eus\/anasagasti\/files\/2014\/05\/576.14.jpg 645w\" sizes=\"auto, (max-width: 580px) 100vw, 580px\" \/><\/a>M\u00e1s all\u00e1 del rev\u00e9s personal que para miles de espa\u00f1oles supone tener que dejar su pa\u00eds forzados por la falta de trabajo, resulta una obviedad que en el caso de los m\u00e1s preparados, en la mayor\u00eda de los casos formados en universidades p\u00fablicas, supone una merma para el pa\u00eds de origen que ha invertido en ellos. De ah\u00ed que resulte chocante que ante las numerosas declaraciones del Gobierno espa\u00f1ol y del PP presentando la emigraci\u00f3n laboral como algo positivo haya tenido que ser desde un pa\u00eds beneficiado por la fuga de talento, Alemania, donde recuerden a Mariano Rajoy que eso tiene un alto coste.<\/p>\n<p><strong>Efectos en el crecimiento de los pa\u00edses<\/strong><\/p>\n<p>El ministro alem\u00e1n de Econom\u00eda, Sigmar Gabriel, mostr\u00f3 su preocupaci\u00f3n por los efectos que tendr\u00e1 en pa\u00edses como Espa\u00f1a y Portugal la marcha de j\u00f3venes preparados a otros pa\u00edses ante la falta de perspectivas laborales. En una comparecencia para presentar el \u00faltimo informe de la OCDE sobre Alemania junto al secretario general de esta instituci\u00f3n, \u00c1ngel Gurr\u00eda, Gabriel abord\u00f3 las \u201cventajas y desventajas\u201d que van a tener para pa\u00edses emisores y receptores de los flujos migratorios dentro de la Uni\u00f3n Europea (UE) por motivos laborales. \u201cMe preocupa que vengan a Alemania aquellos que m\u00e1s pueden contribuir al crecimiento en sus pa\u00edses\u201d, dijo el ministro y vicecanciller alem\u00e1n tras referirse expl\u00edcitamente a Portugal y Espa\u00f1a.<\/p>\n<p>Gabriel agreg\u00f3 que esta fuga de cerebros reduce el potencial de crecimiento futuro de los pa\u00edses en crisis del sur de la eurozona. \u201cLa Comisi\u00f3n Europea deber\u00eda hacer m\u00e1s para fomentar el crecimiento en estos pa\u00edses\u201d, agreg\u00f3 Gabriel, a la saz\u00f3n presidente del Partido Socialdem\u00f3crata Alem\u00e1n (SPD), el socio minoritario de la coalici\u00f3n de gobierno en Berl\u00edn.<\/p>\n<p><strong>Mientras el PP se lo toma a broma, entre otros Ca\u00f1ete<\/strong><\/p>\n<p>El Gobierno espa\u00f1ol lleva meses intentando ofrecer la visi\u00f3n contraria sobre las bondades de la emigraci\u00f3n laboral. Uno de los ejemplos m\u00e1s significativos es el del exministro de Agricultura y actual candidato del PP a la Euroc\u00e1mara, Miguel \u00c1ngel Arias Ca\u00f1ete, que cuando le preguntaron por el \u00e9xodo de ingenieros <a href=\"http:\/\/www.elplural.com\/2013\/10\/28\/la-desfachatez-de-arias-canete-no-tiene-limites-ve-enriquecedor-que-los-jovenes-tengan-que-marcharse-al-exterior\/\"><span style=\"color: #000000\">habl\u00f3 de \u201cexperiencia enriquecedora\u201d<\/span><\/a>\u00a0y se present\u00f3 como referente porque hab\u00eda sido eurodiputado durante 13 a\u00f1os -un cargo con m\u00e1s de 6.000 euros de sueldo mensual y que no obliga a fijar residencia en Bruselas, como han demostrado eurodiputados del PP con m\u00e1s presencia en Madrid que all\u00ed-. Pero es que el n\u00famero dos de la candidatura del PP, Esteban Gonz\u00e1lez Pons, <a href=\"http:\/\/www.elplural.com\/2013\/06\/03\/la-sensibilidad-de-gonzalez-pons-hacia-el-exodo-juvenil-trabajar-en-la-ue-es-como-trabajar-en-casa\/\"><span style=\"color: #000000\">tambi\u00e9n defend\u00eda una particular y optimista versi\u00f3n del exilio laboral dentro de las fronteras europeas: \u201cTrabajar en la UE es como trabajar en casa\u201d<\/span><\/a>. \u00bfY estos ser\u00e1n los encargados de defender los intereses de Espa\u00f1a ante pa\u00edses m\u00e1s conscientes que ellos de los problemas de su pa\u00eds?<\/p>\n<p>&nbsp;<\/p>\n<p>&nbsp;<\/p>\n<!-- AddThis Advanced Settings generic via filter on the_content --><!-- AddThis Share Buttons generic via filter on the_content -->","protected":false},"excerpt":{"rendered":"<p>Mi\u00e9rcoles 28 de mayo de 2014 M\u00e1s all\u00e1 del rev\u00e9s personal que para miles de espa\u00f1oles supone tener que dejar su pa\u00eds forzados por la falta de trabajo, resulta una obviedad que en el caso de los m\u00e1s preparados, en la mayor\u00eda de los casos formados en universidades p\u00fablicas, supone una merma para el pa\u00eds &hellip; <a href=\"https:\/\/blogs.deia.eus\/anasagasti\/2014\/05\/28\/miguel-arias-canete-se-toma-a-chufla-el-exilio-de-los-jovenes-sin-trabajo\/\" class=\"more-link\">Sigue leyendo <span class=\"screen-reader-text\">Miguel Arias Ca\u00f1ete se toma a chufla el exilio de los j\u00f3venes sin trabajo<\/span><\/a><!-- AddThis Advanced Settings generic via filter on get_the_excerpt --><!-- AddThis Share Buttons generic via filter on get_the_excerpt --><\/p>\n","protected":false},"author":19,"featured_media":0,"comment_status":"open","ping_status":"open","sticky":false,"template":"","format":"standard","meta":{"footnotes":""},"categories":[1],"tags":[],"class_list":["post-5157","post","type-post","status-publish","format-standard","hentry","category-general"],"_links":{"self":[{"href":"https:\/\/blogs.deia.eus\/anasagasti\/wp-json\/wp\/v2\/posts\/5157","targetHints":{"allow":["GET"]}}],"collection":[{"href":"https:\/\/blogs.deia.eus\/anasagasti\/wp-json\/wp\/v2\/posts"}],"about":[{"href":"https:\/\/blogs.deia.eus\/anasagasti\/wp-json\/wp\/v2\/types\/post"}],"author":[{"embeddable":true,"href":"https:\/\/blogs.deia.eus\/anasagasti\/wp-json\/wp\/v2\/users\/19"}],"replies":[{"embeddable":true,"href":"https:\/\/blogs.deia.eus\/anasagasti\/wp-json\/wp\/v2\/comments?post=5157"}],"version-history":[{"count":4,"href":"https:\/\/blogs.deia.eus\/anasagasti\/wp-json\/wp\/v2\/posts\/5157\/revisions"}],"predecessor-version":[{"id":5162,"href":"https:\/\/blogs.deia.eus\/anasagasti\/wp-json\/wp\/v2\/posts\/5157\/revisions\/5162"}],"wp:attachment":[{"href":"https:\/\/blogs.deia.eus\/anasagasti\/wp-json\/wp\/v2\/media?parent=5157"}],"wp:term":[{"taxonomy":"category","embeddable":true,"href":"https:\/\/blogs.deia.eus\/anasagasti\/wp-json\/wp\/v2\/categories?post=5157"},{"taxonomy":"post_tag","embeddable":true,"href":"https:\/\/blogs.deia.eus\/anasagasti\/wp-json\/wp\/v2\/tags?post=5157"}],"curies":[{"name":"wp","href":"https:\/\/api.w.org\/{rel}","templated":true}]}}