{"id":5163,"date":"2014-05-29T19:48:14","date_gmt":"2014-05-29T17:48:14","guid":{"rendered":"http:\/\/blogs.deia.com\/anasagasti\/?p=5163"},"modified":"2014-05-29T19:48:14","modified_gmt":"2014-05-29T17:48:14","slug":"nos-visitan-senadores-mexicanos","status":"publish","type":"post","link":"https:\/\/blogs.deia.eus\/anasagasti\/2014\/05\/29\/nos-visitan-senadores-mexicanos\/","title":{"rendered":"Nos visitan senadores mexicanos"},"content":{"rendered":"<p><strong><strong>Jueves 29 de mayo de 2014<\/strong><\/strong><\/p>\n<p>El martes nos visit\u00f3 una delegaci\u00f3n del Senado de M\u00e9xico encabezada por su Presidente Paul Cervantes, un jurista de hablar pausado y gran erudici\u00f3n. Llenaron la sala Broseta; eran 6 senadores del PRI, cinco del PAN, dos verdes, dos del PRD y uno del PT\u00a0acompa\u00f1ados de personal administrativo. Un gent\u00edo.<\/p>\n<p>Antes de entrar en la sala hab\u00eda visto por el monitor que tenemos en el despacho y en el canal chavista, Telesur, c\u00f3mo tras la primera vuelta de las elecciones en Colombia y la pelea entre Santos y Zuloaga, este canal\u00a0 le daba toda la cancha al presidente actual, Eduardo \u00a0Santos, su antigua bestia negra diciendo que lo apoyaban en la segunda vuelta \u00a0frente al candidato de Uribe porque quieren que llegue la paz a Colombia. \u00a1Cosas veredes Sancho!. Tambi\u00e9n que el presidente de Ecuador hab\u00eda puesto ese d\u00eda la maquinaria parlamentaria en marcha \u00a0para\u00a0 cambiar la Constituci\u00f3n y lo puedan\u00a0reelegir. Chavismo en estado puro.<\/p>\n<p>Fue interesante la exposici\u00f3n del presidente del Senado mexicano. Mostraron su satisfacci\u00f3n por el Pacto con M\u00e9xico que les ha llevado a varias reformas, incluso toleradas, aunque no muy apoyadas por el PRD. Su senador, al final de la reuni\u00f3n, me regal\u00f3 dos mexicanitos hechos de paja muy bonitos. Se lo agradec\u00ed.<\/p>\n<p>Les pregunt\u00e9 por aquella frase revolucionaria de \u00abSufragio Efectivo, No Reelecci\u00f3n\u00bb. La no reelecci\u00f3n le daba mucha inestabilidad a la pol\u00edtica mexicana porque imped\u00eda un buen control del ejecutivo y parece que la van a cambiar. Les\u00a0 coment\u00e9 \u00a0que hab\u00eda o\u00eddo en la radio ese d\u00eda como la empresa Vicrala se acaba de instalar en M\u00e9xico para fabricar esos vasos de 600 gramos para chiquitos y hasta para plantas con vistas tambi\u00e9n \u00a0al mercado norteamericano y\u00a0lo \u00a0interesante de la operaci\u00f3n. Euzkadi mira a M\u00e9xico y a su amplio mercado. Y todos los d\u00edas hay alguna noticia al respecto. Y esa era bonita. Como dice la canci\u00f3n: Tomando vino nos conoce hasta el Papa&#8230;.<\/p>\n<p>El presidente del Senado, Paul Cervantes nos explic\u00f3 las reformas que est\u00e1n llevando a cabo en su pa\u00eds. Son estas:<\/p>\n<p><strong>Reformas constitucionales y desarrollo legislativo<\/strong><\/p>\n<p>En este a\u00f1o y medio de gobierno, el Presidente Pe\u00f1a Nieto ha logrado en gran medida su objetivo, recogido en el Pacto por M\u00e9xico -suscrito en diciembre de 2012 por los tres grandes partidos- de sacar adelante los proyectos de grandes reformas estructurales (educativa, fiscal, financiera, telecomunicaciones, transparencia, energ\u00e9tica y pol\u00edtica\u00ad-electoral). El reto para 2014 es sacar adelante las leyes secundarias de desarrollo y ejecuci\u00f3n de estas reformas constitucionales.<\/p>\n<p>Con la aprobaci\u00f3n por el Congreso de la reforma energ\u00e9tica el 12 de diciembre de 2013, el Pacto por M\u00e9xico qued\u00f3 formalmente superado, aunque sigue el di\u00e1logo y un cierto de coordinaci\u00f3n entre los tres principales partidos (PRI, Partido de la Revoluci\u00f3n Institucional, PAN, Partido de Acci\u00f3n Nacional y PRD, Partido de la Revoluci\u00f3n Democr\u00e1tica).<\/p>\n<p>Hasta la fecha se han completado las reformas educativa, financiera y fiscal con la aprobaci\u00f3n de su legislaci\u00f3n secundaria.<\/p>\n<p><strong><strong>Reforma educativa.<\/strong><\/strong><\/p>\n<p>Promulgada en enero de 2013. Su elemento m\u00e1s relevante es que por ley se fijar\u00e1n los criterios, t\u00e9rminos y condiciones de la evaluaci\u00f3n obligatoria para el ingreso, la promoci\u00f3n, el reconocimiento y la permanencia en el servicio profesional de la ense\u00f1anza.<\/p>\n<p>&nbsp;<\/p>\n<p><strong><strong>Reforma financiera.<\/strong><\/strong><\/p>\n<p>Promulgada en enero de 2014, posibilitar\u00e1 un mayor nivel de cr\u00e9dito entre los mexicanos, las peque\u00f1as y medianas empresas y ello tendr\u00e1 impacto en el crecimiento de la econom\u00eda y en la generaci\u00f3n de empleos.<\/p>\n<p>&nbsp;<\/p>\n<p><strong><strong>Reforma fiscal.<\/strong><\/strong><\/p>\n<p>Aprobada en octubre de 2013. Prev\u00e9 generar una recaudaci\u00f3n de impuestos adicional del 1,4 %\u00a0 del PIB en su primer a\u00f1o en vigor para representar el 2,9% en 2018. Su objetivo principal es acelerar el crecimiento econ\u00f3mico, simplificar el sistema tributario actual, ampliar la base de contribuyentes con la incorporaci\u00f3n de la econom\u00eda informal, eliminar reg\u00edmenes especiales y hacer que el sistema fiscal sea m\u00e1s justo y progresivo y se pase de una recaudaci\u00f3n fiscal que en la actualidad se ubica por debajo del 10% del PIB, la m\u00e1s baja de la OCDE, a un 16-18% en cinco a\u00f1os. Por primera vez se contempla una pensi\u00f3n universal y un seguro de desempleo.<\/p>\n<p>&nbsp;<\/p>\n<p><strong><strong>Ley Federal de la Competencia Econ\u00f3mica.<\/strong><\/strong><\/p>\n<p>Aprobada definitivamente el pasado 29 de abril, busca, mediante la regulaci\u00f3n de un \u00f3rgano aut\u00f3nomo, independiente e imparcial en materia de competencia econ\u00f3mica, acabar con las pr\u00e1cticas monopol\u00edsticas y dem\u00e1s conductas anticompetitivas.<\/p>\n<p>El curso legislativo 2014 se inici\u00f3 por tanto con grandes expectativas que a la postre han producido escasos resultados y una considerable \u00absobrecarga o atasco legislativo\u00bb de m\u00e1s de un centenar de iniciativas y reformas pendientes muy dif\u00edcil de procesar. As\u00ed concluido el per\u00edodo ordinario de sesiones del 1 de febrero al 30 de abril de 2014, el Congreso ya ha acordado que, al menos, la legislaci\u00f3n secundaria en materia pol\u00edtico-electoral se discuta en el <em>per\u00edodo extraordinario convocado para los d\u00edas 14 y 15 de mayo, <\/em>mientras que las leyes de telecomunicaciones y energ\u00e9ticas se discutir\u00edan en un posterior periodo extraordinario a mediados de junio.<\/p>\n<p>De esta manera en este primer periodo ordinario de sesiones de 2014 tan solo se han aprobado el C\u00f3digo Nacional de Procedimientos Penales \u00danico, la Ley de Federal de la Consulta Popular, la Ley Federal de la Competencia Econ\u00f3mica y se ha procedido elegir a los once consejeros del Instituto Nacional Electoral (INE) y a los siete comisionados del Instituto Federal de Acceso a la Informaci\u00f3n y Protecci\u00f3n de Datos (IFAI).<\/p>\n<p>Pendientes por tanto las siguientes grandes iniciativas legislativas:<\/p>\n<p><strong><strong>Reforma de las telecomunicaciones.<\/strong><\/strong><\/p>\n<p>Su objetivo es romper los monopolios en este sector, promover la competencia y la inversi\u00f3n extranjera, y asegurar la cobertura universal de los servicios de televisi\u00f3n, radio, telefon\u00eda y datos, as\u00ed como buenos precios, calidad y diversidad de contenidos.<\/p>\n<p>Reforma que afecta directamente a tres de los empresarios m\u00e1s influyentes del pa\u00eds: Carlos Slim, cuya compa\u00f1\u00eda Am\u00e9rica M\u00f3vil controla el 70% de las l\u00edneas de telefon\u00eda fija (Telmex) y el 75% de los m\u00f3viles (Telcel) y servicios de banda ancha; y a Emilio Azc\u00e1rraga y Ricardo Salinas Pliego, due\u00f1os, respectivamente, de las cadenas Televisa y TV Azteca, cuya cuota de pantalla combinada llega al 96%.<\/p>\n<p><strong><strong>Reforma energ\u00e9tica.\u00a0<\/strong><\/strong><\/p>\n<p>La gran reforma de este gobierno, que supone la ruptura de viejos paradigmas nacionalistas hasta ahora intocables en este pa\u00eds. Esta reforma constitucional es, como ninguna otra, trascendental para la cultura pol\u00edtica y el devenir econ\u00f3mico de este pa\u00eds, pues modifica de manera hist\u00f3rica el modelo de producci\u00f3n de petr\u00f3leo que se manten\u00eda vigente desde la expropiaci\u00f3n de 1938.<\/p>\n<p>Implica elaborar o modificar un total de 28 leyes secundarias. Se mantiene la propiedad de los hidrocarburos por parte del Estado, pero al mismo tiempo, Pemex y la Comisi\u00f3n Federal de Electricidad (CFE) pasan de ser organismos descentralizados a \u00abempresas productivas del Estado\u00bb, cuya operaci\u00f3n se sustentar\u00e1 en criterios de eficacia, productividad y transparencia y que competir\u00e1n con otras empresas interesadas en hacer contratos con el Gobierno mexicano. En materia de exploraci\u00f3n y extracci\u00f3n de hidrocarburos, el Estado mexicano podr\u00e1 celebrar contratos con el sector privado en diversas modalidades.<\/p>\n<p><strong><strong>Reforma pol\u00edtico-electoral.<\/strong><\/strong><\/p>\n<p>El sistema pol\u00edtico electoral mexicano es complejo, y se ha ido construyendo sobre la base de sucesivos retoques a lo largo de d\u00e9cadas hasta permitir la transici\u00f3n pol\u00edtica que signific\u00f3 la llegada del PAN al poder. Sin embargo, este partido ha exigido nuevas reformas pol\u00edticas para contrarrestar el enorme poder que sigue conservando el PRI a cambio de su apoyo a otras reformas.<\/p>\n<p>Lo esencial de esta reforma radica en la reelecci\u00f3n de diputados, senadores y presidentes municipales, acotada por los prejuicios del PRI a prop\u00f3sito de tr\u00e1sfugas o renegados; en la creaci\u00f3n del Instituto Nacional Electoral y de la legislaci\u00f3n secundaria (todav\u00eda pendiente) para consagrar consulta popular y candidaturas independientes.<\/p>\n<p>Implica la aprobaci\u00f3n de cinco nuevas leyes claves para los comicios electorales de 2015: Ley General de Elecciones, Ley General de Partidos, Ley General de Procedimientos Electorales, Ley General en materia de delitos electorales y Ley reglamentaria de propaganda gubernamental.<\/p>\n<p>Terminada la exposici\u00f3n se fueron a ver el Senado.<\/p>\n<p>&nbsp;<\/p>\n<!-- AddThis Advanced Settings generic via filter on the_content --><!-- AddThis Share Buttons generic via filter on the_content -->","protected":false},"excerpt":{"rendered":"<p>Jueves 29 de mayo de 2014 El martes nos visit\u00f3 una delegaci\u00f3n del Senado de M\u00e9xico encabezada por su Presidente Paul Cervantes, un jurista de hablar pausado y gran erudici\u00f3n. Llenaron la sala Broseta; eran 6 senadores del PRI, cinco del PAN, dos verdes, dos del PRD y uno del PT\u00a0acompa\u00f1ados de personal administrativo. Un &hellip; <a href=\"https:\/\/blogs.deia.eus\/anasagasti\/2014\/05\/29\/nos-visitan-senadores-mexicanos\/\" class=\"more-link\">Sigue leyendo <span class=\"screen-reader-text\">Nos visitan senadores mexicanos<\/span><\/a><!-- AddThis Advanced Settings generic via filter on get_the_excerpt --><!-- AddThis Share Buttons generic via filter on get_the_excerpt --><\/p>\n","protected":false},"author":19,"featured_media":0,"comment_status":"open","ping_status":"open","sticky":false,"template":"","format":"standard","meta":{"footnotes":""},"categories":[1],"tags":[],"class_list":["post-5163","post","type-post","status-publish","format-standard","hentry","category-general"],"_links":{"self":[{"href":"https:\/\/blogs.deia.eus\/anasagasti\/wp-json\/wp\/v2\/posts\/5163","targetHints":{"allow":["GET"]}}],"collection":[{"href":"https:\/\/blogs.deia.eus\/anasagasti\/wp-json\/wp\/v2\/posts"}],"about":[{"href":"https:\/\/blogs.deia.eus\/anasagasti\/wp-json\/wp\/v2\/types\/post"}],"author":[{"embeddable":true,"href":"https:\/\/blogs.deia.eus\/anasagasti\/wp-json\/wp\/v2\/users\/19"}],"replies":[{"embeddable":true,"href":"https:\/\/blogs.deia.eus\/anasagasti\/wp-json\/wp\/v2\/comments?post=5163"}],"version-history":[{"count":1,"href":"https:\/\/blogs.deia.eus\/anasagasti\/wp-json\/wp\/v2\/posts\/5163\/revisions"}],"predecessor-version":[{"id":5164,"href":"https:\/\/blogs.deia.eus\/anasagasti\/wp-json\/wp\/v2\/posts\/5163\/revisions\/5164"}],"wp:attachment":[{"href":"https:\/\/blogs.deia.eus\/anasagasti\/wp-json\/wp\/v2\/media?parent=5163"}],"wp:term":[{"taxonomy":"category","embeddable":true,"href":"https:\/\/blogs.deia.eus\/anasagasti\/wp-json\/wp\/v2\/categories?post=5163"},{"taxonomy":"post_tag","embeddable":true,"href":"https:\/\/blogs.deia.eus\/anasagasti\/wp-json\/wp\/v2\/tags?post=5163"}],"curies":[{"name":"wp","href":"https:\/\/api.w.org\/{rel}","templated":true}]}}