{"id":5165,"date":"2014-05-30T16:49:04","date_gmt":"2014-05-30T14:49:04","guid":{"rendered":"http:\/\/blogs.deia.com\/anasagasti\/?p=5165"},"modified":"2014-05-30T16:53:10","modified_gmt":"2014-05-30T14:53:10","slug":"ronaldo-y-alonso-euforicos","status":"publish","type":"post","link":"https:\/\/blogs.deia.eus\/anasagasti\/2014\/05\/30\/ronaldo-y-alonso-euforicos\/","title":{"rendered":"Ronaldo y Alonso, euf\u00f3ricos"},"content":{"rendered":"<p><strong><strong>Viernes 30 de mayo de 2014<\/strong><\/strong><\/p>\n<p><a href=\"http:\/\/blogs.deia.com\/anasagasti\/files\/2014\/05\/Ronaldo-Alonso_1.jpg\"><img loading=\"lazy\" decoding=\"async\" class=\"alignleft size-full wp-image-5167\" src=\"http:\/\/blogs.deia.com\/anasagasti\/files\/2014\/05\/Ronaldo-Alonso_1.jpg\" alt=\"Ronaldo-Alonso_1\" width=\"275\" height=\"183\" \/><\/a>El futbolista del Real Madrid Cristiano Ronaldo celebr\u00f3 de forma muy entusiasta su gol de penalti\u00a0 en la final de la Campions League en Lisboa.<\/p>\n<p>El portugu\u00e9s pon\u00eda el 4-1 en el marcador cuando el partido estaba pr\u00e1cticamente finalizado, pero parec\u00eda que hab\u00eda logrado el tanto de la remontada.<\/p>\n<p>Ronaldo no dud\u00f3 en quitarse la camiseta, a\u00fan sabiendo que ser\u00eda amonestado por ello, y mostrar su cuerpo pero exist\u00eda un motivo ajeno a la burla o a la falta de respeto por el rival. Sin embargo, su gesto provoc\u00f3 exactamente lo contrario, ya que muchos aficionados al f\u00fatbol, no s\u00f3lo rojiblancos, criticaron la efusiva celebraci\u00f3n en un momento tan intrascendente.<\/p>\n<p>Quiz\u00e1s hab\u00eda motivo para exagerar su celebraci\u00f3n, durante el encuentro Ronaldo estaba siendo seguido por varias c\u00e1maras que rodaban para la realizaci\u00f3n de una pel\u00edcula documental sobre \u00e9l. El f\u00fatbol, como me dijo Mendoza, no es un deporte, sino un espect\u00e1culo. Y para algunos un gran negocio.<\/p>\n<p>A m\u00ed me llam\u00f3 la atenci\u00f3n la actitud de Xabi Alonso.<\/p>\n<p>Lo de Ronaldo ten\u00eda pues su explicaci\u00f3n. Lo que para m\u00ed no la tiene tanto y en la misma sinton\u00eda de onda de la superexageraci\u00f3n, fue la loca carrera de Xabi Alonso, sus besos tan apasionados, sus muestras de efusividad tan disparada. Entiendo la euforia, entiendo la alegr\u00eda sobre todo\u00a0 cuando la cuenta corriente sigue corriendo, entiendo que celebrar una victoria sea lo l\u00f3gico. Lo que para m\u00ed no lo es, es la pasada de siete pueblos de una persona que yo cre\u00eda m\u00e1s templada y\u00a0 con m\u00e1s sind\u00e9resis viniendo de donde viene. Si con Rolando algunos se mosquearon, a m\u00ed, tambi\u00e9n, tanto desmayo por lo menos me choc\u00f3. Falta de respeto al rival y exagerado para el Real Madrid.<\/p>\n<p>Si, ya s\u00e9 que Xabi Alonso tiene todo el derecho a hacer lo que hizo, como yo a extra\u00f1arme. Sin m\u00e1s.<\/p>\n<!-- AddThis Advanced Settings generic via filter on the_content --><!-- AddThis Share Buttons generic via filter on the_content -->","protected":false},"excerpt":{"rendered":"<p>Viernes 30 de mayo de 2014 El futbolista del Real Madrid Cristiano Ronaldo celebr\u00f3 de forma muy entusiasta su gol de penalti\u00a0 en la final de la Campions League en Lisboa. El portugu\u00e9s pon\u00eda el 4-1 en el marcador cuando el partido estaba pr\u00e1cticamente finalizado, pero parec\u00eda que hab\u00eda logrado el tanto de la remontada. &hellip; <a href=\"https:\/\/blogs.deia.eus\/anasagasti\/2014\/05\/30\/ronaldo-y-alonso-euforicos\/\" class=\"more-link\">Sigue leyendo <span class=\"screen-reader-text\">Ronaldo y Alonso, euf\u00f3ricos<\/span><\/a><!-- AddThis Advanced Settings generic via filter on get_the_excerpt --><!-- AddThis Share Buttons generic via filter on get_the_excerpt --><\/p>\n","protected":false},"author":19,"featured_media":0,"comment_status":"open","ping_status":"open","sticky":false,"template":"","format":"standard","meta":{"footnotes":""},"categories":[1],"tags":[],"class_list":["post-5165","post","type-post","status-publish","format-standard","hentry","category-general"],"_links":{"self":[{"href":"https:\/\/blogs.deia.eus\/anasagasti\/wp-json\/wp\/v2\/posts\/5165","targetHints":{"allow":["GET"]}}],"collection":[{"href":"https:\/\/blogs.deia.eus\/anasagasti\/wp-json\/wp\/v2\/posts"}],"about":[{"href":"https:\/\/blogs.deia.eus\/anasagasti\/wp-json\/wp\/v2\/types\/post"}],"author":[{"embeddable":true,"href":"https:\/\/blogs.deia.eus\/anasagasti\/wp-json\/wp\/v2\/users\/19"}],"replies":[{"embeddable":true,"href":"https:\/\/blogs.deia.eus\/anasagasti\/wp-json\/wp\/v2\/comments?post=5165"}],"version-history":[{"count":3,"href":"https:\/\/blogs.deia.eus\/anasagasti\/wp-json\/wp\/v2\/posts\/5165\/revisions"}],"predecessor-version":[{"id":5169,"href":"https:\/\/blogs.deia.eus\/anasagasti\/wp-json\/wp\/v2\/posts\/5165\/revisions\/5169"}],"wp:attachment":[{"href":"https:\/\/blogs.deia.eus\/anasagasti\/wp-json\/wp\/v2\/media?parent=5165"}],"wp:term":[{"taxonomy":"category","embeddable":true,"href":"https:\/\/blogs.deia.eus\/anasagasti\/wp-json\/wp\/v2\/categories?post=5165"},{"taxonomy":"post_tag","embeddable":true,"href":"https:\/\/blogs.deia.eus\/anasagasti\/wp-json\/wp\/v2\/tags?post=5165"}],"curies":[{"name":"wp","href":"https:\/\/api.w.org\/{rel}","templated":true}]}}