{"id":5171,"date":"2014-06-01T13:09:10","date_gmt":"2014-06-01T11:09:10","guid":{"rendered":"http:\/\/blogs.deia.com\/anasagasti\/?p=5171"},"modified":"2014-06-01T13:09:10","modified_gmt":"2014-06-01T11:09:10","slug":"como-aquel-velasco-ibarra-2","status":"publish","type":"post","link":"https:\/\/blogs.deia.eus\/anasagasti\/2014\/06\/01\/como-aquel-velasco-ibarra-2\/","title":{"rendered":"Como aquel Velasco Ibarra"},"content":{"rendered":"<p><strong><strong>Domingo 1 de junio de 2014<\/strong><\/strong><\/p>\n<p>Las sociedades democr\u00e1ticas son reg\u00edmenes de opini\u00f3n p\u00fablica. Y, la opini\u00f3n p\u00fablica, devuelve lo que a la opini\u00f3n se le da. En la noche electoral el Ente P\u00fablico RTVE le dio m\u00e1s importancia a la victoria en Lisboa del Real Madrid, frente al otro equipo del ombligo de Espa\u00f1a, que a la contienda europea. Y resulta que en el Parlamento Europeo se aprueba el 70% de la legislaci\u00f3n que nos afecta. El Pan y Circo de los romanos goza de una espl\u00e9ndida salud en Espa\u00f1a confundiendo al personal y pensando que con la abstenci\u00f3n se castiga a no s\u00e9 qui\u00e9n. Nada m\u00e1s sagrado en democracia que el voto.<\/p>\n<p>Hoy todos analizan e incluso tratan de minimizar o ridiculizar (Pablemos) el \u00e9xito de Podemos, que ojo, en Lekeitio tuvo 66 votos y en pueblos euskaldunes m\u00e1s peque\u00f1os lleg\u00f3 a casi el 50%. Algo debe pasar.<\/p>\n<p>Hace siete a\u00f1os, solicitado por una editorial, escrib\u00ed el libro \u201cUna monarqu\u00eda protegida por la censura\u201d. Entregado el texto no se les ocurri\u00f3 mejor cosa que enviarlo a La Zarzuela para solicitar su aquiescencia. L\u00f3gicamente la denegaron y no se edit\u00f3. Fue Javier Ortiz quien lo hizo y el libro cont\u00f3 con seis ediciones. Y, de repente, y despu\u00e9s de haber hecho en pol\u00edtica mil cosas de todo tipo, me empezaron a encasillar en el rengl\u00f3n del republicanismo anti Borb\u00f3n, que no est\u00e1 mal. Ni Sabino Arana, ni Aguirre, ni Ajuriaguerra, ni Arzalluz fueron o son mon\u00e1rquicos y por tanto no estaba contraviniendo ninguna regla de mi partido, sino todo lo contrario. Lo que ocurr\u00eda es que no se verbalizaba. Y yo, encima, la escrib\u00ed.<\/p>\n<p>Hace un a\u00f1o y tras el procesamiento de Urdangarin me llamaron de Cuatro. All\u00ed, Berta Fern\u00e1ndez llevaba un programa de opini\u00f3n pol\u00edtica y lo que quer\u00edan era que argumentara mis razones del por qu\u00e9 la Instituci\u00f3n tutelada, protegida por la censura, por el PP y el PSOE, por Gonz\u00e1lez y Rubalcaba, estaba podrida. Y lo hice. Estuve seis meses. El \u00fanico m\u00e9rito, en todo caso, fue hablar claro y sin pelos en la lengua. Y hoy, si voy a C\u00e1ceres, a Sevilla o a Gibraltar, no me conocen por la Loapa o por ocho apellidos vascos, sino por las denuncias a tan impresentable familia. Me di cuenta del poder del medio cuando se traspasa la barrera del sonido de un tab\u00fa. Y tab\u00fa siguen siendo los Bancos, los consejeros de administraci\u00f3n, los ladrones de guante blanco.<\/p>\n<p>En mayo del a\u00f1o pasado se procedi\u00f3 al cambio de Berta por Cintora as\u00ed como de los opinadores \u00bfy qui\u00e9n entr\u00f3 en nuestras casas a trav\u00e9s de la peque\u00f1a pantalla? Entre otros Pablo Iglesias, a quien conoc\u00eda porque adem\u00e1s de profesor universitario ten\u00eda un programa televisivo llamado La Tuerca que se difunde por toda Am\u00e9rica. \u00c9l con Juan Carlos Monedero han asesorado en el pasado a Hugo Ch\u00e1vez y su modelo es el bolivariano. En ciertas oportunidades me llamaron para contraponer sus puntos de vista a los que yo puedo representar. Y fui. No me asusta la pol\u00e9mica argumentada y el programa fue de confrontaci\u00f3n, pero no de machaqueo. No era Intereconom\u00eda. Y aquello me pareci\u00f3 interesante. Luego me llam\u00f3 para hablar de la Rep\u00fablica y cosas as\u00ed. Posteriormente y desde hace un a\u00f1o, le he visto en los programas de Cuatro hablando el lenguaje de la calle, llevando la denuncia social a los debates, insobornable ante un poder corrupto, comprensivo de los hechos nacionales, llamando ladr\u00f3n al ladr\u00f3n, corrupto al corrupto y asesino al asesino en esta sociedad hip\u00f3crita utilizadora de un lenguaje de pl\u00e1stico \u201cpol\u00edticamente correcto\u201d pero inaguantable. Y en un a\u00f1o, con esto, con redes sociales, con su activismo universitario, utilizando el menor resquicio, d\u00e1ndose cuenta que deb\u00eda darle forma al 15M y huyendo del aparataje de una izquierda controladora y ensimismada ha logrado llevar el aire de la calle a una pol\u00edtica espa\u00f1ola putrefacta donde votar al PP era muy parecido a votar al PSOE, donde el bipartidismo le dec\u00eda al Lehendakari Ibarretxe que se fuera a su casa y le daba a Artur Mas con la puerta en las narices. Donde no distingues al nieto de un republicano socialista fusilado con el nieto de Romanones en su borboner\u00eda, donde la justicia, que c\u00ednicamente dijo el rey que era igual para todos, trabaja para que, con un ponente constitucional como Miguel Roca, logre que una presunta ladrona, por el mero hecho de ser la hija del rey, no sea encausada, o que Miguel Blesa siga paseando sus corruptelas tras hundir a miles de familias con las preferentes, o que Rato, tras quebrar Bankia, ingrese en ping\u00fces consejos de administraci\u00f3n, o que B\u00e1rcenas est\u00e9 en la c\u00e1rcel y sus jefes dando clases de moralidad, o que haya desahucios de ancianos enfermos por unos bancos que solo anuncian n\u00fameros azules en sus dividendos, o que en Europa, la Luxemburgo de Juncker, sea un para\u00edso fiscal, y \u00e9ste el candidato del PP. O que Espa\u00f1a siga siendo con Camboya el pa\u00eds con m\u00e1s cunetas sin abrir.<\/p>\n<p>Un discurso as\u00ed, claro, contundente, continuo, bien dicho, sin l\u00edos internos, en una situaci\u00f3n de crisis ha sido el \u00f3xido que ha comenzado a destruir un bipartidismo que no est\u00e1 en la Constituci\u00f3n espa\u00f1ola y que los medios consagran. \u00bfQu\u00e9 es eso de jefe de la oposici\u00f3n que tontamente muchos partidos atribuyen a un presidente o secretario general del PSOE porque s\u00ed?<\/p>\n<p>Y es que el lenguaje no es neutral. Hay jefe de oposici\u00f3n porque esa es la oposici\u00f3n que quieren, y los dem\u00e1s no cuentan.<\/p>\n<p>Bueno, pues eso es lo que ha golpeado al PSOE por la izquierda (paradojas de la vida se llama como el fundador del partido socialista) y con Ciudadanos y UPyD, por la derecha. Unos por una cosa y otros por otra, pero fundamentalmente por hablar claro y ser consecuente con lo que la calle demanda.<\/p>\n<p>Lo peor en pol\u00edtica es estar fuera de la realidad. Vean esto: Ram\u00f3n Jauregui, diputado por Araba vive en Madrid y su pol\u00edtica es la espa\u00f1ola. Juan Moscoso, es diputado por Navarra, pero vive en Madrid. Txiki Benegas, diputado por Bizkaia, vive en Madrid. Eduardo Madina, diputado por Bizkaia vive en Madrid. \u00bfQu\u00e9 credibilidad tienen estos se\u00f1ores para conocer y defender los intereses vascos? \u00bfCuesti\u00f3n menor? Si como lo que ocurri\u00f3 con la moci\u00f3n de censura a Yolanda Barcina en Navarra. Pues que sigan creyendo as\u00ed. Para nosotros estupendo.<\/p>\n<p>En treinta a\u00f1os el PSOE no ha logrado un Parlamento que controle al gobierno. Legisla, pero no controlamos nada. Mandan los funcionarios de los ministerios, los lobis, la casta. Un ejemplo. Torres Dulce, Fiscal general del Estado en la Comisi\u00f3n Constitucional, dijo hace dos meses esto sobre el combate a la corrupci\u00f3n: \u201cFalta de medios legales y personales, ausencia de mecanismos de acceso a base de datos p\u00fablicos, legislaci\u00f3n insuficiente, enrevesada y no acorde con la gravedad que se demanda por la ciudadan\u00eda. Actuaci\u00f3n exasperadamente lenta, absoluciones dif\u00edciles de entender y sin recuperaci\u00f3n de dinero, prescripciones incomprensibles, indultos a corruptos y agujeros negros en la ejecuci\u00f3n de sentencias\u201d. Estas son parte de las denuncias de un Fiscal General puesto ah\u00ed por el gobierno. \u00bfY qu\u00e9 ha hecho el PSOE en treinta a\u00f1os? Nada. Y es en este contexto de habitaci\u00f3n cerrada que un joven con coleta decide abrir la ventana y tocar el nervio peludo de tanta hipocres\u00eda y de tanta basura. Y se quejan y asombran que le hayan votado.<\/p>\n<p>La pol\u00edtica es diferenciaci\u00f3n. Si t\u00fa quieres una naranja vas a una fruter\u00eda. Si quieres un par de zapatos, vas a una zapater\u00eda. Pero aqu\u00ed en treinta a\u00f1os, los zapatos estaban confundidos con las naranjas. Ya lo dijo Pla. \u201cLo m\u00e1s parecido a un espa\u00f1ol de derechas, es un espa\u00f1ol de izquierdas\u201d. Es lo que le ha pasado al PSOE. Ha sido un PP bis. Y todo a cuenta del camelo ese de la \u201cpol\u00edtica de estado\u201d que no est\u00e1 en la Constituci\u00f3n y que solo tiene que ver con \u201cla unidad de la Patria\u201d. Espa\u00f1ola, por supuesto.<\/p>\n<p>Jos\u00e9 Mar\u00eda Velasco Ibarra fue presidente de Ecuador en cinco ocasiones. Solo complet\u00f3 constitucionalmente una. Los militares y la oligarqu\u00eda se lo cargaban. Era un magn\u00edfico orador que dec\u00eda: \u201cDadme un balc\u00f3n y volver\u00e9 a ser presidente\u201d. Y lo lograba. Pues eso. A Iglesias le han dado un balc\u00f3n y \u00e9l lo ha utilizado y ha obtenido cinco eurodiputados y m\u00e1s de un mill\u00f3n de votos.<\/p>\n<p>\u00bfEl secreto? Conectar con la calle, denunciar la corrupci\u00f3n y lograr ser o\u00eddo.<\/p>\n<p>Que no es poco.<\/p>\n<p>&nbsp;<\/p>\n<p>&nbsp;<\/p>\n<!-- AddThis Advanced Settings generic via filter on the_content --><!-- AddThis Share Buttons generic via filter on the_content -->","protected":false},"excerpt":{"rendered":"<p>Domingo 1 de junio de 2014 Las sociedades democr\u00e1ticas son reg\u00edmenes de opini\u00f3n p\u00fablica. Y, la opini\u00f3n p\u00fablica, devuelve lo que a la opini\u00f3n se le da. En la noche electoral el Ente P\u00fablico RTVE le dio m\u00e1s importancia a la victoria en Lisboa del Real Madrid, frente al otro equipo del ombligo de Espa\u00f1a, &hellip; <a href=\"https:\/\/blogs.deia.eus\/anasagasti\/2014\/06\/01\/como-aquel-velasco-ibarra-2\/\" class=\"more-link\">Sigue leyendo <span class=\"screen-reader-text\">Como aquel Velasco Ibarra<\/span><\/a><!-- AddThis Advanced Settings generic via filter on get_the_excerpt --><!-- AddThis Share Buttons generic via filter on get_the_excerpt --><\/p>\n","protected":false},"author":19,"featured_media":0,"comment_status":"open","ping_status":"open","sticky":false,"template":"","format":"standard","meta":{"footnotes":""},"categories":[1],"tags":[],"class_list":["post-5171","post","type-post","status-publish","format-standard","hentry","category-general"],"_links":{"self":[{"href":"https:\/\/blogs.deia.eus\/anasagasti\/wp-json\/wp\/v2\/posts\/5171","targetHints":{"allow":["GET"]}}],"collection":[{"href":"https:\/\/blogs.deia.eus\/anasagasti\/wp-json\/wp\/v2\/posts"}],"about":[{"href":"https:\/\/blogs.deia.eus\/anasagasti\/wp-json\/wp\/v2\/types\/post"}],"author":[{"embeddable":true,"href":"https:\/\/blogs.deia.eus\/anasagasti\/wp-json\/wp\/v2\/users\/19"}],"replies":[{"embeddable":true,"href":"https:\/\/blogs.deia.eus\/anasagasti\/wp-json\/wp\/v2\/comments?post=5171"}],"version-history":[{"count":1,"href":"https:\/\/blogs.deia.eus\/anasagasti\/wp-json\/wp\/v2\/posts\/5171\/revisions"}],"predecessor-version":[{"id":5172,"href":"https:\/\/blogs.deia.eus\/anasagasti\/wp-json\/wp\/v2\/posts\/5171\/revisions\/5172"}],"wp:attachment":[{"href":"https:\/\/blogs.deia.eus\/anasagasti\/wp-json\/wp\/v2\/media?parent=5171"}],"wp:term":[{"taxonomy":"category","embeddable":true,"href":"https:\/\/blogs.deia.eus\/anasagasti\/wp-json\/wp\/v2\/categories?post=5171"},{"taxonomy":"post_tag","embeddable":true,"href":"https:\/\/blogs.deia.eus\/anasagasti\/wp-json\/wp\/v2\/tags?post=5171"}],"curies":[{"name":"wp","href":"https:\/\/api.w.org\/{rel}","templated":true}]}}