{"id":5178,"date":"2014-06-03T07:15:08","date_gmt":"2014-06-03T05:15:08","guid":{"rendered":"http:\/\/blogs.deia.com\/anasagasti\/?p=5178"},"modified":"2014-06-03T07:15:08","modified_gmt":"2014-06-03T05:15:08","slug":"que-convoquen-un-referendum-3","status":"publish","type":"post","link":"https:\/\/blogs.deia.eus\/anasagasti\/2014\/06\/03\/que-convoquen-un-referendum-3\/","title":{"rendered":"Que convoquen un refer\u00e9ndum"},"content":{"rendered":"<p><strong><strong>Lunes 2 de junio de 2014<\/strong><\/strong><\/p>\n<p>Abdica el rey. \u00a1Ya era hora!. Pero, como siempre y de matute, la jugada. Llega su hijo. \u00bfQui\u00e9n es su hijo para ser Jefe del Estado sin pasar por unas elecciones democr\u00e1ticas?.<\/p>\n<p>La declaraci\u00f3n del presidente del EBB, Andoni Ortuzar, sigue la l\u00ednea hist\u00f3rica de un partido no mon\u00e1rquico desde su fundaci\u00f3n. Respeto institucional y accidentalismo de una organizaci\u00f3n que rompi\u00f3 con el carlismo para buscar su espacio en el mundo democr\u00e1tico como pueblo singular considerando a Euzkadi, su patria. No a Espa\u00f1a. Con rey o sin \u00e9l.<\/p>\n<p>En 1978, en la Constituci\u00f3n, nos colaron por la puerta de atr\u00e1s una monarqu\u00eda parlamentaria. El candidato lo hab\u00eda puesto ah\u00ed el dictador. Y ha estado all\u00ed casi cuarenta a\u00f1os, protegido por la censura y fundamentalmente por Felipe Gonz\u00e1lez y el PSOE que bajo el eufemismo de \u201cJuancarlismo\u201d no quer\u00edan decir que son tan mon\u00e1rquicos como el PP. Porque cuando un partido que se dice republicano acepta que al padre le suceda el hijo, es que es mon\u00e1rquico. Una verg\u00fcenza. \u00a1Pobres socialistas fusilados!.<\/p>\n<p>La monarqu\u00eda en Espa\u00f1a se ha puesto nerviosa. Y el rey no est\u00e1 para tanto viaje, para tanto juicio al yerno, para tanto clamor. Y si ha dimitido Rubalcaba, Patxi L\u00f3pez, y hasta Carme Chac\u00f3n, \u00bfpor qu\u00e9 no \u00e9l?. Hay que aprovechar la coyuntura con Rubalcaba de cuerpo presente.<\/p>\n<p>Se va sin ser juzgado y con una de las mayores fortunas de Europa. Se va sin que sepamos su patrimonio. Se va, pero no se ir\u00e1 del todo. Y viene Felipe de Borb\u00f3n y su esposa Letizia a la que llamar\u00e1n reina. De haber sido a la inversa, al consorte no le llamar\u00edan rey. Y se va sin mover un dedo para cambiar la Constituci\u00f3n y que las mujeres no est\u00e9n en inferioridad frente al var\u00f3n. Machismo puro.<\/p>\n<p>Si Espa\u00f1a fuera democr\u00e1tica se convocar\u00eda un refer\u00e9ndum constitucional para saber qu\u00e9 tipo de r\u00e9gimen quiere el pueblo. Como no lo es, deciden, una vez m\u00e1s, ante una calle que explota y con unas encuestas que ya no ser\u00e1n remontadas, irse a vivir a cuerpo de rey y hacerlo deprisa y corriendo y con el concurso sol\u00edcito del PSOE de tratar de perpetuar un r\u00e9gimen podrido que hace aguas.<\/p>\n<p>Nada nuevo Sra. Baronesa!!!! Papel\u00f3n socialista en el bipartidismo.<\/p>\n<p>&nbsp;<\/p>\n<!-- AddThis Advanced Settings generic via filter on the_content --><!-- AddThis Share Buttons generic via filter on the_content -->","protected":false},"excerpt":{"rendered":"<p>Lunes 2 de junio de 2014 Abdica el rey. \u00a1Ya era hora!. Pero, como siempre y de matute, la jugada. Llega su hijo. \u00bfQui\u00e9n es su hijo para ser Jefe del Estado sin pasar por unas elecciones democr\u00e1ticas?. La declaraci\u00f3n del presidente del EBB, Andoni Ortuzar, sigue la l\u00ednea hist\u00f3rica de un partido no mon\u00e1rquico &hellip; <a href=\"https:\/\/blogs.deia.eus\/anasagasti\/2014\/06\/03\/que-convoquen-un-referendum-3\/\" class=\"more-link\">Sigue leyendo <span class=\"screen-reader-text\">Que convoquen un refer\u00e9ndum<\/span><\/a><!-- AddThis Advanced Settings generic via filter on get_the_excerpt --><!-- AddThis Share Buttons generic via filter on get_the_excerpt --><\/p>\n","protected":false},"author":19,"featured_media":0,"comment_status":"open","ping_status":"open","sticky":false,"template":"","format":"standard","meta":{"footnotes":""},"categories":[1],"tags":[],"class_list":["post-5178","post","type-post","status-publish","format-standard","hentry","category-general"],"_links":{"self":[{"href":"https:\/\/blogs.deia.eus\/anasagasti\/wp-json\/wp\/v2\/posts\/5178","targetHints":{"allow":["GET"]}}],"collection":[{"href":"https:\/\/blogs.deia.eus\/anasagasti\/wp-json\/wp\/v2\/posts"}],"about":[{"href":"https:\/\/blogs.deia.eus\/anasagasti\/wp-json\/wp\/v2\/types\/post"}],"author":[{"embeddable":true,"href":"https:\/\/blogs.deia.eus\/anasagasti\/wp-json\/wp\/v2\/users\/19"}],"replies":[{"embeddable":true,"href":"https:\/\/blogs.deia.eus\/anasagasti\/wp-json\/wp\/v2\/comments?post=5178"}],"version-history":[{"count":1,"href":"https:\/\/blogs.deia.eus\/anasagasti\/wp-json\/wp\/v2\/posts\/5178\/revisions"}],"predecessor-version":[{"id":5179,"href":"https:\/\/blogs.deia.eus\/anasagasti\/wp-json\/wp\/v2\/posts\/5178\/revisions\/5179"}],"wp:attachment":[{"href":"https:\/\/blogs.deia.eus\/anasagasti\/wp-json\/wp\/v2\/media?parent=5178"}],"wp:term":[{"taxonomy":"category","embeddable":true,"href":"https:\/\/blogs.deia.eus\/anasagasti\/wp-json\/wp\/v2\/categories?post=5178"},{"taxonomy":"post_tag","embeddable":true,"href":"https:\/\/blogs.deia.eus\/anasagasti\/wp-json\/wp\/v2\/tags?post=5178"}],"curies":[{"name":"wp","href":"https:\/\/api.w.org\/{rel}","templated":true}]}}