{"id":5180,"date":"2014-06-03T15:13:26","date_gmt":"2014-06-03T13:13:26","guid":{"rendered":"http:\/\/blogs.deia.com\/anasagasti\/?p=5180"},"modified":"2014-06-03T15:13:26","modified_gmt":"2014-06-03T13:13:26","slug":"el-mensaje-de-despedida","status":"publish","type":"post","link":"https:\/\/blogs.deia.eus\/anasagasti\/2014\/06\/03\/el-mensaje-de-despedida\/","title":{"rendered":"El mensaje de despedida"},"content":{"rendered":"<p><strong><strong>Martes 3 de junio de 2014<\/strong><\/strong><\/p>\n<p><a href=\"http:\/\/blogs.deia.com\/anasagasti\/files\/2014\/06\/Abdicaci\u00f3n.png\"><img loading=\"lazy\" decoding=\"async\" class=\"alignleft size-full wp-image-5181\" src=\"http:\/\/blogs.deia.com\/anasagasti\/files\/2014\/06\/Abdicaci\u00f3n.png\" alt=\"Abdicaci\u00f3n\" width=\"298\" height=\"169\" \/><\/a>El rey se despidi\u00f3 el lunes con una mentira y dos omisiones.<\/p>\n<p>Dijo que hab\u00eda tomado la decisi\u00f3n en enero. Sin embargo en el mensaje de navidad del 24 de diciembre se mostr\u00f3 dispuesto a seguir hasta el final. \u00bfCambiar en una semana?. Mentira. Cambiar tras las elecciones europeas y ver el negocio familiar en peligro.<\/p>\n<p>Y omiti\u00f3, normal que no lo hiciera, a la figura de Franco que lo puso ah\u00ed. No fue su padre Don Juan, sino el dictador. Y aludi\u00f3 a su padre que no tuvo nada que ver en ello. Todo lo contrario. Quer\u00eda ser \u00e9l y su hijo le madrug\u00f3 atendiendo la invitaci\u00f3n de aquel s\u00e1trapa.<\/p>\n<p>Y la segunda omisi\u00f3n fue a las Cortes Generales donde te\u00f3ricamente reside la soberan\u00eda del pueblo espa\u00f1ol. Ni mentar. Seis minutos para decirnos, \u00abah\u00ed os qued\u00e1is, que \u00e9sto no aguanta m\u00e1s y yo tengo el ri\u00f1\u00f3n cubierto\u00bb.<\/p>\n<p>\u00bfHabr\u00e1n pactado el PP y el PSOE su blindaje?. Seguramente.<\/p>\n<p>Las elecciones europeas \u00bfhan ense\u00f1ado algo a estos partidos?.<\/p>\n<p>\u00bfCon qu\u00e9 nivel de aceptaci\u00f3n popular se va este se\u00f1or?.<\/p>\n<p>\u00bfPor qu\u00e9 todos los tertulianos de la Villa y Corte son tan cursis en sus apreciaciones y por qu\u00e9 no permiten que ning\u00fan republicano opine?.<\/p>\n<p>Dec\u00eda el periodista \u00c1ngel Exp\u00f3sito que tras la presencia, numerosa en la Puerta del Sol, pod\u00edan ir al Palacio Real y tomarlo y que con este tipo de gente \u00bfa d\u00f3nde vamos?. En 1931, estuvieron en La Puerta del Sol, en el balc\u00f3n estaban los l\u00edderes republicanos Aza\u00f1a, Alcal\u00e1 Zamora, Prieto, Maura\u2026 y de all\u00ed al gobierno y Don Niceto al Palacio Nacional (le cambiaron el nombre). Si en 1931 hubiera habido una tertulia como la de 13 TV, alguien les habr\u00eda tildado a estos l\u00edderes de perroflautas, como ahora tildan este incipiente movimiento ciudadano. La falta de respeto y de cultura del periodismo de derechas espa\u00f1ol es abrumadora.<\/p>\n<p>&nbsp;<\/p>\n<!-- AddThis Advanced Settings generic via filter on the_content --><!-- AddThis Share Buttons generic via filter on the_content -->","protected":false},"excerpt":{"rendered":"<p>Martes 3 de junio de 2014 El rey se despidi\u00f3 el lunes con una mentira y dos omisiones. Dijo que hab\u00eda tomado la decisi\u00f3n en enero. Sin embargo en el mensaje de navidad del 24 de diciembre se mostr\u00f3 dispuesto a seguir hasta el final. \u00bfCambiar en una semana?. Mentira. Cambiar tras las elecciones europeas &hellip; <a href=\"https:\/\/blogs.deia.eus\/anasagasti\/2014\/06\/03\/el-mensaje-de-despedida\/\" class=\"more-link\">Sigue leyendo <span class=\"screen-reader-text\">El mensaje de despedida<\/span><\/a><!-- AddThis Advanced Settings generic via filter on get_the_excerpt --><!-- AddThis Share Buttons generic via filter on get_the_excerpt --><\/p>\n","protected":false},"author":19,"featured_media":0,"comment_status":"open","ping_status":"open","sticky":false,"template":"","format":"standard","meta":{"footnotes":""},"categories":[1],"tags":[],"class_list":["post-5180","post","type-post","status-publish","format-standard","hentry","category-general"],"_links":{"self":[{"href":"https:\/\/blogs.deia.eus\/anasagasti\/wp-json\/wp\/v2\/posts\/5180","targetHints":{"allow":["GET"]}}],"collection":[{"href":"https:\/\/blogs.deia.eus\/anasagasti\/wp-json\/wp\/v2\/posts"}],"about":[{"href":"https:\/\/blogs.deia.eus\/anasagasti\/wp-json\/wp\/v2\/types\/post"}],"author":[{"embeddable":true,"href":"https:\/\/blogs.deia.eus\/anasagasti\/wp-json\/wp\/v2\/users\/19"}],"replies":[{"embeddable":true,"href":"https:\/\/blogs.deia.eus\/anasagasti\/wp-json\/wp\/v2\/comments?post=5180"}],"version-history":[{"count":1,"href":"https:\/\/blogs.deia.eus\/anasagasti\/wp-json\/wp\/v2\/posts\/5180\/revisions"}],"predecessor-version":[{"id":5182,"href":"https:\/\/blogs.deia.eus\/anasagasti\/wp-json\/wp\/v2\/posts\/5180\/revisions\/5182"}],"wp:attachment":[{"href":"https:\/\/blogs.deia.eus\/anasagasti\/wp-json\/wp\/v2\/media?parent=5180"}],"wp:term":[{"taxonomy":"category","embeddable":true,"href":"https:\/\/blogs.deia.eus\/anasagasti\/wp-json\/wp\/v2\/categories?post=5180"},{"taxonomy":"post_tag","embeddable":true,"href":"https:\/\/blogs.deia.eus\/anasagasti\/wp-json\/wp\/v2\/tags?post=5180"}],"curies":[{"name":"wp","href":"https:\/\/api.w.org\/{rel}","templated":true}]}}