{"id":5183,"date":"2014-06-04T19:48:31","date_gmt":"2014-06-04T17:48:31","guid":{"rendered":"http:\/\/blogs.deia.com\/anasagasti\/?p=5183"},"modified":"2014-06-04T19:48:31","modified_gmt":"2014-06-04T17:48:31","slug":"pregunta-con-bala-a-rubalcaba","status":"publish","type":"post","link":"https:\/\/blogs.deia.eus\/anasagasti\/2014\/06\/04\/pregunta-con-bala-a-rubalcaba\/","title":{"rendered":"Pregunta con bala a Rubalcaba"},"content":{"rendered":"<p><strong><strong>Mi\u00e9rcoles 3 de junio de 2014<\/strong><\/strong><\/p>\n<p><a href=\"http:\/\/blogs.deia.com\/anasagasti\/files\/2014\/06\/639.14.jpg\"><img loading=\"lazy\" decoding=\"async\" class=\"alignleft size-full wp-image-5184\" src=\"http:\/\/blogs.deia.com\/anasagasti\/files\/2014\/06\/639.14.jpg\" alt=\"639.14\" width=\"225\" height=\"225\" srcset=\"https:\/\/blogs.deia.eus\/anasagasti\/files\/2014\/06\/639.14.jpg 225w, https:\/\/blogs.deia.eus\/anasagasti\/files\/2014\/06\/639.14-150x150.jpg 150w\" sizes=\"auto, (max-width: 225px) 100vw, 225px\" \/><\/a>Este martes, comparec\u00eda ante el Madrid pol\u00edtico el alcalde de Tur\u00edn, Piero Fassino. Un tipo alto, con buen castellano, larga trayectoria pol\u00edtica en la izquierda democr\u00e1tica, y amigo de P\u00e9rez Rubalcaba que lo presentaba en el desayuno de Nuevo Forum Econom\u00eda.<\/p>\n<p>He estado con Bildarratz. Poca gente del PSOE. Rubalcaba ha dimitido y se nota. Si hubiera sido el presentador Madina o Susana Diaz, la gran sala estar\u00eda a rebosar. Pero Rubalcaba est\u00e1, de momento, mal enterrado y la pol\u00edtica espa\u00f1ola es achicharrante y trituradora.<\/p>\n<p>Me ha gustado lo dicho por el alcalde. Hablaba del fen\u00f3meno de los partidos sin carnet y sin oficinas pero con lenguaje directo a los electores. Hablaba del nuevo lenguaje de la democracia y de c\u00f3mo organizar de nuevo a la democracia en esta \u00e9poca digital. Explicaba este gran cambio habido en la sociedad del que los partidos lo ignoran casi todo porque siguen con las viejas recetas de siempre. Repet\u00eda que la digitalizaci\u00f3n es el nuevo alfabeto de la democracia, pero tambi\u00e9n que no hay futuro para pa\u00edses aislados de Europa frente a China, India, USA, Brasil o Sud\u00e1frica. Reflexionaba sobre que no se puede cambiar la pol\u00edtica sin cambiar de mentalidad y apostaba por la integraci\u00f3n europea a tope. \u00abNing\u00fan pa\u00eds europeo puede competir solo pero s\u00ed una Europa unida con 500 millones de habitantes y firme determinaci\u00f3n\u00bb.<\/p>\n<p>Y vino el coloquio tras explicar los avances de su ciudad que recibe m\u00e1s turistas que Sicilia siendo adem\u00e1s una capital industrial, porque han apostado por la industria y la cultura.<\/p>\n<p>Y hubo preguntas de todo tipo.<\/p>\n<p>Yo hice la m\u00eda. Por escrito: \u00ab\u00bfPiensa el Sr. alcalde\u00a0 que en la presentaci\u00f3n que le ha hecho el Sr. P\u00e9rez Rubalcaba felicit\u00e1ndole por la Fiesta Nacional celebrada ayer y que conmemora el refer\u00e9ndum que en 1946 aboli\u00f3 la monarqu\u00eda en Italia significa que est\u00e1 de acuerdo con la fecha?\u00bb.<\/p>\n<p>Rubalcaba se ri\u00f3 y le dijo quien era yo. Seguramente Don Alfredo no ten\u00eda ni idea de\u00a0 que celebraba el lunes el d\u00eda Nacional de Italia. Y el alcalde sonri\u00f3 y me dijo que lo hac\u00eda por cortes\u00eda.<\/p>\n<p>Yo lo que quer\u00eda era sacar el tema y que recordaran que en Italia, tras la guerra mundial, hubo un refer\u00e9ndum y se aboli\u00f3 la monarqu\u00eda tras\u00a0 consultar la voluntad popular. La diferencia con Espa\u00f1a es abismal. Tras la guerra, sigui\u00f3 el general sublevado que en 1969 design\u00f3 como sucesor\u00a0 a Juan Carlos, heredero a t\u00edtulo de rey. Se instaur\u00f3 la monarqu\u00eda del Movimiento. No se reinstaur\u00f3 la monarqu\u00eda.<\/p>\n<p>Y todos los llorones de la Villa y Corte seguir\u00e1n diciendo imbecilidades y cursiladas. Esto no tiene fin.<\/p>\n<!-- AddThis Advanced Settings generic via filter on the_content --><!-- AddThis Share Buttons generic via filter on the_content -->","protected":false},"excerpt":{"rendered":"<p>Mi\u00e9rcoles 3 de junio de 2014 Este martes, comparec\u00eda ante el Madrid pol\u00edtico el alcalde de Tur\u00edn, Piero Fassino. Un tipo alto, con buen castellano, larga trayectoria pol\u00edtica en la izquierda democr\u00e1tica, y amigo de P\u00e9rez Rubalcaba que lo presentaba en el desayuno de Nuevo Forum Econom\u00eda. He estado con Bildarratz. Poca gente del PSOE. &hellip; <a href=\"https:\/\/blogs.deia.eus\/anasagasti\/2014\/06\/04\/pregunta-con-bala-a-rubalcaba\/\" class=\"more-link\">Sigue leyendo <span class=\"screen-reader-text\">Pregunta con bala a Rubalcaba<\/span><\/a><!-- AddThis Advanced Settings generic via filter on get_the_excerpt --><!-- AddThis Share Buttons generic via filter on get_the_excerpt --><\/p>\n","protected":false},"author":19,"featured_media":0,"comment_status":"open","ping_status":"open","sticky":false,"template":"","format":"standard","meta":{"footnotes":""},"categories":[1],"tags":[],"class_list":["post-5183","post","type-post","status-publish","format-standard","hentry","category-general"],"_links":{"self":[{"href":"https:\/\/blogs.deia.eus\/anasagasti\/wp-json\/wp\/v2\/posts\/5183","targetHints":{"allow":["GET"]}}],"collection":[{"href":"https:\/\/blogs.deia.eus\/anasagasti\/wp-json\/wp\/v2\/posts"}],"about":[{"href":"https:\/\/blogs.deia.eus\/anasagasti\/wp-json\/wp\/v2\/types\/post"}],"author":[{"embeddable":true,"href":"https:\/\/blogs.deia.eus\/anasagasti\/wp-json\/wp\/v2\/users\/19"}],"replies":[{"embeddable":true,"href":"https:\/\/blogs.deia.eus\/anasagasti\/wp-json\/wp\/v2\/comments?post=5183"}],"version-history":[{"count":1,"href":"https:\/\/blogs.deia.eus\/anasagasti\/wp-json\/wp\/v2\/posts\/5183\/revisions"}],"predecessor-version":[{"id":5185,"href":"https:\/\/blogs.deia.eus\/anasagasti\/wp-json\/wp\/v2\/posts\/5183\/revisions\/5185"}],"wp:attachment":[{"href":"https:\/\/blogs.deia.eus\/anasagasti\/wp-json\/wp\/v2\/media?parent=5183"}],"wp:term":[{"taxonomy":"category","embeddable":true,"href":"https:\/\/blogs.deia.eus\/anasagasti\/wp-json\/wp\/v2\/categories?post=5183"},{"taxonomy":"post_tag","embeddable":true,"href":"https:\/\/blogs.deia.eus\/anasagasti\/wp-json\/wp\/v2\/tags?post=5183"}],"curies":[{"name":"wp","href":"https:\/\/api.w.org\/{rel}","templated":true}]}}