{"id":5186,"date":"2014-06-05T15:10:00","date_gmt":"2014-06-05T13:10:00","guid":{"rendered":"http:\/\/blogs.deia.com\/anasagasti\/?p=5186"},"modified":"2014-06-05T15:10:00","modified_gmt":"2014-06-05T13:10:00","slug":"por-que-no-quieren-un-referendum","status":"publish","type":"post","link":"https:\/\/blogs.deia.eus\/anasagasti\/2014\/06\/05\/por-que-no-quieren-un-referendum\/","title":{"rendered":"\u00bfPor qu\u00e9 no quieren un refer\u00e9ndum?"},"content":{"rendered":"<p><strong><strong>Jueves 5 de junio de 2014<\/strong><\/strong><\/p>\n<p><a href=\"http:\/\/blogs.deia.com\/anasagasti\/files\/2014\/06\/642.14.jpg\"><img loading=\"lazy\" decoding=\"async\" class=\"alignleft size-full wp-image-5187\" src=\"http:\/\/blogs.deia.com\/anasagasti\/files\/2014\/06\/642.14.jpg\" alt=\"642.14\" width=\"298\" height=\"169\" \/><\/a>Muy sencillo. Porque tienen miedo a perderlo. Y porque en el fondo no son dem\u00f3cratas. No les gusta\u00a0 ni el derecho a decidir del pueblo vasco, ni el derecho a decidir del pueblo espa\u00f1ol.<\/p>\n<p>Jes\u00fas Posada, presidente del Congreso, ha retado a ese 10% que plantee un cambio constitucional. Dice que el 90% apoya la monarqu\u00eda. \u00bfC\u00f3mo lo sabe?.<\/p>\n<p>El CIS cifra en el 3% el apoyo actual a la monarqu\u00eda. Me da que es menos. Pero el CIS siempre manipula. De ser \u00abla Instituci\u00f3n m\u00e1s valorada\u00bb a salir por la puerta de atr\u00e1s.<\/p>\n<p>El refer\u00e9ndum fue la llegada de la Rep\u00fablica en 1931 y la acci\u00f3n del Congreso decidir en noviembre de 1931 procesar a Alfonso XIII y quitarle todos sus \u00abderechos\u00bb\u00a0 a \u00e9l y su familia. Pero vino un golpe de estado, una guerra de exterminio, y una dictadura que nos deja de herencia una instauraci\u00f3n, no una restauraci\u00f3n de una monarqu\u00eda del Movimiento. Y nos la meten, por la puerta de atr\u00e1s, diciendo que se trataba de una monarqu\u00eda parlamentaria. Bipartidaria en todo caso.<\/p>\n<p>Y ahora no quieren ni o\u00edr hablar de cambio alguno. Dimitido Rubalcaba y ante un socialismo harto de traicionar su historia, en una semana anuncian la abdicaci\u00f3n. Pero ni o\u00edr hablar de un refer\u00e9ndum tras 39 a\u00f1os de reinado. Y se r\u00eden de partidos que piden se haga lo que no se hizo en 1978.<\/p>\n<p>Tienen miedo. Por algo ser\u00e1.<\/p>\n<!-- AddThis Advanced Settings generic via filter on the_content --><!-- AddThis Share Buttons generic via filter on the_content -->","protected":false},"excerpt":{"rendered":"<p>Jueves 5 de junio de 2014 Muy sencillo. Porque tienen miedo a perderlo. Y porque en el fondo no son dem\u00f3cratas. No les gusta\u00a0 ni el derecho a decidir del pueblo vasco, ni el derecho a decidir del pueblo espa\u00f1ol. Jes\u00fas Posada, presidente del Congreso, ha retado a ese 10% que plantee un cambio constitucional. &hellip; <a href=\"https:\/\/blogs.deia.eus\/anasagasti\/2014\/06\/05\/por-que-no-quieren-un-referendum\/\" class=\"more-link\">Sigue leyendo <span class=\"screen-reader-text\">\u00bfPor qu\u00e9 no quieren un refer\u00e9ndum?<\/span><\/a><!-- AddThis Advanced Settings generic via filter on get_the_excerpt --><!-- AddThis Share Buttons generic via filter on get_the_excerpt --><\/p>\n","protected":false},"author":19,"featured_media":0,"comment_status":"open","ping_status":"open","sticky":false,"template":"","format":"standard","meta":{"footnotes":""},"categories":[1],"tags":[],"class_list":["post-5186","post","type-post","status-publish","format-standard","hentry","category-general"],"_links":{"self":[{"href":"https:\/\/blogs.deia.eus\/anasagasti\/wp-json\/wp\/v2\/posts\/5186","targetHints":{"allow":["GET"]}}],"collection":[{"href":"https:\/\/blogs.deia.eus\/anasagasti\/wp-json\/wp\/v2\/posts"}],"about":[{"href":"https:\/\/blogs.deia.eus\/anasagasti\/wp-json\/wp\/v2\/types\/post"}],"author":[{"embeddable":true,"href":"https:\/\/blogs.deia.eus\/anasagasti\/wp-json\/wp\/v2\/users\/19"}],"replies":[{"embeddable":true,"href":"https:\/\/blogs.deia.eus\/anasagasti\/wp-json\/wp\/v2\/comments?post=5186"}],"version-history":[{"count":1,"href":"https:\/\/blogs.deia.eus\/anasagasti\/wp-json\/wp\/v2\/posts\/5186\/revisions"}],"predecessor-version":[{"id":5188,"href":"https:\/\/blogs.deia.eus\/anasagasti\/wp-json\/wp\/v2\/posts\/5186\/revisions\/5188"}],"wp:attachment":[{"href":"https:\/\/blogs.deia.eus\/anasagasti\/wp-json\/wp\/v2\/media?parent=5186"}],"wp:term":[{"taxonomy":"category","embeddable":true,"href":"https:\/\/blogs.deia.eus\/anasagasti\/wp-json\/wp\/v2\/categories?post=5186"},{"taxonomy":"post_tag","embeddable":true,"href":"https:\/\/blogs.deia.eus\/anasagasti\/wp-json\/wp\/v2\/tags?post=5186"}],"curies":[{"name":"wp","href":"https:\/\/api.w.org\/{rel}","templated":true}]}}