{"id":5189,"date":"2014-06-05T20:43:25","date_gmt":"2014-06-05T18:43:25","guid":{"rendered":"http:\/\/blogs.deia.com\/anasagasti\/?p=5189"},"modified":"2014-06-05T20:43:25","modified_gmt":"2014-06-05T18:43:25","slug":"a-vosotros-no-os-dicen-nada","status":"publish","type":"post","link":"https:\/\/blogs.deia.eus\/anasagasti\/2014\/06\/05\/a-vosotros-no-os-dicen-nada\/","title":{"rendered":"A vosotros no os dicen nada"},"content":{"rendered":"<p><strong><strong>Jueves 5 de junio de 2014<\/strong><\/strong><\/p>\n<p><a href=\"http:\/\/blogs.deia.com\/anasagasti\/files\/2014\/06\/644.14.jpg\"><img loading=\"lazy\" decoding=\"async\" class=\"alignleft size-full wp-image-5190\" src=\"http:\/\/blogs.deia.com\/anasagasti\/files\/2014\/06\/644.14.jpg\" alt=\"644.14\" width=\"285\" height=\"177\" \/><\/a>El cabreo del d\u00eda es contra CIU. La Villa y Corte se siente enga\u00f1ada, frustrada, irritada por el anuncio de voto abstencionista\u00a0 de CIU a la ley org\u00e1nica de la abdicaci\u00f3n y al anuncio de Mas de no estar en el acto formal de, llam\u00e9moslo, coronaci\u00f3n.<\/p>\n<p>No entienden que ha pasado el tiempo, que todo discurso pol\u00edtico puede cambiar, que Catalunya est\u00e1 harta del trato mesetario, que se cosecha lo que se siembra. Pero el Madrid pol\u00edtico es as\u00ed. Hay que aplaudir y hacer reverencias mientras pol\u00edticamente se machaca a un autogobierno demediado.<\/p>\n<p>No es el caso vasco. Nos abstuvimos ante aquella Constituci\u00f3n del 78 porque ten\u00eda avances, pero no reconoc\u00eda el hecho diferencial del pueblo vasco. Mucha historia a cuenta de la monarqu\u00eda pero nos dicen que lo nuestro es como lo de Ciudada Real, con respeto a esta provincia. Nada que ver.<\/p>\n<p>Y nuestro discurso siempre ha sido coherente. Respeto institucional pero reverencias, las justas, es decir, ni una. Y en mi caso, ni eso. Y creo haber contribuido a una cierta imagen de rechazo a una instituci\u00f3n medieval y antidemocr\u00e1tica.<\/p>\n<p>Un senador de CIU me dec\u00eda:\u00a0 \u00abTodos se meten con nosotros sin analizar que han cortado el di\u00e1logo y nos quieren al lado como ten\u00eda Reagan a los negros. De adorno, pero sin derechos. Pero me llama la atenci\u00f3n que nadie se mete con vosotros\u00bb.<\/p>\n<p>Pues no. Nos han dado por imposibles, aunque sea en este rengl\u00f3n y como todo esto les ha sorprendido porque no esperaban que el debate republicano, un debate despreciado, silenciado y marginado surgiera con tanta fuerza est\u00e1n que se les hacen chiribitas en los ojos y no les queda m\u00e1s que aplaudir a Rubalcaba por \u00absu sentido de estado\u00bb. Ya sabemos por fin lo que es esto. Traicionar su historia.<\/p>\n<p>Que aprendan.<\/p>\n<!-- AddThis Advanced Settings generic via filter on the_content --><!-- AddThis Share Buttons generic via filter on the_content -->","protected":false},"excerpt":{"rendered":"<p>Jueves 5 de junio de 2014 El cabreo del d\u00eda es contra CIU. La Villa y Corte se siente enga\u00f1ada, frustrada, irritada por el anuncio de voto abstencionista\u00a0 de CIU a la ley org\u00e1nica de la abdicaci\u00f3n y al anuncio de Mas de no estar en el acto formal de, llam\u00e9moslo, coronaci\u00f3n. No entienden que &hellip; <a href=\"https:\/\/blogs.deia.eus\/anasagasti\/2014\/06\/05\/a-vosotros-no-os-dicen-nada\/\" class=\"more-link\">Sigue leyendo <span class=\"screen-reader-text\">A vosotros no os dicen nada<\/span><\/a><!-- AddThis Advanced Settings generic via filter on get_the_excerpt --><!-- AddThis Share Buttons generic via filter on get_the_excerpt --><\/p>\n","protected":false},"author":19,"featured_media":0,"comment_status":"open","ping_status":"open","sticky":false,"template":"","format":"standard","meta":{"footnotes":""},"categories":[1],"tags":[],"class_list":["post-5189","post","type-post","status-publish","format-standard","hentry","category-general"],"_links":{"self":[{"href":"https:\/\/blogs.deia.eus\/anasagasti\/wp-json\/wp\/v2\/posts\/5189","targetHints":{"allow":["GET"]}}],"collection":[{"href":"https:\/\/blogs.deia.eus\/anasagasti\/wp-json\/wp\/v2\/posts"}],"about":[{"href":"https:\/\/blogs.deia.eus\/anasagasti\/wp-json\/wp\/v2\/types\/post"}],"author":[{"embeddable":true,"href":"https:\/\/blogs.deia.eus\/anasagasti\/wp-json\/wp\/v2\/users\/19"}],"replies":[{"embeddable":true,"href":"https:\/\/blogs.deia.eus\/anasagasti\/wp-json\/wp\/v2\/comments?post=5189"}],"version-history":[{"count":1,"href":"https:\/\/blogs.deia.eus\/anasagasti\/wp-json\/wp\/v2\/posts\/5189\/revisions"}],"predecessor-version":[{"id":5191,"href":"https:\/\/blogs.deia.eus\/anasagasti\/wp-json\/wp\/v2\/posts\/5189\/revisions\/5191"}],"wp:attachment":[{"href":"https:\/\/blogs.deia.eus\/anasagasti\/wp-json\/wp\/v2\/media?parent=5189"}],"wp:term":[{"taxonomy":"category","embeddable":true,"href":"https:\/\/blogs.deia.eus\/anasagasti\/wp-json\/wp\/v2\/categories?post=5189"},{"taxonomy":"post_tag","embeddable":true,"href":"https:\/\/blogs.deia.eus\/anasagasti\/wp-json\/wp\/v2\/tags?post=5189"}],"curies":[{"name":"wp","href":"https:\/\/api.w.org\/{rel}","templated":true}]}}