{"id":5319,"date":"2014-07-10T21:21:46","date_gmt":"2014-07-10T19:21:46","guid":{"rendered":"http:\/\/blogs.deia.com\/anasagasti\/?p=5319"},"modified":"2014-07-10T21:21:46","modified_gmt":"2014-07-10T19:21:46","slug":"desayuno-con-ortuzar","status":"publish","type":"post","link":"https:\/\/blogs.deia.eus\/anasagasti\/2014\/07\/10\/desayuno-con-ortuzar\/","title":{"rendered":"Desayuno con Ortuzar"},"content":{"rendered":"<p><strong><strong>Jueves 10 de julio de 2014<\/strong><\/strong><\/p>\n<p><a href=\"http:\/\/blogs.deia.com\/anasagasti\/files\/2014\/07\/Ortuzar-en-el-Foro-Europa.png\"><img loading=\"lazy\" decoding=\"async\" class=\"alignleft size-full wp-image-5320\" src=\"http:\/\/blogs.deia.com\/anasagasti\/files\/2014\/07\/Ortuzar-en-el-Foro-Europa.png\" alt=\"Ortuzar en el Foro Europa\" width=\"287\" height=\"175\" \/><\/a>Vino el presidente del EBB, Andoni Ortuzar a Madrid. Invitado por el F\u00f3rum Europa y en uno de los desayunos habituales toc\u00f3 esta vez el Casino de Madrid, marco adecuado en el centro de la Villa. Iba a venir hace un mes pero el fallecimiento de Adolfo Su\u00e1rez aconsej\u00f3 su posposici\u00f3n.<\/p>\n<p>Hora y media de parlamento, tras una presentaci\u00f3n simp\u00e1ticamente provocadora de Jos\u00e9 Luis Rodr\u00edguez y una introducci\u00f3n de casi media hora en el atril de Ortuzar. Con tono sosegado y convincente ha ido desgranando los argumentos sobre c\u00f3mo ve los desaf\u00edos que tiene Euzkadi, la pol\u00edtica en general y las relaciones bilaterales. Ha estado claro y, con pu\u00f1o de hierro en guante de seda, ha hablado muy claro de todos los asuntos que le han planteado en el coloquio y que han ido desde Kutxabank, hasta la monarqu\u00eda, pasando por los sindicatos. A todo ha contestado con argumentos convincentes.<\/p>\n<p>Se ha quejado del autismo del gobierno Rajoy y lo ha descrito con una frase sencilla, \u00abni una mala palabra, ni una buena acci\u00f3n\u00bb. Ha acusado la cerraz\u00f3n suicida del PP a la hora de hacer pol\u00edtica y de las coincidencias parlamentarias en Euzkadi entre el PP y la IA con la \u00fanica obsesi\u00f3n de desgastar al gobierno vasco. \u00abSolo buscan trabajar en el acoso y derribo del gobierno Urkullu\u00bb. En relaci\u00f3n al paro ha reivindicado la pol\u00edtica industrial como algo prioritario sin olvidar otros sectores como pueden ser los servicios, pero apostando claramente por la Industria. \u00abEn eso somos cl\u00e1sicos y es lo que nos sacar\u00e1 del agujero\u00bb.<\/p>\n<p>Ha dado datos concretos en la relaci\u00f3n con la recentralizaci\u00f3n del estado: 26 disputas en el Tribunal Constitucional, ante un Tribunal que \u00abes un \u00e1rbitro casero\u00bb.<\/p>\n<p>Solicit\u00f3 de una vez trabajar admitiendo un par\u00e1metro indispensable como es el reconocimiento mutuo. Y se ha lamentado de los desencuentros resumiendo los conflictos que surgen, como el de las EPSV, que en lugar de copiar lo que funciona bien, o el de Kutxabank, \u00abparecer\u00eda como si no se quisiera que otros lo hagan mejor y que lo que se puede hacer en Euzkadi y funciona molesta aqu\u00ed en Madrid y se piensa que si no se puede hacer aqu\u00ed en la capital, que no se haga. Estamos arriba, somos peque\u00f1os, pero hacemos cosas que funcionan y al parecer eso molesta\u00bb.<\/p>\n<p>Pidi\u00f3 empezar a hablar de todo con un Folio en blanco, sin dogmatismos y record\u00f3 que al inicio de la transici\u00f3n solo hab\u00eda tres demandas de autogobierno, la vasca, la catalana y la gallega, y la generalizaci\u00f3n del proceso nos ha llevado a una situaci\u00f3n cr\u00edtica donde hay crisis territorial, crisis de las instituciones y crisis econ\u00f3mica y social.<\/p>\n<p>Ha sido muy claro rechazando la recentralizaci\u00f3n del estado con leyes b\u00e1sicas que nos dicen que el esp\u00edritu de la Loapa sigue muy vivo.<\/p>\n<p>Me imagino que en el Madrid pol\u00edtico destacar\u00e1n la contestaci\u00f3n que ha dado sobre el papel del rey cuando ha dicho que solo pide se nos escuche y se nos tenga en cuenta.<\/p>\n<p>He visto en el desayuno a embajadores. En nuestra mesa estaba el de Chile, personalidades como Miguel Herrero y Rodr\u00edguez de Mi\u00f1on, el fiscal Calparsoro, Nuria L\u00f3pez de Gere\u00f1u y Sagredo, los consejeros Beltr\u00e1n de Heredia y Erkoreka, la presidenta del Parlamento Vasco Bakartxo Tejeria, el ex consejero Atienza y el socialista Tontxu Rodr\u00edguez, los delegados Aguado y Bosch, los presidentes de las ejecutivas del PNV Egibar, Atutxa, Aierdi y Aguirre, el jefe de prensa del PNV Unai Larrea, los catalanes Jane y S\u00e1nchez Llibre, el presidente de Confebask Migel A. Lujua, el director de la C\u00e1mara de Comercio Mikel Arieta-Araunabe\u00f1a, el secretario del Consejo de Euskaltel Pako Allende, el ex burukide Zalbidegoitia y el burukide Aurrekoetxea, Uxue Barkos, Uria, el alcalde de Erandio, Joseba Goikouria, el senador de CC Narvay Quintero y los diputados Olabarria, S\u00e1nchez Robles y Azpiazu, los senadores Cazalis, Bildarratz e Iparraguirre, y la secretaria del EBB Pilar Garc\u00eda Olano y muchos m\u00e1s.<\/p>\n<p>Lamentable la ausencia de representantes del PP y del PSOE. Ellos se lo pierden. No me extra\u00f1a que anden manga por hombro. Solo funcionan por impulsos. Pero hab\u00eda empresarios, diplom\u00e1ticos y periodistas. A sala llena. Interesante y esclarecedor desayuno que se une a la historia de las presencias de Josu Jon Imaz y de I\u00f1igo Urkullu que siempre han venido a la Villa y Corte y explicado lo que es un partido de 119 a\u00f1os y las pol\u00edticas que implementa.<\/p>\n<!-- AddThis Advanced Settings generic via filter on the_content --><!-- AddThis Share Buttons generic via filter on the_content -->","protected":false},"excerpt":{"rendered":"<p>Jueves 10 de julio de 2014 Vino el presidente del EBB, Andoni Ortuzar a Madrid. Invitado por el F\u00f3rum Europa y en uno de los desayunos habituales toc\u00f3 esta vez el Casino de Madrid, marco adecuado en el centro de la Villa. Iba a venir hace un mes pero el fallecimiento de Adolfo Su\u00e1rez aconsej\u00f3 &hellip; <a href=\"https:\/\/blogs.deia.eus\/anasagasti\/2014\/07\/10\/desayuno-con-ortuzar\/\" class=\"more-link\">Sigue leyendo <span class=\"screen-reader-text\">Desayuno con Ortuzar<\/span><\/a><!-- AddThis Advanced Settings generic via filter on get_the_excerpt --><!-- AddThis Share Buttons generic via filter on get_the_excerpt --><\/p>\n","protected":false},"author":19,"featured_media":0,"comment_status":"open","ping_status":"open","sticky":false,"template":"","format":"standard","meta":{"footnotes":""},"categories":[1],"tags":[],"class_list":["post-5319","post","type-post","status-publish","format-standard","hentry","category-general"],"_links":{"self":[{"href":"https:\/\/blogs.deia.eus\/anasagasti\/wp-json\/wp\/v2\/posts\/5319","targetHints":{"allow":["GET"]}}],"collection":[{"href":"https:\/\/blogs.deia.eus\/anasagasti\/wp-json\/wp\/v2\/posts"}],"about":[{"href":"https:\/\/blogs.deia.eus\/anasagasti\/wp-json\/wp\/v2\/types\/post"}],"author":[{"embeddable":true,"href":"https:\/\/blogs.deia.eus\/anasagasti\/wp-json\/wp\/v2\/users\/19"}],"replies":[{"embeddable":true,"href":"https:\/\/blogs.deia.eus\/anasagasti\/wp-json\/wp\/v2\/comments?post=5319"}],"version-history":[{"count":1,"href":"https:\/\/blogs.deia.eus\/anasagasti\/wp-json\/wp\/v2\/posts\/5319\/revisions"}],"predecessor-version":[{"id":5321,"href":"https:\/\/blogs.deia.eus\/anasagasti\/wp-json\/wp\/v2\/posts\/5319\/revisions\/5321"}],"wp:attachment":[{"href":"https:\/\/blogs.deia.eus\/anasagasti\/wp-json\/wp\/v2\/media?parent=5319"}],"wp:term":[{"taxonomy":"category","embeddable":true,"href":"https:\/\/blogs.deia.eus\/anasagasti\/wp-json\/wp\/v2\/categories?post=5319"},{"taxonomy":"post_tag","embeddable":true,"href":"https:\/\/blogs.deia.eus\/anasagasti\/wp-json\/wp\/v2\/tags?post=5319"}],"curies":[{"name":"wp","href":"https:\/\/api.w.org\/{rel}","templated":true}]}}