{"id":5325,"date":"2014-07-12T13:22:35","date_gmt":"2014-07-12T11:22:35","guid":{"rendered":"http:\/\/blogs.deia.com\/anasagasti\/?p=5325"},"modified":"2014-07-12T13:22:35","modified_gmt":"2014-07-12T11:22:35","slug":"hace-120-anos-se-izo-la-ikurrina","status":"publish","type":"post","link":"https:\/\/blogs.deia.eus\/anasagasti\/2014\/07\/12\/hace-120-anos-se-izo-la-ikurrina\/","title":{"rendered":"Hace 120 a\u00f1os se iz\u00f3 la Ikurri\u00f1a"},"content":{"rendered":"<p><strong><strong>S\u00e1bado 12 de julio de 2014<\/strong><\/strong><\/p>\n<p><a href=\"http:\/\/blogs.deia.com\/anasagasti\/files\/2014\/07\/Ikurri\u00f1a_1comp.jpg\"><img loading=\"lazy\" decoding=\"async\" class=\"alignleft size-full wp-image-5326\" src=\"http:\/\/blogs.deia.com\/anasagasti\/files\/2014\/07\/Ikurri\u00f1a_1comp.jpg\" alt=\"Ikurri\u00f1a_1comp\" width=\"1024\" height=\"768\" srcset=\"https:\/\/blogs.deia.eus\/anasagasti\/files\/2014\/07\/Ikurri\u00f1a_1comp.jpg 1024w, https:\/\/blogs.deia.eus\/anasagasti\/files\/2014\/07\/Ikurri\u00f1a_1comp-580x435.jpg 580w, https:\/\/blogs.deia.eus\/anasagasti\/files\/2014\/07\/Ikurri\u00f1a_1comp-940x705.jpg 940w\" sizes=\"auto, (max-width: 1024px) 100vw, 1024px\" \/><\/a><a href=\"http:\/\/blogs.deia.com\/anasagasti\/files\/2014\/07\/Ikuri\u00f1a_2.jpg\"><img loading=\"lazy\" decoding=\"async\" class=\"alignleft size-full wp-image-5327\" src=\"http:\/\/blogs.deia.com\/anasagasti\/files\/2014\/07\/Ikuri\u00f1a_2.jpg\" alt=\"Ikuri\u00f1a_2\" width=\"1024\" height=\"768\" srcset=\"https:\/\/blogs.deia.eus\/anasagasti\/files\/2014\/07\/Ikuri\u00f1a_2.jpg 1024w, https:\/\/blogs.deia.eus\/anasagasti\/files\/2014\/07\/Ikuri\u00f1a_2-580x435.jpg 580w, https:\/\/blogs.deia.eus\/anasagasti\/files\/2014\/07\/Ikuri\u00f1a_2-940x705.jpg 940w\" sizes=\"auto, (max-width: 1024px) 100vw, 1024px\" \/><\/a>Bonito acto\u00a0 el organizado por el EBB para recordar que hace 120 a\u00f1os se iz\u00f3 en la Calle Correo de Bilbao y por primera vez la ikurri\u00f1a dise\u00f1ada por los hermanos Arana y Goiri.<\/p>\n<p>El edificio de la calle Correo 22 del Casco Viejo ya no existe. Y no hay ni una placa. Imag\u00ednense ustedes algo as\u00ed en un pa\u00eds europeo. Recuerdo como nos vinieron a anunciar que iban\u00a0 a tirar la casa. Les dijimos que no. Que eso era parte de la historia de este pueblo. Pues la tiraron y por eso ha sido procedente se organizara este acto de recuerdo. Sobre todo para quienes la han adversado y perseguido y tambi\u00e9n para recordar que fueron los hermanos Arana quienes tomaron la iniciativa y dise\u00f1aron la bandera de todos los vascos que fue as\u00ed decidido, gracias a la iniciativa del Consejero de Industria del primer Gobierno Vasco, Santiago Aznar en 1936, utilizarla como s\u00edmbolo de todos los vascos.<\/p>\n<p>El acto de hoy era para recordar esas fechas y una trayectoria.<\/p>\n<p>Muy buena iniciativa.<\/p>\n<!-- AddThis Advanced Settings generic via filter on the_content --><!-- AddThis Share Buttons generic via filter on the_content -->","protected":false},"excerpt":{"rendered":"<p>S\u00e1bado 12 de julio de 2014 Bonito acto\u00a0 el organizado por el EBB para recordar que hace 120 a\u00f1os se iz\u00f3 en la Calle Correo de Bilbao y por primera vez la ikurri\u00f1a dise\u00f1ada por los hermanos Arana y Goiri. El edificio de la calle Correo 22 del Casco Viejo ya no existe. Y no &hellip; <a href=\"https:\/\/blogs.deia.eus\/anasagasti\/2014\/07\/12\/hace-120-anos-se-izo-la-ikurrina\/\" class=\"more-link\">Sigue leyendo <span class=\"screen-reader-text\">Hace 120 a\u00f1os se iz\u00f3 la Ikurri\u00f1a<\/span><\/a><!-- AddThis Advanced Settings generic via filter on get_the_excerpt --><!-- AddThis Share Buttons generic via filter on get_the_excerpt --><\/p>\n","protected":false},"author":19,"featured_media":0,"comment_status":"open","ping_status":"open","sticky":false,"template":"","format":"standard","meta":{"footnotes":""},"categories":[1],"tags":[],"class_list":["post-5325","post","type-post","status-publish","format-standard","hentry","category-general"],"_links":{"self":[{"href":"https:\/\/blogs.deia.eus\/anasagasti\/wp-json\/wp\/v2\/posts\/5325","targetHints":{"allow":["GET"]}}],"collection":[{"href":"https:\/\/blogs.deia.eus\/anasagasti\/wp-json\/wp\/v2\/posts"}],"about":[{"href":"https:\/\/blogs.deia.eus\/anasagasti\/wp-json\/wp\/v2\/types\/post"}],"author":[{"embeddable":true,"href":"https:\/\/blogs.deia.eus\/anasagasti\/wp-json\/wp\/v2\/users\/19"}],"replies":[{"embeddable":true,"href":"https:\/\/blogs.deia.eus\/anasagasti\/wp-json\/wp\/v2\/comments?post=5325"}],"version-history":[{"count":1,"href":"https:\/\/blogs.deia.eus\/anasagasti\/wp-json\/wp\/v2\/posts\/5325\/revisions"}],"predecessor-version":[{"id":5328,"href":"https:\/\/blogs.deia.eus\/anasagasti\/wp-json\/wp\/v2\/posts\/5325\/revisions\/5328"}],"wp:attachment":[{"href":"https:\/\/blogs.deia.eus\/anasagasti\/wp-json\/wp\/v2\/media?parent=5325"}],"wp:term":[{"taxonomy":"category","embeddable":true,"href":"https:\/\/blogs.deia.eus\/anasagasti\/wp-json\/wp\/v2\/categories?post=5325"},{"taxonomy":"post_tag","embeddable":true,"href":"https:\/\/blogs.deia.eus\/anasagasti\/wp-json\/wp\/v2\/tags?post=5325"}],"curies":[{"name":"wp","href":"https:\/\/api.w.org\/{rel}","templated":true}]}}