{"id":5329,"date":"2014-07-13T22:06:32","date_gmt":"2014-07-13T20:06:32","guid":{"rendered":"http:\/\/blogs.deia.com\/anasagasti\/?p=5329"},"modified":"2014-07-13T22:06:32","modified_gmt":"2014-07-13T20:06:32","slug":"gano-susana-diaz-o-sanchez-o-perdio-madina","status":"publish","type":"post","link":"https:\/\/blogs.deia.eus\/anasagasti\/2014\/07\/13\/gano-susana-diaz-o-sanchez-o-perdio-madina\/","title":{"rendered":"\u00bfGan\u00f3 Susana D\u00edaz, o S\u00e1nchez ? \u00bfO Perdi\u00f3 Madina?."},"content":{"rendered":"<p><strong><strong>Domingo 13 de julio de 2014<\/strong><\/strong><\/p>\n<p><a href=\"http:\/\/blogs.deia.com\/anasagasti\/files\/2014\/07\/S\u00e1nchez.png\"><img loading=\"lazy\" decoding=\"async\" class=\"alignleft size-full wp-image-5330\" src=\"http:\/\/blogs.deia.com\/anasagasti\/files\/2014\/07\/S\u00e1nchez.png\" alt=\"S\u00e1nchez\" width=\"225\" height=\"225\" srcset=\"https:\/\/blogs.deia.eus\/anasagasti\/files\/2014\/07\/S\u00e1nchez.png 225w, https:\/\/blogs.deia.eus\/anasagasti\/files\/2014\/07\/S\u00e1nchez-150x150.png 150w\" sizes=\"auto, (max-width: 225px) 100vw, 225px\" \/><\/a>Gan\u00f3 un madrile\u00f1o apoyado por los andaluces. La Espa\u00f1a de verdad. No la Espa\u00f1a de vascos y\u00a0 perif\u00e9ricos. El PSOE\u00a0 nos dice\u00a0 en \u00a0su \u00faltima letra\u00a0 que la definici\u00f3n es clara:\u00a0la E de espa\u00f1ol. Es la que para m\u00ed ha ganado.<\/p>\n<p>Madina es un tipo dif\u00edcil y con personalidad, alguien no f\u00e1cil de llevar y me dicen que Susana D\u00edaz y Madina no se llevan bien desde las Juventudes Socialistas. De hecho le fastidi\u00f3 a D\u00edaz la posibilidad de ser ella la secretaria y la candidata electoral cuando dijo que era el militante quien deb\u00eda elegir a sus autoridades, y no el aparato. Le \u00a0rompi\u00f3 el esquema a la Sra. andaluza. Y no se lo ha perdonado.<\/p>\n<p>Bien es verdad que Madina ha sido a\u00f1os el designado por los dioses para serlo todo en el PSOE. El tapado antip\u00e1tico que viviendo en Madrid pasa por intelectual\u00a0 y aunque est\u00e1 casado con sevillana que curiosamente trabaja en Telef\u00f3nica y S\u00e1nchez, casado con bilba\u00edna\u00a0 y con una hija llamada Ainhoa, la Espa\u00f1a profunda prefiere el desconocido por conocer, que el conocido que viene del Norte. Lo dem\u00e1s no se entiende que en Andaluc\u00eda haya vencido tan mayoritariamente S\u00e1nchez. Eso no es una elecci\u00f3n libre. Eso es actuar por consigna y por un antiMadinismo \u00a0muy marcado.<\/p>\n<p>No ser\u00e1 f\u00e1cil la convivencia, entre ellos,\u00a0aunque Madina ya dijo que no ser\u00eda candidato a las elecciones generales. Queda pues S\u00e1nchez y Chac\u00f3n, pero \u00e9sta ya ha gastado casi todas sus papeletas. Y P\u00e9rez Tapias ha consolidado su espacio en la ejecutiva\u00a0 a trav\u00e9s de Izquierda Socialista.<\/p>\n<p>Conozco a S\u00e1nchez de la Comisi\u00f3n Mixta Europea.es hombre correcto y preparado .M\u00e1s cabal \u00a0que Zapatero, aunque uno no tiene que fiarse de lo que se dice, sino de lo que se hace. Y lo que ha nacido es un t\u00e1ndem: S\u00e1nchez-D\u00edaz.<\/p>\n<p>&nbsp;<\/p>\n<!-- AddThis Advanced Settings generic via filter on the_content --><!-- AddThis Share Buttons generic via filter on the_content -->","protected":false},"excerpt":{"rendered":"<p>Domingo 13 de julio de 2014 Gan\u00f3 un madrile\u00f1o apoyado por los andaluces. La Espa\u00f1a de verdad. No la Espa\u00f1a de vascos y\u00a0 perif\u00e9ricos. El PSOE\u00a0 nos dice\u00a0 en \u00a0su \u00faltima letra\u00a0 que la definici\u00f3n es clara:\u00a0la E de espa\u00f1ol. Es la que para m\u00ed ha ganado. Madina es un tipo dif\u00edcil y con personalidad, &hellip; <a href=\"https:\/\/blogs.deia.eus\/anasagasti\/2014\/07\/13\/gano-susana-diaz-o-sanchez-o-perdio-madina\/\" class=\"more-link\">Sigue leyendo <span class=\"screen-reader-text\">\u00bfGan\u00f3 Susana D\u00edaz, o S\u00e1nchez ? \u00bfO Perdi\u00f3 Madina?.<\/span><\/a><!-- AddThis Advanced Settings generic via filter on get_the_excerpt --><!-- AddThis Share Buttons generic via filter on get_the_excerpt --><\/p>\n","protected":false},"author":19,"featured_media":0,"comment_status":"open","ping_status":"open","sticky":false,"template":"","format":"standard","meta":{"footnotes":""},"categories":[1],"tags":[],"class_list":["post-5329","post","type-post","status-publish","format-standard","hentry","category-general"],"_links":{"self":[{"href":"https:\/\/blogs.deia.eus\/anasagasti\/wp-json\/wp\/v2\/posts\/5329","targetHints":{"allow":["GET"]}}],"collection":[{"href":"https:\/\/blogs.deia.eus\/anasagasti\/wp-json\/wp\/v2\/posts"}],"about":[{"href":"https:\/\/blogs.deia.eus\/anasagasti\/wp-json\/wp\/v2\/types\/post"}],"author":[{"embeddable":true,"href":"https:\/\/blogs.deia.eus\/anasagasti\/wp-json\/wp\/v2\/users\/19"}],"replies":[{"embeddable":true,"href":"https:\/\/blogs.deia.eus\/anasagasti\/wp-json\/wp\/v2\/comments?post=5329"}],"version-history":[{"count":1,"href":"https:\/\/blogs.deia.eus\/anasagasti\/wp-json\/wp\/v2\/posts\/5329\/revisions"}],"predecessor-version":[{"id":5331,"href":"https:\/\/blogs.deia.eus\/anasagasti\/wp-json\/wp\/v2\/posts\/5329\/revisions\/5331"}],"wp:attachment":[{"href":"https:\/\/blogs.deia.eus\/anasagasti\/wp-json\/wp\/v2\/media?parent=5329"}],"wp:term":[{"taxonomy":"category","embeddable":true,"href":"https:\/\/blogs.deia.eus\/anasagasti\/wp-json\/wp\/v2\/categories?post=5329"},{"taxonomy":"post_tag","embeddable":true,"href":"https:\/\/blogs.deia.eus\/anasagasti\/wp-json\/wp\/v2\/tags?post=5329"}],"curies":[{"name":"wp","href":"https:\/\/api.w.org\/{rel}","templated":true}]}}