{"id":5333,"date":"2014-07-15T21:20:21","date_gmt":"2014-07-15T19:20:21","guid":{"rendered":"http:\/\/blogs.deia.com\/anasagasti\/?p=5333"},"modified":"2014-07-15T21:20:21","modified_gmt":"2014-07-15T19:20:21","slug":"el-travestismo-y-el-modelo-de-pedro-sanchez","status":"publish","type":"post","link":"https:\/\/blogs.deia.eus\/anasagasti\/2014\/07\/15\/el-travestismo-y-el-modelo-de-pedro-sanchez\/","title":{"rendered":"El travestismo y el modelo de Pedro S\u00e1nchez"},"content":{"rendered":"<p><strong><strong>Martes 15 de julio de 2014<\/strong><\/strong><\/p>\n<p>Dice Pedro S\u00e1nchez que tiene dos modelos en pol\u00edtica: Mateo Renzi y Felipe Gonz\u00e1lez. Me escaman estas respuestas como de concurso de Misses.<\/p>\n<p>S\u00e1nchez no conoce la pol\u00edtica italiana, no conoce a Mateo Renzi y solo opina por cuatro impactos. No tiene como modelo a ning\u00fan pol\u00edtico de fuste italiano, ning\u00fan fil\u00f3sofo, ning\u00fan escritor, sino lo \u00faltimo en el mercado audiovsual. Me da que es una respuesta a la ligera. Como la de Felipe Gonz\u00e1lez. \u00bfPor qu\u00e9 le gusta?. \u00bfPor el Gal, por la corrupci\u00f3n, por no haber reformado la justicia, por su frase china del gato blanco y gato negro lo que importa es que cace ratones?. \u00bfO porque renunci\u00f3 al marxismo, al republicanismo\u00a0 y al socialismo?. \u00bfY por qu\u00e9 no aquel socialista \u00e9tico llamado Juli\u00e1n Besteiro o Fernando de los R\u00edos?. Una respuesta pues\u00a0 de circunstancia y que lo define como alguien superficial.<\/p>\n<p>Dijo en campa\u00f1a que a la monarqu\u00eda hab\u00eda que quitarle todos sus privilegios. \u00bfMantiene la aseveraci\u00f3n o fue un anzuelo de contienda?.<\/p>\n<p>Y sobre el travestismo.<\/p>\n<p>Hablo con diputados y senadores socialistas. Est\u00e1n en lo que llaman los \u00abd\u00edas del travestismo\u00bb. Uno me dec\u00eda. \u00abHe estado coordinando la campa\u00f1a de Pedro S\u00e1nchez. Nadie me llamaba. A partir del domingo tengo colapsado el m\u00f3vil con mensajes de apoyo y con la frase de que tenemos que remar juntos. Ahora se dan cuenta\u00bb. Otro me dec\u00eda que\u00a0 un \u00a0alcalde\u00a0les cost\u00f3 un mundo llevarlo a un acto de S\u00e1nchez en un pueblo de Catalunya. \u00abHoy sale en el peri\u00f3dico que son amigos de la infancia\u00bb.<\/p>\n<p>\u00ab\u00bfY Madina?\u00bb, pregunto. \u00abHa tenido lo que ha cosechado. Pedir hacer p\u00fablico los avales irrit\u00f3 a los andaluces y S\u00e1nchez ha ganado a pesar del apoyo andaluz por cuatro mil votos de m\u00e1s en Espa\u00f1a sin contar Andaluc\u00eda.\u00bb .\u00bb Madina tiene buena cabeza pero es\u00a0 un tipo profundamente antip\u00e1tico\u00bb. \u00abY eso se paga\u00bb.<\/p>\n<p>La entrada el lunes de S\u00e1nchez a la sede de Ferraz con Susana D\u00edaz apuntaba por donde van a ir sus pol\u00edticas y apoyos. Una semana de vacaciones no le hubiera sentado nada mal.<\/p>\n<!-- AddThis Advanced Settings generic via filter on the_content --><!-- AddThis Share Buttons generic via filter on the_content -->","protected":false},"excerpt":{"rendered":"<p>Martes 15 de julio de 2014 Dice Pedro S\u00e1nchez que tiene dos modelos en pol\u00edtica: Mateo Renzi y Felipe Gonz\u00e1lez. Me escaman estas respuestas como de concurso de Misses. S\u00e1nchez no conoce la pol\u00edtica italiana, no conoce a Mateo Renzi y solo opina por cuatro impactos. No tiene como modelo a ning\u00fan pol\u00edtico de fuste &hellip; <a href=\"https:\/\/blogs.deia.eus\/anasagasti\/2014\/07\/15\/el-travestismo-y-el-modelo-de-pedro-sanchez\/\" class=\"more-link\">Sigue leyendo <span class=\"screen-reader-text\">El travestismo y el modelo de Pedro S\u00e1nchez<\/span><\/a><!-- AddThis Advanced Settings generic via filter on get_the_excerpt --><!-- AddThis Share Buttons generic via filter on get_the_excerpt --><\/p>\n","protected":false},"author":19,"featured_media":0,"comment_status":"open","ping_status":"open","sticky":false,"template":"","format":"standard","meta":{"footnotes":""},"categories":[1],"tags":[],"class_list":["post-5333","post","type-post","status-publish","format-standard","hentry","category-general"],"_links":{"self":[{"href":"https:\/\/blogs.deia.eus\/anasagasti\/wp-json\/wp\/v2\/posts\/5333","targetHints":{"allow":["GET"]}}],"collection":[{"href":"https:\/\/blogs.deia.eus\/anasagasti\/wp-json\/wp\/v2\/posts"}],"about":[{"href":"https:\/\/blogs.deia.eus\/anasagasti\/wp-json\/wp\/v2\/types\/post"}],"author":[{"embeddable":true,"href":"https:\/\/blogs.deia.eus\/anasagasti\/wp-json\/wp\/v2\/users\/19"}],"replies":[{"embeddable":true,"href":"https:\/\/blogs.deia.eus\/anasagasti\/wp-json\/wp\/v2\/comments?post=5333"}],"version-history":[{"count":1,"href":"https:\/\/blogs.deia.eus\/anasagasti\/wp-json\/wp\/v2\/posts\/5333\/revisions"}],"predecessor-version":[{"id":5334,"href":"https:\/\/blogs.deia.eus\/anasagasti\/wp-json\/wp\/v2\/posts\/5333\/revisions\/5334"}],"wp:attachment":[{"href":"https:\/\/blogs.deia.eus\/anasagasti\/wp-json\/wp\/v2\/media?parent=5333"}],"wp:term":[{"taxonomy":"category","embeddable":true,"href":"https:\/\/blogs.deia.eus\/anasagasti\/wp-json\/wp\/v2\/categories?post=5333"},{"taxonomy":"post_tag","embeddable":true,"href":"https:\/\/blogs.deia.eus\/anasagasti\/wp-json\/wp\/v2\/tags?post=5333"}],"curies":[{"name":"wp","href":"https:\/\/api.w.org\/{rel}","templated":true}]}}