{"id":5335,"date":"2014-07-16T16:56:27","date_gmt":"2014-07-16T14:56:27","guid":{"rendered":"http:\/\/blogs.deia.com\/anasagasti\/?p=5335"},"modified":"2014-07-16T16:56:27","modified_gmt":"2014-07-16T14:56:27","slug":"floja-entrevista-en-etb-con-goirigolzarri","status":"publish","type":"post","link":"https:\/\/blogs.deia.eus\/anasagasti\/2014\/07\/16\/floja-entrevista-en-etb-con-goirigolzarri\/","title":{"rendered":"Floja entrevista en ETB con Goirigolzarri"},"content":{"rendered":"<p><strong><strong>Mi\u00e9rcoles 16 de julio de 2014<\/strong><\/strong><\/p>\n<p><a href=\"http:\/\/blogs.deia.com\/anasagasti\/files\/2014\/07\/Goirigolzarri.png\"><img loading=\"lazy\" decoding=\"async\" class=\"alignleft size-full wp-image-5336\" src=\"http:\/\/blogs.deia.com\/anasagasti\/files\/2014\/07\/Goirigolzarri.png\" alt=\"Goirigolzarri\" width=\"299\" height=\"168\" \/><\/a>Vi el viernes pasado en ETB el nuevo programa \u201cPor fin, viernes\u201d moderado por\u00a0 Jon Bilbao. Est\u00e1 bien. Tiene viveza, agilidad, temas de discusi\u00f3n interesantes y una buena hora de transmisi\u00f3n\u00a0 que deber\u00eda hacer conectar a los vascos con este programa y no con\u00a0 el de la Sexta, muy espa\u00f1ol y centrado en las cosas que ocurren en la piel de toro.<\/p>\n<p>La entrevista estrella fue al presidente de Bankia, Jos\u00e9 Ignacio Goirigolzarri, entrevista para mi fallida, fundamentalmente por la blandura de las preguntas que la hac\u00edan aparecer como un publireportaje. Me imagino que un tibur\u00f3n como el presidente de Bankia no va una noche de\u00a0 un viernes a ETB a que le despellejen o a decir las cosas que un banquero de la clase dirigente no dice nunca. Pero de eso, a una entrevista llena de t\u00f3picos va un mundo. Y ese mundo Jon Bilbao no lo traspas\u00f3.<\/p>\n<p>No le pregunt\u00f3 nada sobre Rodrigo Rato, nada sobre Caja Madrid, nada sobre los sueldos hipermillonarios, nada sobre aquel BBVA que dirigi\u00f3 junto a Francisco Gonz\u00e1lez, nada sobre el injusto rescate bancario que pagamos entre todos, nada sobre su candidatura a presidir el BBVA cuando Francisco Gonz\u00e1lez lo deje si alg\u00fan d\u00eda lo deja, nada sobre sobre casi nada. O muy poquito.<\/p>\n<p>Tampoco me gust\u00f3 sus alusiones vascas. Se le ve el cl\u00e1sico hombre de Bilbao\u00a0 cuyos padres ten\u00edan un bar en la calle Ledesma, que pasa por Deusto, es del Athletic pero nada m\u00e1s. Lo vasco se queda resumido en una aceituna informativa y sobre todo, sin el menor compromiso con este pa\u00eds. En nada. Solo hizo alusi\u00f3n a los j\u00f3venes latinoamericanos como si en Euzkadi no hubiera gentes necesitadas de ayuda y orientaci\u00f3n.<\/p>\n<p>No me gust\u00f3 nada la entrevista, ni el entervistado. Mil veces mejor fue la entrevista a Mikel Urmeneta al\u00a0 que una periodista del Correo no le dejaba hablar.<\/p>\n<p>Veremos si este viernes el programa da algo m\u00e1s de s\u00ed o es simplemente una peana para gentes como este Goiri que nos tom\u00f3 el pelo en un programa que ten\u00eda delante periodistas a los que no dejaron hablar. Una l\u00e1stima.<\/p>\n<p>En resumen, nada con sif\u00f3n.<\/p>\n<!-- AddThis Advanced Settings generic via filter on the_content --><!-- AddThis Share Buttons generic via filter on the_content -->","protected":false},"excerpt":{"rendered":"<p>Mi\u00e9rcoles 16 de julio de 2014 Vi el viernes pasado en ETB el nuevo programa \u201cPor fin, viernes\u201d moderado por\u00a0 Jon Bilbao. Est\u00e1 bien. Tiene viveza, agilidad, temas de discusi\u00f3n interesantes y una buena hora de transmisi\u00f3n\u00a0 que deber\u00eda hacer conectar a los vascos con este programa y no con\u00a0 el de la Sexta, muy &hellip; <a href=\"https:\/\/blogs.deia.eus\/anasagasti\/2014\/07\/16\/floja-entrevista-en-etb-con-goirigolzarri\/\" class=\"more-link\">Sigue leyendo <span class=\"screen-reader-text\">Floja entrevista en ETB con Goirigolzarri<\/span><\/a><!-- AddThis Advanced Settings generic via filter on get_the_excerpt --><!-- AddThis Share Buttons generic via filter on get_the_excerpt --><\/p>\n","protected":false},"author":19,"featured_media":0,"comment_status":"open","ping_status":"open","sticky":false,"template":"","format":"standard","meta":{"footnotes":""},"categories":[1],"tags":[],"class_list":["post-5335","post","type-post","status-publish","format-standard","hentry","category-general"],"_links":{"self":[{"href":"https:\/\/blogs.deia.eus\/anasagasti\/wp-json\/wp\/v2\/posts\/5335","targetHints":{"allow":["GET"]}}],"collection":[{"href":"https:\/\/blogs.deia.eus\/anasagasti\/wp-json\/wp\/v2\/posts"}],"about":[{"href":"https:\/\/blogs.deia.eus\/anasagasti\/wp-json\/wp\/v2\/types\/post"}],"author":[{"embeddable":true,"href":"https:\/\/blogs.deia.eus\/anasagasti\/wp-json\/wp\/v2\/users\/19"}],"replies":[{"embeddable":true,"href":"https:\/\/blogs.deia.eus\/anasagasti\/wp-json\/wp\/v2\/comments?post=5335"}],"version-history":[{"count":1,"href":"https:\/\/blogs.deia.eus\/anasagasti\/wp-json\/wp\/v2\/posts\/5335\/revisions"}],"predecessor-version":[{"id":5337,"href":"https:\/\/blogs.deia.eus\/anasagasti\/wp-json\/wp\/v2\/posts\/5335\/revisions\/5337"}],"wp:attachment":[{"href":"https:\/\/blogs.deia.eus\/anasagasti\/wp-json\/wp\/v2\/media?parent=5335"}],"wp:term":[{"taxonomy":"category","embeddable":true,"href":"https:\/\/blogs.deia.eus\/anasagasti\/wp-json\/wp\/v2\/categories?post=5335"},{"taxonomy":"post_tag","embeddable":true,"href":"https:\/\/blogs.deia.eus\/anasagasti\/wp-json\/wp\/v2\/tags?post=5335"}],"curies":[{"name":"wp","href":"https:\/\/api.w.org\/{rel}","templated":true}]}}