{"id":5338,"date":"2014-07-17T15:46:02","date_gmt":"2014-07-17T13:46:02","guid":{"rendered":"http:\/\/blogs.deia.com\/anasagasti\/?p=5338"},"modified":"2014-07-17T15:46:02","modified_gmt":"2014-07-17T13:46:02","slug":"amaia-urkia-vuelve-a-los-informativos-de-la-noche-de-etb","status":"publish","type":"post","link":"https:\/\/blogs.deia.eus\/anasagasti\/2014\/07\/17\/amaia-urkia-vuelve-a-los-informativos-de-la-noche-de-etb\/","title":{"rendered":"Amaia Urkia vuelve a los informativos de la noche de ETB"},"content":{"rendered":"<p><strong><strong>Jueves 17 de julio de 2014<\/strong><\/strong><\/p>\n<p><a href=\"http:\/\/blogs.deia.com\/anasagasti\/files\/2014\/07\/Amaia-Urkia.png\"><img loading=\"lazy\" decoding=\"async\" class=\"alignleft size-full wp-image-5339\" src=\"http:\/\/blogs.deia.com\/anasagasti\/files\/2014\/07\/Amaia-Urkia.png\" alt=\"Amaia Urkia\" width=\"259\" height=\"195\" \/><\/a>Rosana Lakunza\u00a0 le hace una entrevista en Deia\u00a0 a Amaia Urkia\u00a0 ya que va a ser\u00a0 la presentadora del Teleberri de noche en ETB-2. Amaia es una buena periodista y me alegra que le encarguen este informativo ya que ella no es un loro, como Ana Blanco\u00a0\u00a0 de TVE, que repite y lee lo que le ponen delante. Amaia tiene personalidad y trayectoria. No lo pas\u00f3 nada bien en tiempos de ETA por su valent\u00eda en denunciar el gran atropello de la violencia y gente as\u00ed, con personalidad y rea\u00f1os, es la que tiene que estar al frente de las cosas y no los melifluos que lo mismo les da un roto que un descosido.<\/p>\n<p>Fui el primer presidente de la Comisi\u00f3n del Parlamento Vasco donde se aprob\u00f3 el estatuto del Ente P\u00fablico EITB y s\u00e9 c\u00f3mo se gest\u00f3 aquello y cu\u00e1l fue su filosof\u00eda que tiene\u00a0 poco que ver con lo que hoy se estila.<\/p>\n<p>Eran tiempos de salir del lenguaje autoritario y se ped\u00eda un periodismo fresco, cercano, veraz y no almidonado y sobre todo no partidista en el peor de sus acepciones, es decir, bajo las \u00f3rdenes de los partidos que con sus jefaturas de prensa quieren sacar lo mejor de lo que dicen sus jefes, cosa que est\u00e1 muy bien, pero acartona\u00a0el \u00a0informativo de un pa\u00eds en el que pasan muchas cosas y no precisamente las que se imponen en ser publicadas.<\/p>\n<p>Y no estoy en contra de las jefaturas de prensa de los partidos, \u00a1l\u00edbreme Dios!. Fui el primer jefe de esa especie del PNV cuando hab\u00eda que romper el muro de silencio y tergiversaci\u00f3n que rodeaba \u00a0una informaci\u00f3n mentirosa. Y\u00a0 los gabinetes de prensa son necesarios para canalizar la informaci\u00f3n. Ya lo s\u00e9. Pero si creo que est\u00e1 faltando frescura y dinamismo a una informaci\u00f3n demasiado\u00a0 oficial, troceada y dif\u00edcil de distinguir de la que nos viene de los medios sitos en Madrid. Salvo en lo que se refiere al agotador \u00a0proceso de paz que est\u00e1 muy sobredimensionado e interesa a muy pocos. Entre otras cosas por la chapa que meten.<\/p>\n<p>Dice Amaia en la entrevista\u00a0 que ha trabajado mucho en pol\u00edtica \u00aby ahora no me interesa tanto, no veo nada muy nuevo&#8230;.\u00bb. Pues b\u00fascalo Amaia ya que lo hay y mucho, much\u00edsimo. Y no solo es noticia lo que dicen los gabinetes, que tambi\u00e9n, sino las mil formas de hacer pol\u00edtica silenciadas de manera cuartelera en una sociedad muy viva y que produce centenares de noticias de las cuales ni tu Amaia te enteras como as\u00ed lo confirmas.<\/p>\n<p>Y un comentario que me parece fundamental, \u00abesta televisi\u00f3n se hace con el dinero del contribuyente p\u00fablico&#8230;Mi obligaci\u00f3n es hacer un trabajo que interese a todo el mundo, y en la medida que pueda lo har\u00e9\u00bb. Pero para eso no te tienes que casar con nadie m\u00e1s que con la noticia. Y en ETB hay much\u00edsimo que hacer.<\/p>\n<p>Karen Sanders, especialista en Comunicaci\u00f3n Pol\u00edtica\u00a0 y experta brit\u00e1nica que acaba de pasar por Bilbao ha dicho que en Espa\u00f1a\u00a0 ve gente muy capaz pero\u00a0 que hay mucho camino que recorrer en la comunicaci\u00f3n institucional, vinculada al Gobierno, porque prevalece el perfil del periodista tradicional, demasiado enfocado solamente\u00a0 al trato con los medios\u00bb.<\/p>\n<p>En este cambio tect\u00f3nico que est\u00e1 atravesando la pol\u00edtica, la manera de hacerla y de comunicarla, llega a ETB una veterana que\u00a0 quiz\u00e1s pueda hacer del informativo nocturno de ETB algo m\u00e1s interesante que el actual y no por culpa de los actuales presentadores que hacen una buena pareja. Y sobre todo m\u00e1s period\u00edstico y plural. La sociedad vasca se lo agradecer\u00e1 con m\u00e1s audiencia.<\/p>\n<!-- AddThis Advanced Settings generic via filter on the_content --><!-- AddThis Share Buttons generic via filter on the_content -->","protected":false},"excerpt":{"rendered":"<p>Jueves 17 de julio de 2014 Rosana Lakunza\u00a0 le hace una entrevista en Deia\u00a0 a Amaia Urkia\u00a0 ya que va a ser\u00a0 la presentadora del Teleberri de noche en ETB-2. Amaia es una buena periodista y me alegra que le encarguen este informativo ya que ella no es un loro, como Ana Blanco\u00a0\u00a0 de TVE, &hellip; <a href=\"https:\/\/blogs.deia.eus\/anasagasti\/2014\/07\/17\/amaia-urkia-vuelve-a-los-informativos-de-la-noche-de-etb\/\" class=\"more-link\">Sigue leyendo <span class=\"screen-reader-text\">Amaia Urkia vuelve a los informativos de la noche de ETB<\/span><\/a><!-- AddThis Advanced Settings generic via filter on get_the_excerpt --><!-- AddThis Share Buttons generic via filter on get_the_excerpt --><\/p>\n","protected":false},"author":19,"featured_media":0,"comment_status":"open","ping_status":"open","sticky":false,"template":"","format":"standard","meta":{"footnotes":""},"categories":[1],"tags":[],"class_list":["post-5338","post","type-post","status-publish","format-standard","hentry","category-general"],"_links":{"self":[{"href":"https:\/\/blogs.deia.eus\/anasagasti\/wp-json\/wp\/v2\/posts\/5338","targetHints":{"allow":["GET"]}}],"collection":[{"href":"https:\/\/blogs.deia.eus\/anasagasti\/wp-json\/wp\/v2\/posts"}],"about":[{"href":"https:\/\/blogs.deia.eus\/anasagasti\/wp-json\/wp\/v2\/types\/post"}],"author":[{"embeddable":true,"href":"https:\/\/blogs.deia.eus\/anasagasti\/wp-json\/wp\/v2\/users\/19"}],"replies":[{"embeddable":true,"href":"https:\/\/blogs.deia.eus\/anasagasti\/wp-json\/wp\/v2\/comments?post=5338"}],"version-history":[{"count":1,"href":"https:\/\/blogs.deia.eus\/anasagasti\/wp-json\/wp\/v2\/posts\/5338\/revisions"}],"predecessor-version":[{"id":5340,"href":"https:\/\/blogs.deia.eus\/anasagasti\/wp-json\/wp\/v2\/posts\/5338\/revisions\/5340"}],"wp:attachment":[{"href":"https:\/\/blogs.deia.eus\/anasagasti\/wp-json\/wp\/v2\/media?parent=5338"}],"wp:term":[{"taxonomy":"category","embeddable":true,"href":"https:\/\/blogs.deia.eus\/anasagasti\/wp-json\/wp\/v2\/categories?post=5338"},{"taxonomy":"post_tag","embeddable":true,"href":"https:\/\/blogs.deia.eus\/anasagasti\/wp-json\/wp\/v2\/tags?post=5338"}],"curies":[{"name":"wp","href":"https:\/\/api.w.org\/{rel}","templated":true}]}}