{"id":5341,"date":"2014-07-18T16:33:47","date_gmt":"2014-07-18T14:33:47","guid":{"rendered":"http:\/\/blogs.deia.com\/anasagasti\/?p=5341"},"modified":"2014-07-18T16:33:47","modified_gmt":"2014-07-18T14:33:47","slug":"porque-los-eurodiputados-socialistas-espanoles-no-devuelven-los-beneficios-de-su-pacto-previo","status":"publish","type":"post","link":"https:\/\/blogs.deia.eus\/anasagasti\/2014\/07\/18\/porque-los-eurodiputados-socialistas-espanoles-no-devuelven-los-beneficios-de-su-pacto-previo\/","title":{"rendered":"\u00bfPorqu\u00e9 los Eurodiputados Socialistas Espa\u00f1oles no     devuelven los beneficios de su pacto previo?"},"content":{"rendered":"<p><strong><strong>Viernes 18 de julio de 2014<\/strong><\/strong><\/p>\n<p><a href=\"http:\/\/blogs.deia.com\/anasagasti\/files\/2014\/07\/Jean-Claude-Juncker.jpg\"><img loading=\"lazy\" decoding=\"async\" class=\"alignleft size-full wp-image-5342\" src=\"http:\/\/blogs.deia.com\/anasagasti\/files\/2014\/07\/Jean-Claude-Juncker.jpg\" alt=\"Jean Claude Juncker\" width=\"657\" height=\"443\" srcset=\"https:\/\/blogs.deia.eus\/anasagasti\/files\/2014\/07\/Jean-Claude-Juncker.jpg 657w, https:\/\/blogs.deia.eus\/anasagasti\/files\/2014\/07\/Jean-Claude-Juncker-580x391.jpg 580w\" sizes=\"auto, (max-width: 657px) 100vw, 657px\" \/><\/a>La eurodiputada del PNV, Izaskun Bilbao\u00a0 vot\u00f3\u00a0 a favor\u00a0 de la candidatura de Jean Claude Juncker como presidente de la Comisi\u00f3n. Su programa, Juncker, lo tuvo que negociar con los socialistas, liberales y el PPE europeo \u00a0junto a eurodiputados como Izaskun Bilbao que estaba muy contenta de lo dicho por Juncker en su intervenci\u00f3n en el Parlamento Europeo.<\/p>\n<p>Curiosamente el partido socialista europeo acord\u00f3 apoyar a Juncker\u00a0 junto al PPE a cambio los dem\u00e1s apoyaban la candidatura del socialista \u00a0Mart\u00edn Schultz\u00a0 para la presidencia del Parlamento Europeo. Y mientras negociaban estas candidaturas, los eurodiputados espa\u00f1oles que iban a apoyar a Juncker consiguieron varios puestos de mucho inter\u00e9s en las comisiones y la Mesa, uno de ellos la presidencia de la Comisi\u00f3n de Igualdad.<\/p>\n<p>Pero vino el nuevo \u00a0S\u00e1nchez y mand\u00f3 parar y los eurodiputados del PSOE, los catorce, votaron contra Juncker pero aquella negociaci\u00f3n previa\u00a0 de la que se han beneficiado, les deber\u00eda obligar a poner la moviola y devolver los cargos conseguidos votando lo mismo que vot\u00f3 Bildu y los euroesc\u00e9pticos. \u00bfLo har\u00e1n?. No lo creo. Porque lo de ellos es el marketing, no la ideolog\u00eda ni la seriedad en la actuaci\u00f3n.<\/p>\n<p>Quien quiera saber el programa de Juncker lo exponemos a continuaci\u00f3n. Es \u00e9ste:<\/p>\n<p><strong>Un nuevo comienzo para Europa: mi Agenda en materia de empleo, crecimiento, equidad y cambio democr\u00e1tico<\/strong><\/p>\n<p>Sesi\u00f3n plenaria del Parlamento Europeo<\/p>\n<p><strong>Estrasburgo, 15 de julio de 2014<\/strong><\/p>\n<p>En el d\u00eda de hoy, Jean-Claude Juncker ha resultado elegido Presidente de la Comisi\u00f3n Europea por una amplia mayor\u00eda de 422 votos en la sesi\u00f3n plenaria del Parlamento Europeo. Tras haber sido propuesto, el 27 de junio de 2014, como candidato al cargo por el Consejo Europeo, Jean-Claude Juncker necesitaba una mayor\u00eda de 376 votos en el Parlamento Europeo. En su intervenci\u00f3n previa a la votaci\u00f3n ha presentado sus orientaciones pol\u00edticas para la pr\u00f3xima Comisi\u00f3n Europea tal como figuran en un documento que lleva por t\u00edtulo <strong>\u00ab<\/strong><a href=\"http:\/\/ec.europa.eu\/about\/juncker-commission\/docs\/pg_es.pdf\"><strong>Un nuevo comienzo para Europa: mi Agenda en materia de empleo, crecimiento, equidad y cambio democr\u00e1tico<\/strong><\/a>\u00bb. Estas orientaciones constituyen la base sobre la que Jean-Claude Juncker ha sido elegido hoy. A continuaci\u00f3n les ofrecemos la traducci\u00f3n de las citas m\u00e1s importantes de la intervenci\u00f3n del candidato a presidir la Comisi\u00f3n Europea:<\/p>\n<p>\u00abQuiero trabajar en pro de una Uni\u00f3n que est\u00e9 comprometida con la democracia y las reformas, que no interfiera sino que trabaje para sus ciudadanos, no contra ellos. Quiero trabajar a favor de <strong>una Uni\u00f3n que ofrezca resultados<\/strong>.\u00bb<\/p>\n<p>\u00abMi primera prioridad y el hilo conductor que gu\u00ede todas y cada una de mis propuestas ser\u00e1 conseguir que Europa vuelva a crecer y <strong>conseguir que los ciudadanos vuelvan a encontrar trabajo<\/strong>. Para ello, en los tres primeros meses de mi mandato, presentar\u00e9 un Paquete de empleo, crecimiento e inversi\u00f3n para generar un importe adicional de 300\u00a0000 millones de euros en inversiones durante los tres pr\u00f3ximos a\u00f1os.\u00bb<\/p>\n<p>\u00abLas PYME son la columna vertebral de nuestra econom\u00eda, ya que crean el 85\u00a0% de los nuevos puestos de trabajo en Europa: no podemos enterrarlas bajo el papeleo. <strong>Tenemos que liberarlas de la pesada carga que supone el exceso de reglamentaci\u00f3n<\/strong>.\u00bb<\/p>\n<p>\u00abRevierte en inter\u00e9s de todos que la energ\u00eda no se utilice como instrumento pol\u00edtico. <strong>Ya es hora de que Europa muestre su fortaleza, poniendo en com\u00fan recursos, combinando infraestructuras y aunando nuestro poder de negociaci\u00f3n.\u00bb<\/strong><\/p>\n<p>\u00abEl rescate del euro fue necesario aunque <strong>mostr\u00f3 carencias en el \u00e1mbito social<\/strong>. A mi juicio, es inaceptable que los trabajadores y jubilados hayan tenido que soportar la carga de los programas de reforma estructural, mientras que los armadores de buques y los especuladores financieros incrementaban a\u00fan m\u00e1s su riqueza. En el futuro, deber\u00edamos poder sustituir la \u00abtroika\u00bb por una estructura dotada de mayor legitimidad democr\u00e1tica y evaluaciones de impacto social para todo nuevo programa de apoyo.\u00bb<\/p>\n<p>\u00abQuiero un <strong>acuerdo comercial razonable y equilibrado con los Estados Unidos<\/strong>. Pero no sacrificar\u00e9 en el altar del libre comercio ni nuestra diversidad cultural ni las normas europeas en los \u00e1mbitos de la salud, la seguridad o la protecci\u00f3n social y de los datos.\u00bb<\/p>\n<p>\u00abNecesitamos m\u00e1s solidaridad en nuestra pol\u00edtica de inmigraci\u00f3n. Intensificar\u00e9 la cooperaci\u00f3n con terceros pa\u00edses para hacer frente con mayor fuerza a la inmigraci\u00f3n irregular y promover\u00e9 una nueva pol\u00edtica europea en materia de inmigraci\u00f3n legal para <strong>poner a Europa en el mapa como uno de los destinos favoritos para el talento<\/strong>.<\/p>\n<p>\u00abEstoy firmemente convencido de que debemos avanzar como Uni\u00f3n, pero no necesariamente todos a la misma velocidad. Es posible que <strong>algunos ya hayan llegado a su destino final<\/strong>. Siempre he estado muy dispuesto, y sigo est\u00e1ndolo, a escuchar y ayudar a encontrar soluciones a las inquietudes de todos y cada uno de los Estados miembros.\u00bb<\/p>\n<p>\u00abEl <strong>equilibrio entre hombres y mujeres no es un lujo: es una obligaci\u00f3n pol\u00edtica<\/strong> cuyo cumplimiento debe resultar obvio para todos, incluidos los l\u00edderes nacionales en sus propuestas de miembros de la pr\u00f3xima Comisi\u00f3n. Este aspecto constituye, de por s\u00ed, una prueba del compromiso de los Gobiernos de los Estados miembros con un planteamiento nuevo y m\u00e1s democr\u00e1tico en tiempos de cambio.\u00bb<\/p>\n<p>\u00ab\u00bb<strong>Esta vez es diferente\u00bb<\/strong> fue el lema del Parlamento Europeo durante la campa\u00f1a electoral. <strong>Demostremos, todos juntos, que podemos cumplir esa promesa, que unidos podemos verdaderamente cambiar y renovar Europa.\u00bb<\/strong>\u00a0\u00a0\u00a0\u00a0.<\/p>\n<!-- AddThis Advanced Settings generic via filter on the_content --><!-- AddThis Share Buttons generic via filter on the_content -->","protected":false},"excerpt":{"rendered":"<p>Viernes 18 de julio de 2014 La eurodiputada del PNV, Izaskun Bilbao\u00a0 vot\u00f3\u00a0 a favor\u00a0 de la candidatura de Jean Claude Juncker como presidente de la Comisi\u00f3n. Su programa, Juncker, lo tuvo que negociar con los socialistas, liberales y el PPE europeo \u00a0junto a eurodiputados como Izaskun Bilbao que estaba muy contenta de lo dicho &hellip; <a href=\"https:\/\/blogs.deia.eus\/anasagasti\/2014\/07\/18\/porque-los-eurodiputados-socialistas-espanoles-no-devuelven-los-beneficios-de-su-pacto-previo\/\" class=\"more-link\">Sigue leyendo <span class=\"screen-reader-text\">\u00bfPorqu\u00e9 los Eurodiputados Socialistas Espa\u00f1oles no     devuelven los beneficios de su pacto previo?<\/span><\/a><!-- AddThis Advanced Settings generic via filter on get_the_excerpt --><!-- AddThis Share Buttons generic via filter on get_the_excerpt --><\/p>\n","protected":false},"author":19,"featured_media":0,"comment_status":"open","ping_status":"open","sticky":false,"template":"","format":"standard","meta":{"footnotes":""},"categories":[1],"tags":[],"class_list":["post-5341","post","type-post","status-publish","format-standard","hentry","category-general"],"_links":{"self":[{"href":"https:\/\/blogs.deia.eus\/anasagasti\/wp-json\/wp\/v2\/posts\/5341","targetHints":{"allow":["GET"]}}],"collection":[{"href":"https:\/\/blogs.deia.eus\/anasagasti\/wp-json\/wp\/v2\/posts"}],"about":[{"href":"https:\/\/blogs.deia.eus\/anasagasti\/wp-json\/wp\/v2\/types\/post"}],"author":[{"embeddable":true,"href":"https:\/\/blogs.deia.eus\/anasagasti\/wp-json\/wp\/v2\/users\/19"}],"replies":[{"embeddable":true,"href":"https:\/\/blogs.deia.eus\/anasagasti\/wp-json\/wp\/v2\/comments?post=5341"}],"version-history":[{"count":1,"href":"https:\/\/blogs.deia.eus\/anasagasti\/wp-json\/wp\/v2\/posts\/5341\/revisions"}],"predecessor-version":[{"id":5343,"href":"https:\/\/blogs.deia.eus\/anasagasti\/wp-json\/wp\/v2\/posts\/5341\/revisions\/5343"}],"wp:attachment":[{"href":"https:\/\/blogs.deia.eus\/anasagasti\/wp-json\/wp\/v2\/media?parent=5341"}],"wp:term":[{"taxonomy":"category","embeddable":true,"href":"https:\/\/blogs.deia.eus\/anasagasti\/wp-json\/wp\/v2\/categories?post=5341"},{"taxonomy":"post_tag","embeddable":true,"href":"https:\/\/blogs.deia.eus\/anasagasti\/wp-json\/wp\/v2\/tags?post=5341"}],"curies":[{"name":"wp","href":"https:\/\/api.w.org\/{rel}","templated":true}]}}