{"id":5344,"date":"2014-07-20T19:09:23","date_gmt":"2014-07-20T17:09:23","guid":{"rendered":"http:\/\/blogs.deia.com\/anasagasti\/?p=5344"},"modified":"2014-07-20T19:09:23","modified_gmt":"2014-07-20T17:09:23","slug":"joaquin-leguina-es-como-blas-pinar","status":"publish","type":"post","link":"https:\/\/blogs.deia.eus\/anasagasti\/2014\/07\/20\/joaquin-leguina-es-como-blas-pinar\/","title":{"rendered":"Joaqu\u00edn Leguina es como Blas Pi\u00f1ar"},"content":{"rendered":"<p><strong><strong>Domingo 20 de julio de 2014<\/strong><\/strong><\/p>\n<p><a href=\"http:\/\/blogs.deia.com\/anasagasti\/files\/2014\/07\/Joaqu\u00edn-Leguina.png\"><img loading=\"lazy\" decoding=\"async\" class=\"alignleft size-full wp-image-5345\" src=\"http:\/\/blogs.deia.com\/anasagasti\/files\/2014\/07\/Joaqu\u00edn-Leguina.png\" alt=\"Joaqu\u00edn Leguina\" width=\"285\" height=\"177\" \/><\/a>Joaqu\u00edn Leguina, c\u00e1ntabro, ex alumno de la Universidad P\u00fablica Vasca (Sarriko), ex presidente de la Comunidad de Madrid (el primero) es un personaje agudo y profundamente resentido. Su odio africano a Rodr\u00edguez Zapatero lo proyecta a todo lo que este presidente hizo, o no hizo y ahora est\u00e1 encuadrado en el reaccionarismo m\u00e1s militante. La \u00faltima foto\u00a0 se la hizo con una serie de personajes que ven la unidad de Espa\u00f1a en peligro (\u00a1que unidad tan fr\u00e1gil!) en las escalinatas del Congreso de los Diputados y su \u00faltimo art\u00edculo lo le\u00ed el domingo en El Pa\u00eds comentando de que\u00a0 federalismo se habla.<\/p>\n<p>Su lectura no desentonar\u00eda con lo que hubiera escrito aquel dirigente de la ultraderecha espa\u00f1ola de la transici\u00f3n, el notario Blas Pi\u00f1ar. Para Pi\u00f1ar y para Leguina la unidad de Espa\u00f1a es lo \u00fanico que hay que preservar y para eso no importa aquello del fin justificando los medios.<\/p>\n<p>Pero es que adem\u00e1s el hombre manipula la historia y sobre esa manipulaci\u00f3n construye su discurso. Dice que \u201c\u00bfalguien puede pensar que los espa\u00f1oles van a estar de acuerdo con m\u00e1s privilegios, como el cupo vasco?\u201d. Leguina, que no hace un mea culpa sobre su presidencia de aquel ente et\u00e9reo ente \u00a0llamado Comunidad de Madrid que se la sacaron de la manga, miente cuando habla del Concierto como \u201cprivilegio\u201d. Eso no hace m\u00e1s que dar alas a todo el reaccionarismo espa\u00f1ol inculto que desconoce absolutamente la historia o porque no se la han ense\u00f1ado o porque les interesa manipularla. El Concierto no es un privilegio sino un pacto \u00a0(1878), tras una guerra \u00a0y \u00a0el \u00faltimo residuo foral que qued\u00f3 tas dos guerras abolitorias.<\/p>\n<p>Pero \u00a0esta gente \u00a0est\u00e1 juramentada en echar \u00a0le\u00f1a al fuego, \u00a0buscando \u00a0la confrontaci\u00f3n, no buscando\u00a0 el menor entendimiento\u00a0 sabiendo que van\u00a0 al choque de trenes .Son personas delet\u00e9reas y el tipo humano pero para una convivencia.<\/p>\n<p>Leguina demuestra d\u00eda a d\u00eda que es \u00a0amargado y un resentido y adem\u00e1s un manipulador. Pues bien, que siga por ese camino buscando el odio. Lo encontrar\u00e1.<\/p>\n<!-- AddThis Advanced Settings generic via filter on the_content --><!-- AddThis Share Buttons generic via filter on the_content -->","protected":false},"excerpt":{"rendered":"<p>Domingo 20 de julio de 2014 Joaqu\u00edn Leguina, c\u00e1ntabro, ex alumno de la Universidad P\u00fablica Vasca (Sarriko), ex presidente de la Comunidad de Madrid (el primero) es un personaje agudo y profundamente resentido. Su odio africano a Rodr\u00edguez Zapatero lo proyecta a todo lo que este presidente hizo, o no hizo y ahora est\u00e1 encuadrado &hellip; <a href=\"https:\/\/blogs.deia.eus\/anasagasti\/2014\/07\/20\/joaquin-leguina-es-como-blas-pinar\/\" class=\"more-link\">Sigue leyendo <span class=\"screen-reader-text\">Joaqu\u00edn Leguina es como Blas Pi\u00f1ar<\/span><\/a><!-- AddThis Advanced Settings generic via filter on get_the_excerpt --><!-- AddThis Share Buttons generic via filter on get_the_excerpt --><\/p>\n","protected":false},"author":19,"featured_media":0,"comment_status":"open","ping_status":"open","sticky":false,"template":"","format":"standard","meta":{"footnotes":""},"categories":[1],"tags":[],"class_list":["post-5344","post","type-post","status-publish","format-standard","hentry","category-general"],"_links":{"self":[{"href":"https:\/\/blogs.deia.eus\/anasagasti\/wp-json\/wp\/v2\/posts\/5344","targetHints":{"allow":["GET"]}}],"collection":[{"href":"https:\/\/blogs.deia.eus\/anasagasti\/wp-json\/wp\/v2\/posts"}],"about":[{"href":"https:\/\/blogs.deia.eus\/anasagasti\/wp-json\/wp\/v2\/types\/post"}],"author":[{"embeddable":true,"href":"https:\/\/blogs.deia.eus\/anasagasti\/wp-json\/wp\/v2\/users\/19"}],"replies":[{"embeddable":true,"href":"https:\/\/blogs.deia.eus\/anasagasti\/wp-json\/wp\/v2\/comments?post=5344"}],"version-history":[{"count":1,"href":"https:\/\/blogs.deia.eus\/anasagasti\/wp-json\/wp\/v2\/posts\/5344\/revisions"}],"predecessor-version":[{"id":5346,"href":"https:\/\/blogs.deia.eus\/anasagasti\/wp-json\/wp\/v2\/posts\/5344\/revisions\/5346"}],"wp:attachment":[{"href":"https:\/\/blogs.deia.eus\/anasagasti\/wp-json\/wp\/v2\/media?parent=5344"}],"wp:term":[{"taxonomy":"category","embeddable":true,"href":"https:\/\/blogs.deia.eus\/anasagasti\/wp-json\/wp\/v2\/categories?post=5344"},{"taxonomy":"post_tag","embeddable":true,"href":"https:\/\/blogs.deia.eus\/anasagasti\/wp-json\/wp\/v2\/tags?post=5344"}],"curies":[{"name":"wp","href":"https:\/\/api.w.org\/{rel}","templated":true}]}}