{"id":5347,"date":"2014-07-21T16:34:26","date_gmt":"2014-07-21T14:34:26","guid":{"rendered":"http:\/\/blogs.deia.com\/anasagasti\/?p=5347"},"modified":"2014-07-21T16:34:26","modified_gmt":"2014-07-21T14:34:26","slug":"un-ex-lehendakari-en-la-ejecutiva-del-partido-socialista-obrero-espanol","status":"publish","type":"post","link":"https:\/\/blogs.deia.eus\/anasagasti\/2014\/07\/21\/un-ex-lehendakari-en-la-ejecutiva-del-partido-socialista-obrero-espanol\/","title":{"rendered":"Un  Ex-Lehendakari en la Ejecutiva del Partido Socialista Obrero Espa\u00f1ol"},"content":{"rendered":"<p><strong><strong>Lunes 21 de julio de 2014<\/strong><\/strong><\/p>\n<p><a href=\"http:\/\/blogs.deia.com\/anasagasti\/files\/2014\/07\/Patxi-L\u00f3pez.png\"><img loading=\"lazy\" decoding=\"async\" class=\"alignleft size-full wp-image-5348\" src=\"http:\/\/blogs.deia.com\/anasagasti\/files\/2014\/07\/Patxi-L\u00f3pez.png\" alt=\"Patxi L\u00f3pez\" width=\"224\" height=\"224\" srcset=\"https:\/\/blogs.deia.eus\/anasagasti\/files\/2014\/07\/Patxi-L\u00f3pez.png 224w, https:\/\/blogs.deia.eus\/anasagasti\/files\/2014\/07\/Patxi-L\u00f3pez-150x150.png 150w\" sizes=\"auto, (max-width: 224px) 100vw, 224px\" \/><\/a><a href=\"http:\/\/blogs.deia.com\/anasagasti\/files\/2014\/07\/Pedro-S\u00e1nchez.png\"><img loading=\"lazy\" decoding=\"async\" class=\"alignleft size-full wp-image-5349\" src=\"http:\/\/blogs.deia.com\/anasagasti\/files\/2014\/07\/Pedro-S\u00e1nchez.png\" alt=\"Pedro S\u00e1nchez\" width=\"225\" height=\"225\" srcset=\"https:\/\/blogs.deia.eus\/anasagasti\/files\/2014\/07\/Pedro-S\u00e1nchez.png 225w, https:\/\/blogs.deia.eus\/anasagasti\/files\/2014\/07\/Pedro-S\u00e1nchez-150x150.png 150w\" sizes=\"auto, (max-width: 225px) 100vw, 225px\" \/><\/a><\/p>\n<p>&nbsp;<\/p>\n<p>&nbsp;<\/p>\n<p>&nbsp;<\/p>\n<p>&nbsp;<\/p>\n<p>&nbsp;<\/p>\n<p>Patxi L\u00f3pez se ha reunido con el secretario general del PSOE para preguntarle \u201cque hay de lo m\u00edo\u201d. Sinceramente y como\u00a0 vasco me dio una impresi\u00f3n penosa. Yo quiero que alguien que ha sido lehendakari trabaje siempre \u00a0para Euzkadi y Patxi con su viaje lo har\u00e1 solo para los espa\u00f1oles, que est\u00e1 muy bien, pero para ese viaje a la presidencia del gobierno vasco \u00a0con apoyo del PP no hac\u00edan falta alforjas tan enga\u00f1osas.<\/p>\n<p>A Patxi L\u00f3pez por lo que se ve se le ha quedado peque\u00f1a Euzkadi y quiere saltar donde quieren saltar todos los socialistas vascos y as\u00ed les va. La gente les ve como fugaces \u00a0dirigentes de\u00a0 trampol\u00edn. Euzkadi es el trampol\u00edn. Lo fue para Jauregui, para Benegas, para Moscoso, para Solchaga, para Laborda, para Rojo, para Madina y ahora para L\u00f3pez. El \u00fanico que medio se salva es Od\u00f3n Elorza, porque el resto coge\u00a0 el avi\u00f3n, se instala en Madrid, lleva a la familia y si te he visto, no me acuerdo.<\/p>\n<p>Pero en el caso de L\u00f3pez la cuesti\u00f3n es totalmente distinta y m\u00e1s grave porque L\u00f3pez ha sido Lehendakari, tiene coche, despacho y secretaria pagados por la Comunidad \u00a0de la que ha sido presidente. Pero no le basta. El Parlamento de Euzkadi\u00a0 se le queda peque\u00f1o. El pa\u00eds que ha presidido se le queda peque\u00f1o. Las discusiones vascas, son una turrada. El rollo que nos han metido los socialistas de que gracias a ellos, ETA decidi\u00f3 dejar las armas, se les queda peque\u00f1o y no quieren consolidar nada. Solo quieren irse a Espa\u00f1a, a Madrid.<\/p>\n<p>La diferencia con el PNV es que nosotros vivimos en hotel, vamos y venimos, tenemos nuestra familia en Euzkadi y cuando acabe la legislatura volvemos a casa. Ellos no. Ellos se van y no vuelven. Y no hay nadie del PNV que habiendo sido diputado \u00a0o senador viva en Madrid. Nadie. Esa es la gran diferencia.<\/p>\n<p>Jos\u00e9 Montilla fue presidente de la Generalit\u00e1. Cuando ten\u00eda 56 a\u00f1os dej\u00f3 de ser presidente y le eligieron como senador. En Barcelona le criticaron. Pero la diferencia de Montilla con Patxi L\u00f3pez es sustancial. Montilla solo pregunta por Catalunya a Rajoy, solo se ocupa de cosas de las que \u00e9l sabe, y vuelve a su casa al fin de cada pleno. Lo de L\u00f3pez es distinto. Patxi le ha pedido a S\u00e1nchez un \u00e1rea para dirigir en la ejecutiva socialista de Ferraz. Y gobernar\u00e1 esa \u00e1rea no para Euzkadi, sino para los espa\u00f1oles socialistas.<\/p>\n<p>Mal fin para un ex lehendakari.<\/p>\n<p>Por eso se molestan tanto cuando les decimos que no quieren a este pa\u00eds y que \u00a0por eso algunos en lugar de lehendakari le llamaban presidente. Porque el nombre de lehendakari es algo muy preciado para un vasco. Pero no para Don Patxi. Vivir\u00e1 en Madrid y har\u00e1 alta pol\u00edtica. Para Espa\u00f1a, no para Euzkadi.<\/p>\n<!-- AddThis Advanced Settings generic via filter on the_content --><!-- AddThis Share Buttons generic via filter on the_content -->","protected":false},"excerpt":{"rendered":"<p>Lunes 21 de julio de 2014 &nbsp; &nbsp; &nbsp; &nbsp; &nbsp; Patxi L\u00f3pez se ha reunido con el secretario general del PSOE para preguntarle \u201cque hay de lo m\u00edo\u201d. Sinceramente y como\u00a0 vasco me dio una impresi\u00f3n penosa. Yo quiero que alguien que ha sido lehendakari trabaje siempre \u00a0para Euzkadi y Patxi con su viaje &hellip; <a href=\"https:\/\/blogs.deia.eus\/anasagasti\/2014\/07\/21\/un-ex-lehendakari-en-la-ejecutiva-del-partido-socialista-obrero-espanol\/\" class=\"more-link\">Sigue leyendo <span class=\"screen-reader-text\">Un  Ex-Lehendakari en la Ejecutiva del Partido Socialista Obrero Espa\u00f1ol<\/span><\/a><!-- AddThis Advanced Settings generic via filter on get_the_excerpt --><!-- AddThis Share Buttons generic via filter on get_the_excerpt --><\/p>\n","protected":false},"author":19,"featured_media":0,"comment_status":"open","ping_status":"open","sticky":false,"template":"","format":"standard","meta":{"footnotes":""},"categories":[1],"tags":[],"class_list":["post-5347","post","type-post","status-publish","format-standard","hentry","category-general"],"_links":{"self":[{"href":"https:\/\/blogs.deia.eus\/anasagasti\/wp-json\/wp\/v2\/posts\/5347","targetHints":{"allow":["GET"]}}],"collection":[{"href":"https:\/\/blogs.deia.eus\/anasagasti\/wp-json\/wp\/v2\/posts"}],"about":[{"href":"https:\/\/blogs.deia.eus\/anasagasti\/wp-json\/wp\/v2\/types\/post"}],"author":[{"embeddable":true,"href":"https:\/\/blogs.deia.eus\/anasagasti\/wp-json\/wp\/v2\/users\/19"}],"replies":[{"embeddable":true,"href":"https:\/\/blogs.deia.eus\/anasagasti\/wp-json\/wp\/v2\/comments?post=5347"}],"version-history":[{"count":3,"href":"https:\/\/blogs.deia.eus\/anasagasti\/wp-json\/wp\/v2\/posts\/5347\/revisions"}],"predecessor-version":[{"id":5352,"href":"https:\/\/blogs.deia.eus\/anasagasti\/wp-json\/wp\/v2\/posts\/5347\/revisions\/5352"}],"wp:attachment":[{"href":"https:\/\/blogs.deia.eus\/anasagasti\/wp-json\/wp\/v2\/media?parent=5347"}],"wp:term":[{"taxonomy":"category","embeddable":true,"href":"https:\/\/blogs.deia.eus\/anasagasti\/wp-json\/wp\/v2\/categories?post=5347"},{"taxonomy":"post_tag","embeddable":true,"href":"https:\/\/blogs.deia.eus\/anasagasti\/wp-json\/wp\/v2\/tags?post=5347"}],"curies":[{"name":"wp","href":"https:\/\/api.w.org\/{rel}","templated":true}]}}