{"id":5356,"date":"2014-07-23T16:12:53","date_gmt":"2014-07-23T14:12:53","guid":{"rendered":"http:\/\/blogs.deia.com\/anasagasti\/?p=5356"},"modified":"2014-07-23T16:12:53","modified_gmt":"2014-07-23T14:12:53","slug":"la-audiencia-nacional-archivo-definitivamente-la-querella-contra-el-rey-juan-carlos-por-el-23-f","status":"publish","type":"post","link":"https:\/\/blogs.deia.eus\/anasagasti\/2014\/07\/23\/la-audiencia-nacional-archivo-definitivamente-la-querella-contra-el-rey-juan-carlos-por-el-23-f\/","title":{"rendered":"La Audiencia Nacional archiv\u00f3 definitivamente la querella contra el Rey Juan Carlos por el 23-F"},"content":{"rendered":"<p><strong><strong>Mi\u00e9rcoles 23 de julio de 2014<\/strong><\/strong><\/p>\n<p>Como era de esperar en esta Espa\u00f1a sin justicia, la Secci\u00f3n Segunda de la Sala de lo Penal de la Audiencia Nacional archiv\u00f3 definitivamente la querella presentada por el partido Soberan\u00eda contra el [Enlace roto.] y el ex presidente del Gobierno [Enlace roto.], entre otros, por su presunta participaci\u00f3n en la denominada trama civil del golpe de Estado del 23-F, seg\u00fan informaron fuentes jur\u00eddicas. Nada que llamara la atenci\u00f3n. La noticia pas\u00f3 desapercibida.<\/p>\n<p>En un auto, los magistrados Concepci\u00f3n Espejel, Julio de Diego y Jos\u00e9 Ricardo de Prada rechazan \u00abque existan elementos m\u00ednimamente fiables y veros\u00edmiles\u00bb que permitan entablar una investigaci\u00f3n criminal.<\/p>\n<p>\u00abSin descalificar el libro de la periodista Sra. Urbano, ni a su autora, pero la Sala no puede admitir de ninguna manera que el relato novelado que contiene en la publicaci\u00f3n sea tenido como material indiciario suficiente\u00bb, aseguraba el auto.<\/p>\n<p>La querella, que se sustenta en el relato del 23-F que realiza la escritora Pilar Urbano en su [Enlace roto.] La gran Desmemoria, tambi\u00e9n est\u00e1 dirigida contra el ex diputado socialista Enrique M\u00fagica y el antiguo pol\u00edtico del Partido Comunista de Espa\u00f1a (PCE) Ram\u00f3n Tamames. En la ampliaci\u00f3n se incluy\u00f3 un facs\u00edmil del documento que firm\u00f3 el Rey para comunicar su abdicaci\u00f3n.<\/p>\n<p>La Secci\u00f3n Segunda consideraba, adem\u00e1s, que los hechos denunciados han prescrito. Asegur\u00f3 que este hecho impide \u00ababsolutamente\u00bb no s\u00f3lo de una pena sino que tambi\u00e9n la instauraci\u00f3n de un proceso penal.<\/p>\n<p><strong><strong>No hay indicios delictivos<\/strong><\/strong><\/p>\n<p>La Secci\u00f3n Segunda confirma as\u00ed la decisi\u00f3n tomada por el titular del Juzgado Central de Instrucci\u00f3n n\u00famero 1, que [Enlace roto.] interpuesta argumentando que no existen indicios delictivos en la actuaci\u00f3n de los querellados y que, en todo caso, el delito de rebeli\u00f3n que se atribuye habr\u00eda prescrito.<\/p>\n<p>\u00abEn lo que se refiere a la inviolabilidad de la figura del Rey, hasta que las Cortes Generales no aprueben la Ley Org\u00e1nica que regule la abdicaci\u00f3n del Rey Juan Carlos I, su situaci\u00f3n institucional y procesal no se ha modificado\u00bb, se\u00f1alaba el juez.<\/p>\n<p>La Fiscal\u00eda pidi\u00f3 el rechazo \u00abde plano\u00bb de la querella destacando su \u00abinconsistencia y falta de entidad jur\u00eddica\u00bb as\u00ed como el hecho de que el 23-F fue juzgado y que los supuestos delitos que se pretenden ahora investigar estar\u00edan prescritos al haber transcurrido \u00abm\u00e1s de 20 a\u00f1os desde que acaecieron\u00bb.<\/p>\n<p>La querella sosten\u00eda, a partir de lo publicado por Pilar Urbano, que el juicio del 23-F fue \u00abcerrado en falso\u00bb y constituy\u00f3 \u00abuna gran estafa al conjunto del pueblo espa\u00f1ol\u00bb, ya que existi\u00f3 una trama civil \u00abdesapercibida\u00bb e \u00abimpune\u00bb que estaba formada por \u00abpersonajes muy importantes del r\u00e9gimen bipartidista\u00bb.<\/p>\n<p>&nbsp;<\/p>\n<!-- AddThis Advanced Settings generic via filter on the_content --><!-- AddThis Share Buttons generic via filter on the_content -->","protected":false},"excerpt":{"rendered":"<p>Mi\u00e9rcoles 23 de julio de 2014 Como era de esperar en esta Espa\u00f1a sin justicia, la Secci\u00f3n Segunda de la Sala de lo Penal de la Audiencia Nacional archiv\u00f3 definitivamente la querella presentada por el partido Soberan\u00eda contra el [Enlace roto.] y el ex presidente del Gobierno [Enlace roto.], entre otros, por su presunta participaci\u00f3n &hellip; <a href=\"https:\/\/blogs.deia.eus\/anasagasti\/2014\/07\/23\/la-audiencia-nacional-archivo-definitivamente-la-querella-contra-el-rey-juan-carlos-por-el-23-f\/\" class=\"more-link\">Sigue leyendo <span class=\"screen-reader-text\">La Audiencia Nacional archiv\u00f3 definitivamente la querella contra el Rey Juan Carlos por el 23-F<\/span><\/a><!-- AddThis Advanced Settings generic via filter on get_the_excerpt --><!-- AddThis Share Buttons generic via filter on get_the_excerpt --><\/p>\n","protected":false},"author":19,"featured_media":0,"comment_status":"open","ping_status":"open","sticky":false,"template":"","format":"standard","meta":{"footnotes":""},"categories":[1],"tags":[],"class_list":["post-5356","post","type-post","status-publish","format-standard","hentry","category-general"],"_links":{"self":[{"href":"https:\/\/blogs.deia.eus\/anasagasti\/wp-json\/wp\/v2\/posts\/5356","targetHints":{"allow":["GET"]}}],"collection":[{"href":"https:\/\/blogs.deia.eus\/anasagasti\/wp-json\/wp\/v2\/posts"}],"about":[{"href":"https:\/\/blogs.deia.eus\/anasagasti\/wp-json\/wp\/v2\/types\/post"}],"author":[{"embeddable":true,"href":"https:\/\/blogs.deia.eus\/anasagasti\/wp-json\/wp\/v2\/users\/19"}],"replies":[{"embeddable":true,"href":"https:\/\/blogs.deia.eus\/anasagasti\/wp-json\/wp\/v2\/comments?post=5356"}],"version-history":[{"count":1,"href":"https:\/\/blogs.deia.eus\/anasagasti\/wp-json\/wp\/v2\/posts\/5356\/revisions"}],"predecessor-version":[{"id":5357,"href":"https:\/\/blogs.deia.eus\/anasagasti\/wp-json\/wp\/v2\/posts\/5356\/revisions\/5357"}],"wp:attachment":[{"href":"https:\/\/blogs.deia.eus\/anasagasti\/wp-json\/wp\/v2\/media?parent=5356"}],"wp:term":[{"taxonomy":"category","embeddable":true,"href":"https:\/\/blogs.deia.eus\/anasagasti\/wp-json\/wp\/v2\/categories?post=5356"},{"taxonomy":"post_tag","embeddable":true,"href":"https:\/\/blogs.deia.eus\/anasagasti\/wp-json\/wp\/v2\/tags?post=5356"}],"curies":[{"name":"wp","href":"https:\/\/api.w.org\/{rel}","templated":true}]}}