{"id":5359,"date":"2014-07-24T16:11:12","date_gmt":"2014-07-24T14:11:12","guid":{"rendered":"http:\/\/blogs.deia.com\/anasagasti\/?p=5359"},"modified":"2014-07-24T16:11:12","modified_gmt":"2014-07-24T14:11:12","slug":"charla-en-plentzia","status":"publish","type":"post","link":"https:\/\/blogs.deia.eus\/anasagasti\/2014\/07\/24\/charla-en-plentzia\/","title":{"rendered":"Charla en Plentzia"},"content":{"rendered":"<p><strong><strong>Jueves 24 de junio de 2014<\/strong><\/strong><\/p>\n<p><a href=\"http:\/\/blogs.deia.com\/anasagasti\/files\/2014\/07\/Equuuuupo-Plentzia.jpg\"><img loading=\"lazy\" decoding=\"async\" class=\"alignleft size-full wp-image-5362\" src=\"http:\/\/blogs.deia.com\/anasagasti\/files\/2014\/07\/Equuuuupo-Plentzia.jpg\" alt=\"Equuuuupo Plentzia\" width=\"403\" height=\"291\" \/><br \/>\n<\/a><\/p>\n<p>&nbsp;<\/p>\n<p>&nbsp;<\/p>\n<p>&nbsp;<\/p>\n<p>&nbsp;<\/p>\n<p>&nbsp;<\/p>\n<p>&nbsp;<\/p>\n<p>Estuve el mi\u00e9rcoles 23\u00a0 en la Casa de la Cultura de Plentzia, en un d\u00eda de sol y playa, pero a sala llena, cuesti\u00f3n que agradec\u00ed.<\/p>\n<p>Se trataba de comentar la actualidad pol\u00edtica vasca y\u00a0 sobre lo que hacemos en Madrid en momentos en los que nos aplastan con una mayor\u00eda absoluta que solo gobierna con decretos ley con lo que su tramitaci\u00f3n es tan sencilla como, lo tomas o lo dejas. Si en lugar de un Decreto, fuera un proyecto de ley por lo menos podr\u00edamos presentar enmiendas.<\/p>\n<p>Les record\u00e9 a los presentes como el 25 de agosto de 1979 conjuntamente con Carlos Garaikoetxea, que era el presidente del Consejo General Vasco, con Jos\u00e9 Mar\u00eda Makua, Diputado General de Bizkaia, Marcos Vizcaya, diputado en Madrid y por quien \u00e9sto escribe dimos\u00a0 un mitin inolvidable y a plaza llena. Hab\u00eda esperanza y entusiasmo ya que en Plentzia el PNV comenzaba su campa\u00f1a en favor de la aprobaci\u00f3n\u00a0 del segundo estatuto de nuestra historia.<\/p>\n<p>Y, delante de un cartel inmenso donde \u00a0se ve\u00eda el logotipo de la campa\u00f1a, un \u00c1rbol de Gernika, que en su parte alta pon\u00eda BAI. Y es que el slogan de aquella campa\u00f1a fue el de \u00abVamos a Levantar este Pa\u00eds con una sola Palabra.Bai\u00bb. Frente al EZ, nosotros \u00edbamos con el BAI.<\/p>\n<p>Han pasado 35 a\u00f1os y Euzkadi es un pa\u00eds irreconocible a lo que era a la salida de la dictadura y eso gracias al PNV, que apost\u00f3 por el Estatuto y por \u00a0la devoluci\u00f3n del Concierto Econ\u00f3mico\u00a0 para Gipuzkoa y Bizkaia, en negociaci\u00f3n solitaria. Hoy se ve a las claras la visi\u00f3n de los hombres y las mujeres del PNV de aquellos a\u00f1os. Sin Concierto los catalanes est\u00e1n en una situaci\u00f3n harto delicada y desde el centralismo madrile\u00f1o quieren subirnos el Cupo de acuerdo a un informe de parte hecho expresamente para hacernos da\u00f1o donde se atreven a decir que es una anomal\u00eda.<\/p>\n<p>Hablamos de todo, hasta del Senado y de la posibilidad de un adelantamiento electoral que yo no lo veo. Rajoy sabe que ya no volver\u00e1 a tener la misma mayor\u00eda absoluta que ahora tiene y ha de sacarle chispas a la situaci\u00f3n de dominio actual.<\/p>\n<p><a href=\"http:\/\/blogs.deia.com\/anasagasti\/files\/2014\/07\/Elixabete-Uribarri.jpg\"><img loading=\"lazy\" decoding=\"async\" class=\"alignleft size-full wp-image-5360\" src=\"http:\/\/blogs.deia.com\/anasagasti\/files\/2014\/07\/Elixabete-Uribarri.jpg\" alt=\"Elixabete Uribarri\" width=\"131\" height=\"213\" \/><\/a>Al final, croquetas y tacos de tortilla y esta foto con gentes de EGI muy activas e ilusionadas y con la fe puesta en la recuperaci\u00f3n para el PNV del ayuntamiento tras dos legislaturas muy pobres lideradas por una oposici\u00f3n que no ha estado a la altura de las circunstancias. Y con una candidata a alcaldesa de garbo\u00a0 e ideas para el pueblo que junto a un buen equipo, motivado y con ganas auguran un buen resultado para una localidad tan simb\u00f3lica como\u00a0 Plentzia la Gallarda..<\/p>\n<p>Fue una buena tarde.<\/p>\n<!-- AddThis Advanced Settings generic via filter on the_content --><!-- AddThis Share Buttons generic via filter on the_content -->","protected":false},"excerpt":{"rendered":"<p>Jueves 24 de junio de 2014 &nbsp; &nbsp; &nbsp; &nbsp; &nbsp; &nbsp; Estuve el mi\u00e9rcoles 23\u00a0 en la Casa de la Cultura de Plentzia, en un d\u00eda de sol y playa, pero a sala llena, cuesti\u00f3n que agradec\u00ed. Se trataba de comentar la actualidad pol\u00edtica vasca y\u00a0 sobre lo que hacemos en Madrid en momentos &hellip; <a href=\"https:\/\/blogs.deia.eus\/anasagasti\/2014\/07\/24\/charla-en-plentzia\/\" class=\"more-link\">Sigue leyendo <span class=\"screen-reader-text\">Charla en Plentzia<\/span><\/a><!-- AddThis Advanced Settings generic via filter on get_the_excerpt --><!-- AddThis Share Buttons generic via filter on get_the_excerpt --><\/p>\n","protected":false},"author":19,"featured_media":0,"comment_status":"open","ping_status":"open","sticky":false,"template":"","format":"standard","meta":{"footnotes":""},"categories":[1],"tags":[],"class_list":["post-5359","post","type-post","status-publish","format-standard","hentry","category-general"],"_links":{"self":[{"href":"https:\/\/blogs.deia.eus\/anasagasti\/wp-json\/wp\/v2\/posts\/5359","targetHints":{"allow":["GET"]}}],"collection":[{"href":"https:\/\/blogs.deia.eus\/anasagasti\/wp-json\/wp\/v2\/posts"}],"about":[{"href":"https:\/\/blogs.deia.eus\/anasagasti\/wp-json\/wp\/v2\/types\/post"}],"author":[{"embeddable":true,"href":"https:\/\/blogs.deia.eus\/anasagasti\/wp-json\/wp\/v2\/users\/19"}],"replies":[{"embeddable":true,"href":"https:\/\/blogs.deia.eus\/anasagasti\/wp-json\/wp\/v2\/comments?post=5359"}],"version-history":[{"count":3,"href":"https:\/\/blogs.deia.eus\/anasagasti\/wp-json\/wp\/v2\/posts\/5359\/revisions"}],"predecessor-version":[{"id":5364,"href":"https:\/\/blogs.deia.eus\/anasagasti\/wp-json\/wp\/v2\/posts\/5359\/revisions\/5364"}],"wp:attachment":[{"href":"https:\/\/blogs.deia.eus\/anasagasti\/wp-json\/wp\/v2\/media?parent=5359"}],"wp:term":[{"taxonomy":"category","embeddable":true,"href":"https:\/\/blogs.deia.eus\/anasagasti\/wp-json\/wp\/v2\/categories?post=5359"},{"taxonomy":"post_tag","embeddable":true,"href":"https:\/\/blogs.deia.eus\/anasagasti\/wp-json\/wp\/v2\/tags?post=5359"}],"curies":[{"name":"wp","href":"https:\/\/api.w.org\/{rel}","templated":true}]}}