{"id":5365,"date":"2014-07-25T21:28:35","date_gmt":"2014-07-25T19:28:35","guid":{"rendered":"http:\/\/blogs.deia.com\/anasagasti\/?p=5365"},"modified":"2014-07-25T21:39:22","modified_gmt":"2014-07-25T19:39:22","slug":"jordi-lo-estas-haciendo-muy-bien","status":"publish","type":"post","link":"https:\/\/blogs.deia.eus\/anasagasti\/2014\/07\/25\/jordi-lo-estas-haciendo-muy-bien\/","title":{"rendered":"Jordi, lo est\u00e1s haciendo muy bien"},"content":{"rendered":"<p><strong><strong>Viernes 25 de julio de 2014<\/strong><\/strong><\/p>\n<p><a href=\"http:\/\/blogs.deia.com\/anasagasti\/files\/2014\/07\/561.13-comprimido.jpg\"><img loading=\"lazy\" decoding=\"async\" class=\"alignleft size-full wp-image-5367\" src=\"http:\/\/blogs.deia.com\/anasagasti\/files\/2014\/07\/561.13-comprimido.jpg\" alt=\"561.13 comprimido\" width=\"1024\" height=\"689\" srcset=\"https:\/\/blogs.deia.eus\/anasagasti\/files\/2014\/07\/561.13-comprimido.jpg 1024w, https:\/\/blogs.deia.eus\/anasagasti\/files\/2014\/07\/561.13-comprimido-580x390.jpg 580w, https:\/\/blogs.deia.eus\/anasagasti\/files\/2014\/07\/561.13-comprimido-940x632.jpg 940w\" sizes=\"auto, (max-width: 1024px) 100vw, 1024px\" \/><\/a>El\u00a0\u00a0 Grupo\u00a0\u00a0 Vasco en el\u00a0 Senado, cabemos en un taxi, estuvimos el\u00a0 pasado mes de julio en Barcelona visitando el Parlamento y la Generalitat. Terminamos el d\u00eda en el Born que es la evidencia de las\u00a0 barbaridades\u00a0 que en 1714 hicieron los seguidores de Felipe V cuando conquistaron Barcelona y construyeron un Arsenal y una Ciudadela y como necesitaban espacio libre ante ellos se cargaron mil\u00a0 casas. EI 5% de aquella ciudad que hab\u00eda estado sitiada.<\/p>\n<p>En el parlamento, adem\u00e1s de saludar a su presidenta y regalarle una Argizaiola (no sabemos d\u00f3nde\u00a0 la habr\u00e1 puesto) vimos\u00a0 las dependencias de aquel Palacio Real convertido por Companys y Maci\u00e1 en Parlamento. Tras esta visita nos fuimos a\u00a0 la Plaza San Jaume donde est\u00e1, frente al ayuntamiento, el Palau de\u00a0 la\u00a0 Generalitat.<\/p>\n<p>All\u00ed el Conseller de presidencia, Quico Homs, y hombre fuerte del\u00a0 gobierno de Mas nos ense\u00f1\u00f3 varias dependencias, entre ellas el\u00a0 gran sal\u00f3n que\u00a0 tiene un balc\u00f3n\u00a0 que da a la plaza y desde el\u00a0 cual Maci\u00e1 proclam\u00f3 la Rep\u00fablica catalana en 1931 y Tarradellas dijo aquella frase de <em>\u201cJa soc aqu\u00ed\u201d<\/em>. Sus pinturas son de\u00a0 la \u00e9poca\u00a0 y en ellas se\u00a0 ve\u00a0 al\u00a0\u00a0 turco\u00a0 vencido\u00a0 y a los indios conquistados por los espa\u00f1oles, dato que no le pas\u00f3 desapercibido a Rigoberta Mench\u00fa tras escuchar uno de esos discursos de circunstancia y pol\u00edticamente correctos hablando de\u00a0 la\u00a0 igualdad.<\/p>\n<p>Homs nos ofreci\u00f3 una frugal\u00a0 comida y en los postres apareci\u00f3 el presidente Artur Mas con el que departimos una hora sobre la situaci\u00f3n catalana y la cerraz\u00f3n espa\u00f1ola.<\/p>\n<p>Pero no\u00a0 quiero\u00a0 hablar hoy de pol\u00edtica en esta p\u00e1gina sino de una de las vivencias m\u00e1s chuscas\u00a0 que he\u00a0 vivido\u00a0 en mi\u00a0 vida.<\/p>\n<p>A diferencia de los catalanes\u00a0 que\u00a0 tuvieron a Tarradellas negociando con Su\u00e1rez su vuelta del\u00a0 exilio\u00a0 y su presidencia de\u00a0 Ia Generalitat que no era m\u00e1s que la Diputaci\u00f3n de Barcelona, nosotros mantuvimos en el\u00a0 exilio\u00a0 al Lehendakari Leizaola que hab\u00eda sustituido a Jos\u00e9 Antonio de Aguirre cuando \u00e9ste hab\u00eda fallecido en Par\u00eds en 1960. Era pues un s\u00edmbolo\u00a0 y la representaci\u00f3n de\u00a0 aquella legitimidad conculcada por las\u00a0 armas en\u00a0 1936.<\/p>\n<p>Tras\u00a0 la aprobaci\u00f3n del Estatuto de Gernika por refer\u00e9ndum el 25 de octubre de 1979 consideramos que era el momento de decirle al Lehendakari que volviera y as\u00ed lo hizo en un avi\u00f3n de Aviaco y con una recepci\u00f3n multitudinaria en San Mam\u00e9s. Al d\u00eda siguiente entreg\u00f3 las llaves de la Delegaci\u00f3n de Par\u00eds al entonces presidente del Consejo General Vasco, Carlos Garaikoetxea y el PNV le puso un coche para que el viejo pol\u00edtico se desplazara, visitara cada rinc\u00f3n de una Euzkadi que le hab\u00edan hurtado por espacio de cuarenta a\u00f1os. Y el Lehendakari, aficionado a la historia, a la geograf\u00eda y a la poes\u00eda disfrut\u00f3 esos \u00faltimos a\u00f1os como un ni\u00f1o con zapatos nuevos.<\/p>\n<p>Para desplazarse\u00a0 le encargamos a un afiliado de Eibar de nombre I\u00f1aki que le cuidara como a un ni\u00f1o y estuviera pendiente de \u00e9l. Era I\u00f1aki un gigant\u00f3n, campechano, directo y sin tener la menor noci\u00f3n de protocolo. Un buen tipo\u00a0 que ca\u00eda muy bien.<\/p>\n<p>El\u00a0 caso es\u00a0 que el Lehendakari decidi\u00f3 visitar al\u00a0 entonces president de\u00a0 la Generalitat Jordi Pujol y all\u00ed\u00a0 acudimos con \u00e9l, Joseba Elosegui, que era senador, y yo mismo. Y llegamos al Palau y nos metieron por la gran puerta\u00a0 que da a la plaza con todos los Mossos d\u2019Esquadra formados\u00a0 y en posici\u00f3n de saludo.<\/p>\n<p>Lo curioso del caso es\u00a0 que el\u00a0 chofer, sin ser invitado por nadie, se sum\u00f3 a la comitiva y subi\u00f3 con nosotros al despacho del Honorable Pujol y sin cortarse un pelo se sent\u00f3 y estuvo en toda la charla que tuvimos con el presidente.<\/p>\n<p>Era uno m\u00e1s. Al salir se acerc\u00f3 a Pujol\u00a0 y le dijo:\u00a0<em> \u201cJordi, lo est\u00e1s haciendo muy bien y sigue as\u00ed\u201d<\/em>. Seguramente Pujol pens\u00f3 que\u00a0 aquel gigant\u00f3n era poco menos el presidente del Euzkadi Buru Batzar y le agradeci\u00f3 las palabras.<\/p>\n<p>Seguramente si hubiera sabido\u00a0\u00a0 quien era, con lo puntillosos que son los catalanes para el protocolo, lo\u00a0 hubiera encerrado en la mazmorra palaciega.<\/p>\n<p>\u00bfNo me digan\u00a0 que \u00e9sto no\u00a0 es propio de una pel\u00edcula tipo<em> Ocho Apellidos Vascos<\/em>?. Y es\u00a0 que nuestra\u00a0 igualdad o nuestro extra\u00f1o concepto de la igualdad y campechan\u00eda da para eso y para mucho\u00a0 m\u00e1s.<\/p>\n<p>Ese d\u00eda les cont\u00e9 la an\u00e9cdota vivida y posteriormente les envi\u00e9 la fotograf\u00eda donde aparec\u00edamos\u00a0 todos y, en primer lugar, nuestro\u00a0 buen I\u00f1aki siguiendo atentamente\u00a0 lo\u00a0 que dec\u00eda Pujol. Y es que los vascos somos as\u00ed.<\/p>\n<!-- AddThis Advanced Settings generic via filter on the_content --><!-- AddThis Share Buttons generic via filter on the_content -->","protected":false},"excerpt":{"rendered":"<p>Viernes 25 de julio de 2014 El\u00a0\u00a0 Grupo\u00a0\u00a0 Vasco en el\u00a0 Senado, cabemos en un taxi, estuvimos el\u00a0 pasado mes de julio en Barcelona visitando el Parlamento y la Generalitat. Terminamos el d\u00eda en el Born que es la evidencia de las\u00a0 barbaridades\u00a0 que en 1714 hicieron los seguidores de Felipe V cuando conquistaron Barcelona &hellip; <a href=\"https:\/\/blogs.deia.eus\/anasagasti\/2014\/07\/25\/jordi-lo-estas-haciendo-muy-bien\/\" class=\"more-link\">Sigue leyendo <span class=\"screen-reader-text\">Jordi, lo est\u00e1s haciendo muy bien<\/span><\/a><!-- AddThis Advanced Settings generic via filter on get_the_excerpt --><!-- AddThis Share Buttons generic via filter on get_the_excerpt --><\/p>\n","protected":false},"author":19,"featured_media":0,"comment_status":"open","ping_status":"open","sticky":false,"template":"","format":"standard","meta":{"footnotes":""},"categories":[1],"tags":[],"class_list":["post-5365","post","type-post","status-publish","format-standard","hentry","category-general"],"_links":{"self":[{"href":"https:\/\/blogs.deia.eus\/anasagasti\/wp-json\/wp\/v2\/posts\/5365","targetHints":{"allow":["GET"]}}],"collection":[{"href":"https:\/\/blogs.deia.eus\/anasagasti\/wp-json\/wp\/v2\/posts"}],"about":[{"href":"https:\/\/blogs.deia.eus\/anasagasti\/wp-json\/wp\/v2\/types\/post"}],"author":[{"embeddable":true,"href":"https:\/\/blogs.deia.eus\/anasagasti\/wp-json\/wp\/v2\/users\/19"}],"replies":[{"embeddable":true,"href":"https:\/\/blogs.deia.eus\/anasagasti\/wp-json\/wp\/v2\/comments?post=5365"}],"version-history":[{"count":3,"href":"https:\/\/blogs.deia.eus\/anasagasti\/wp-json\/wp\/v2\/posts\/5365\/revisions"}],"predecessor-version":[{"id":5369,"href":"https:\/\/blogs.deia.eus\/anasagasti\/wp-json\/wp\/v2\/posts\/5365\/revisions\/5369"}],"wp:attachment":[{"href":"https:\/\/blogs.deia.eus\/anasagasti\/wp-json\/wp\/v2\/media?parent=5365"}],"wp:term":[{"taxonomy":"category","embeddable":true,"href":"https:\/\/blogs.deia.eus\/anasagasti\/wp-json\/wp\/v2\/categories?post=5365"},{"taxonomy":"post_tag","embeddable":true,"href":"https:\/\/blogs.deia.eus\/anasagasti\/wp-json\/wp\/v2\/tags?post=5365"}],"curies":[{"name":"wp","href":"https:\/\/api.w.org\/{rel}","templated":true}]}}