{"id":5370,"date":"2014-07-27T21:08:12","date_gmt":"2014-07-27T19:08:12","guid":{"rendered":"http:\/\/blogs.deia.com\/anasagasti\/?p=5370"},"modified":"2014-07-27T21:08:12","modified_gmt":"2014-07-27T19:08:12","slug":"el-pse-pierde-punch-en-madrid","status":"publish","type":"post","link":"https:\/\/blogs.deia.eus\/anasagasti\/2014\/07\/27\/el-pse-pierde-punch-en-madrid\/","title":{"rendered":"El PSE pierde punch en Madrid"},"content":{"rendered":"<p><strong><strong>Domingo 27 de julio de 2014<\/strong><\/strong><\/p>\n<p>Bueno, ya est\u00e1n todos en casa de vuelta del Congreso del PSOE que ha elegido un nuevo secretario general, tras las primarias, y una nueva ejecutiva donde destacan dos cosas.<\/p>\n<p>La primera es que Eduardo Madina y P\u00e9rez Tapias no est\u00e1n conformes con la presencia proporcional \u00a0que tienen en esa nueva ejecutiva. Como se ve, una cosa es criticar y otra dar trigo. Palabras\u00a0 de campa\u00f1a que tienen fecha de caducidad y quien pierde es la pol\u00edtica por\u00a0la falta de seriedad.<\/p>\n<p>Lo segundo es que Pedro S\u00e1nchez dijo lo que iba a derogar: la nueva ley del aborto, que todav\u00eda no est\u00e1 aprobada y la reforma laboral. Muy bien. Pero \u00bfqu\u00e9 propone usted de nuevo?. Nada con sif\u00f3n. Bellas palabras de unidad, de realismo, de \u00absomos el partido de siempre pero renovado\u00bb, pero nada m\u00e1s. Todo lo que de mejor le ha pasado a este pa\u00eds ha sido gracias al partido socialista. \u00bfY el Gal, monarquismo, rescate bancario, corrupci\u00f3n&#8230;?<\/p>\n<p>Y con un curioso slogan de Congreso. \u00abCambiando el PSOE. Cambiando Espa\u00f1a\u00bb. \u00bfNo es un poco pretencioso\u00a0 y totalitario dicho lema?.<\/p>\n<p><a href=\"http:\/\/blogs.deia.com\/anasagasti\/files\/2014\/07\/Patxi-L\u00f3pez2.png\"><img loading=\"lazy\" decoding=\"async\" class=\"alignleft size-full wp-image-5372\" src=\"http:\/\/blogs.deia.com\/anasagasti\/files\/2014\/07\/Patxi-L\u00f3pez2.png\" alt=\"Patxi L\u00f3pez\" width=\"224\" height=\"224\" srcset=\"https:\/\/blogs.deia.eus\/anasagasti\/files\/2014\/07\/Patxi-L\u00f3pez2.png 224w, https:\/\/blogs.deia.eus\/anasagasti\/files\/2014\/07\/Patxi-L\u00f3pez2-150x150.png 150w\" sizes=\"auto, (max-width: 224px) 100vw, 224px\" \/><\/a>Y de presidenta a Micaela Navarro, andaluza. Suresnes consagr\u00f3 el pacto andaluz-catal\u00e1n. Pero los vascos pintan ahora \u00a0muy poco. Patxi Lopez, est\u00e1 como loco por irse a Madrid pero no mejora en nada su situaci\u00f3n anterior. Pierde peso el socialismo vasco. Y aunque Patxi diga que su trabajo ser\u00e1 transversal, tiene pinta que ser\u00e1 tan transversal que no va a pesar nada. El navarro Enrique Jim\u00e9nez, perdedor en las \u00faltimas elecciones en toda regla y desautorizado ante Barcina, entra en la ejecutiva. Y repite Pedro Zerolo. Naci\u00f3 en Caracas. Tuve una dura discusi\u00f3n con \u00e9l a cuenta del chavismo. Era m\u00e1s\u00a0 chavista\u00a0 que Pablo Iglesias. Igual ha cambiado, pero lo era.<\/p>\n<p>Y Gri\u00f1an a casa. Lo mismo que Rubalcaba. Y Micaela de presidenta. Es como Madina. Persona antip\u00e1tica. De las que te cruzas en un pasillo y no te saluda. Pero es af\u00edn a la tribu. Y ah\u00ed est\u00e1.<\/p>\n<p>En resumen. Me recuerda el Congreso en el que gan\u00f3 Rodr\u00edguez Zapatero. Buenas y bonitas palabras, pero muy poco contenido.<\/p>\n<!-- AddThis Advanced Settings generic via filter on the_content --><!-- AddThis Share Buttons generic via filter on the_content -->","protected":false},"excerpt":{"rendered":"<p>Domingo 27 de julio de 2014 Bueno, ya est\u00e1n todos en casa de vuelta del Congreso del PSOE que ha elegido un nuevo secretario general, tras las primarias, y una nueva ejecutiva donde destacan dos cosas. La primera es que Eduardo Madina y P\u00e9rez Tapias no est\u00e1n conformes con la presencia proporcional \u00a0que tienen en &hellip; <a href=\"https:\/\/blogs.deia.eus\/anasagasti\/2014\/07\/27\/el-pse-pierde-punch-en-madrid\/\" class=\"more-link\">Sigue leyendo <span class=\"screen-reader-text\">El PSE pierde punch en Madrid<\/span><\/a><!-- AddThis Advanced Settings generic via filter on get_the_excerpt --><!-- AddThis Share Buttons generic via filter on get_the_excerpt --><\/p>\n","protected":false},"author":19,"featured_media":0,"comment_status":"open","ping_status":"open","sticky":false,"template":"","format":"standard","meta":{"footnotes":""},"categories":[1],"tags":[],"class_list":["post-5370","post","type-post","status-publish","format-standard","hentry","category-general"],"_links":{"self":[{"href":"https:\/\/blogs.deia.eus\/anasagasti\/wp-json\/wp\/v2\/posts\/5370","targetHints":{"allow":["GET"]}}],"collection":[{"href":"https:\/\/blogs.deia.eus\/anasagasti\/wp-json\/wp\/v2\/posts"}],"about":[{"href":"https:\/\/blogs.deia.eus\/anasagasti\/wp-json\/wp\/v2\/types\/post"}],"author":[{"embeddable":true,"href":"https:\/\/blogs.deia.eus\/anasagasti\/wp-json\/wp\/v2\/users\/19"}],"replies":[{"embeddable":true,"href":"https:\/\/blogs.deia.eus\/anasagasti\/wp-json\/wp\/v2\/comments?post=5370"}],"version-history":[{"count":1,"href":"https:\/\/blogs.deia.eus\/anasagasti\/wp-json\/wp\/v2\/posts\/5370\/revisions"}],"predecessor-version":[{"id":5373,"href":"https:\/\/blogs.deia.eus\/anasagasti\/wp-json\/wp\/v2\/posts\/5370\/revisions\/5373"}],"wp:attachment":[{"href":"https:\/\/blogs.deia.eus\/anasagasti\/wp-json\/wp\/v2\/media?parent=5370"}],"wp:term":[{"taxonomy":"category","embeddable":true,"href":"https:\/\/blogs.deia.eus\/anasagasti\/wp-json\/wp\/v2\/categories?post=5370"},{"taxonomy":"post_tag","embeddable":true,"href":"https:\/\/blogs.deia.eus\/anasagasti\/wp-json\/wp\/v2\/tags?post=5370"}],"curies":[{"name":"wp","href":"https:\/\/api.w.org\/{rel}","templated":true}]}}