{"id":5377,"date":"2014-07-29T15:31:22","date_gmt":"2014-07-29T13:31:22","guid":{"rendered":"http:\/\/blogs.deia.com\/anasagasti\/?p=5377"},"modified":"2014-07-29T15:31:22","modified_gmt":"2014-07-29T13:31:22","slug":"hay-que-destruir-a-pujol-hay-que-reconstruir-al-rey","status":"publish","type":"post","link":"https:\/\/blogs.deia.eus\/anasagasti\/2014\/07\/29\/hay-que-destruir-a-pujol-hay-que-reconstruir-al-rey\/","title":{"rendered":"Hay que destruir a Pujol. Hay que reconstruir al Rey"},"content":{"rendered":"<p><strong><strong>Martes 29 de julio de 2014<\/strong>\u00a0\u00a0\u00a0\u00a0<\/strong><\/p>\n<p><a href=\"http:\/\/blogs.deia.com\/anasagasti\/files\/2014\/07\/Jordi-Pujol.jpg\"><img loading=\"lazy\" decoding=\"async\" class=\"alignleft size-full wp-image-5378\" src=\"http:\/\/blogs.deia.com\/anasagasti\/files\/2014\/07\/Jordi-Pujol.jpg\" alt=\"Jordi Pujol\" width=\"276\" height=\"183\" \/><\/a><a href=\"http:\/\/blogs.deia.com\/anasagasti\/files\/2014\/07\/Juan-Carlos-I.png\"><img loading=\"lazy\" decoding=\"async\" class=\"alignleft size-full wp-image-5379\" src=\"http:\/\/blogs.deia.com\/anasagasti\/files\/2014\/07\/Juan-Carlos-I.png\" alt=\"Juan Carlos I\" width=\"267\" height=\"189\" \/><\/a><\/p>\n<p>&nbsp;<\/p>\n<p>&nbsp;<\/p>\n<p>&nbsp;<\/p>\n<p>&nbsp;<\/p>\n<p>El gran delito de Jordi Pujol no solo ha sido un inmenso fraude fiscal,\u00a0 o lo que haya hecho con sus cuentas\u00a0 en el exterior.\u00a0\u00a0 El gran delito\u00a0 ha sido\u00a0 la enorme tristeza\u00a0 y la terrible decepci\u00f3n\u00a0 que ha producido\u00a0 en sus seguidores y en los much\u00edsimos dem\u00f3cratas y \u00a0nacionalistas que le hemos seguido, admirado, defendido\u00a0 y cre\u00eddo en \u00e9l durante casi cuatro d\u00e9cadas. Nos parece \u00a0terrible lo que le est\u00e1 pasando y lo que nos est\u00e1 pasando.<\/p>\n<p>Ya no es el Molt Honorable Presidente. Ya no tiene el t\u00edtulo de President. Ya no preside honor\u00edficamente a \u00a0Convergencia y\u00a0 a\u00a0 CIU. Ya no tiene oficina, coche y secretarias. Ya no es una referencia del nacionalismo. Ya no es parte de nuestras vidas. Toda una vida destrozada por algo impresentable y delictivo.<\/p>\n<p>Y yo lo siento much\u00edsimo sin que por eso crea que no le deben pasar estas cosas a quien tanto da\u00f1o ha hecho a Catalunya, a CIU, a los nacionalismos, y a la democracia.<\/p>\n<p>Lo que si me da asco es la distinta vara de medir de esta Espa\u00f1a de caca donde Pujol es la personificaci\u00f3n de todos los males y\u00a0al \u00a0rey Juan Carlos hay que preservarlo de todo. Hasta su hijo Felipe VI \u00a0con su decisi\u00f3n de quitar a sus hermanas el pago (algo impresentable) por actos institucionales, y prometer transparencia y control a sus cuentas a la vez que un control exhaustivo sobre los regalos recibidos, dentro de la bondad del hecho \u00a0y de asumir el camino correcto, no son m\u00e1s que enmiendas a la totalidad a lo hecho por su padre en cuarenta a\u00f1os junto a la permisividad de los gobiernos de Gonz\u00e1lez, Calvo Sotelo, Aznar, Zapatero y Rajoy que nos han rechazado siempre lo que ahora tanto valoran y que nosotros hemos demandado. Se nos trataba de chiflados, incordiantes, desestabilizadores por algo que\u00a0 hoy es lo \u00e9tico y lo normal. Antes lo pol\u00edticamente correcto era tapar la porquer\u00eda. Hoy, ya no.<\/p>\n<p>Pero es que adem\u00e1s el rey Juan Carlos es un corrupto del que no sabemos todav\u00eda la cuant\u00eda de su inmensa fortuna. El rey, como comisionista ha robado a espuertas durante estos a\u00f1os y \u00e9sto no solo queda impune sino que\u00a0 su hijo le preparan una honorable salida como representante del rey en las tomas de posesiones de los presidentes americanos, el pr\u00f3ximo el de Colombia, Eduardo Santos.<\/p>\n<p>Mal lo de Pujol. Bien la reacci\u00f3n. Mal lo del Rey, p\u00e9simamente la reacci\u00f3n.<\/p>\n<p>He ah\u00ed la diferencia entre la democracia, la rep\u00fablica y la monarqu\u00eda. Entre destruir a una persona que se ha autodestruido y reconstruir a un comisionista supermillonario y sin control.<\/p>\n<p>Y eso lo permite Felipe VI.<\/p>\n<p>Porque \u00e9sto no pasar\u00eda sin su permiso.<\/p>\n<p>&nbsp;<\/p>\n<!-- AddThis Advanced Settings generic via filter on the_content --><!-- AddThis Share Buttons generic via filter on the_content -->","protected":false},"excerpt":{"rendered":"<p>Martes 29 de julio de 2014\u00a0\u00a0\u00a0\u00a0 &nbsp; &nbsp; &nbsp; &nbsp; El gran delito de Jordi Pujol no solo ha sido un inmenso fraude fiscal,\u00a0 o lo que haya hecho con sus cuentas\u00a0 en el exterior.\u00a0\u00a0 El gran delito\u00a0 ha sido\u00a0 la enorme tristeza\u00a0 y la terrible decepci\u00f3n\u00a0 que ha producido\u00a0 en sus seguidores y en &hellip; <a href=\"https:\/\/blogs.deia.eus\/anasagasti\/2014\/07\/29\/hay-que-destruir-a-pujol-hay-que-reconstruir-al-rey\/\" class=\"more-link\">Sigue leyendo <span class=\"screen-reader-text\">Hay que destruir a Pujol. Hay que reconstruir al Rey<\/span><\/a><!-- AddThis Advanced Settings generic via filter on get_the_excerpt --><!-- AddThis Share Buttons generic via filter on get_the_excerpt --><\/p>\n","protected":false},"author":19,"featured_media":0,"comment_status":"open","ping_status":"open","sticky":false,"template":"","format":"standard","meta":{"footnotes":""},"categories":[1],"tags":[],"class_list":["post-5377","post","type-post","status-publish","format-standard","hentry","category-general"],"_links":{"self":[{"href":"https:\/\/blogs.deia.eus\/anasagasti\/wp-json\/wp\/v2\/posts\/5377","targetHints":{"allow":["GET"]}}],"collection":[{"href":"https:\/\/blogs.deia.eus\/anasagasti\/wp-json\/wp\/v2\/posts"}],"about":[{"href":"https:\/\/blogs.deia.eus\/anasagasti\/wp-json\/wp\/v2\/types\/post"}],"author":[{"embeddable":true,"href":"https:\/\/blogs.deia.eus\/anasagasti\/wp-json\/wp\/v2\/users\/19"}],"replies":[{"embeddable":true,"href":"https:\/\/blogs.deia.eus\/anasagasti\/wp-json\/wp\/v2\/comments?post=5377"}],"version-history":[{"count":5,"href":"https:\/\/blogs.deia.eus\/anasagasti\/wp-json\/wp\/v2\/posts\/5377\/revisions"}],"predecessor-version":[{"id":5384,"href":"https:\/\/blogs.deia.eus\/anasagasti\/wp-json\/wp\/v2\/posts\/5377\/revisions\/5384"}],"wp:attachment":[{"href":"https:\/\/blogs.deia.eus\/anasagasti\/wp-json\/wp\/v2\/media?parent=5377"}],"wp:term":[{"taxonomy":"category","embeddable":true,"href":"https:\/\/blogs.deia.eus\/anasagasti\/wp-json\/wp\/v2\/categories?post=5377"},{"taxonomy":"post_tag","embeddable":true,"href":"https:\/\/blogs.deia.eus\/anasagasti\/wp-json\/wp\/v2\/tags?post=5377"}],"curies":[{"name":"wp","href":"https:\/\/api.w.org\/{rel}","templated":true}]}}