{"id":5385,"date":"2014-07-30T21:31:40","date_gmt":"2014-07-30T19:31:40","guid":{"rendered":"http:\/\/blogs.deia.com\/anasagasti\/?p=5385"},"modified":"2014-07-30T21:31:40","modified_gmt":"2014-07-30T19:31:40","slug":"de-como-conocimos-a-maria-antonia-iglesias","status":"publish","type":"post","link":"https:\/\/blogs.deia.eus\/anasagasti\/2014\/07\/30\/de-como-conocimos-a-maria-antonia-iglesias\/","title":{"rendered":"De c\u00f3mo conocimos a Mar\u00eda Antonia Iglesias"},"content":{"rendered":"<p><strong><strong>Mi\u00e9rcoles 30 de julio de 2014<\/strong><\/strong><\/p>\n<p><a href=\"http:\/\/blogs.deia.com\/anasagasti\/files\/2014\/07\/Iglesias.png\"><img loading=\"lazy\" decoding=\"async\" class=\"alignleft size-full wp-image-5386\" src=\"http:\/\/blogs.deia.com\/anasagasti\/files\/2014\/07\/Iglesias.png\" alt=\"Iglesias\" width=\"216\" height=\"200\" \/><\/a>Conoc\u00ed a Mar\u00eda Antonia Iglesias en los pasillos del Congreso. Hab\u00eda un elenco de\u00a0 muy capacitados profesionales que hac\u00edan buena informaci\u00f3n in situ. Y, tras la horrenda etapa de Calvi\u00f1o, vino Jordi Garc\u00eda Candau que la nombr\u00f3 jefa de informativos de TVE. Un puesto clave, en momentos de televisi\u00f3n \u00fanica, con un despacho lleno de televisiones en el Pirul\u00ed y un equipo de mujeres bravas que se com\u00edan el mundo. Mandaba m\u00e1s que un ministro en aquella \u00e9poca de Felipe Gonz\u00e1lez.<\/p>\n<p>Un d\u00eda me llam\u00f3. Quer\u00eda hablar con\u00a0 nosotros. Y fui a la comida con Rafa Suso, que trabajaba en Ajuria Enea y est\u00e1 hoy en las tertulias de Radio Euskadi. Un buen analista de cabeza fr\u00eda y muchos datos de actualidad. Nos propuso diversificar la informaci\u00f3n. El PP le ped\u00eda fortalecer el bipartidismo pero ella, madrile\u00f1a de origen gallego, dec\u00eda que el estado espa\u00f1ol era otra cosa y que no admit\u00eda esa manipulaci\u00f3n. Ha sido la primera y \u00fanica vez que un director de informativos nos hablara tan claro.<\/p>\n<p>Nos pidi\u00f3 que cuando tuvi\u00e9ramos algo de inter\u00e9s le llam\u00e1ramos. Y me dej\u00f3 su tel\u00e9fono particular. Y lo hicimos varias veces. Recuerdo una. Hab\u00edan salido unas declaraciones de Xabier Arzalluz hablando del \u00abmaric\u00f3n de turno\u00bb. Arzalluz no utilizaba tacos en sus intervenciones. Y le llam\u00e9 para que se aclarara lo que hab\u00eda dicho que nada ten\u00eda que ver con lo que hab\u00edan transmitido. Y Arzalluz desde su despacho explic\u00f3. Hab\u00eda comentado que la juventud no pod\u00eda seguir \u00abal Mario Conde de turno\u00bb que no es lo mismo ni se escribe igual. Cre\u00f3\u00a0 una especie del club de fans de Arzalluz. Cada cierto tiempo \u00e9ste iba a Madrid y Mar\u00eda Antonia le organizaba comidas con periodistas que se pirraban por estar con el presidente del EBB en una comida donde Arzalluz era un maestro. Recuerdo la \u00faltima y las enganchadas que tuvo y de c\u00f3mo le defend\u00eda Mar\u00eda Antonia. Pero no solo con periodistas. Muchas veces con Alfredo P\u00e9rez Rubalcaba de la que era gran amiga.<\/p>\n<p>Mar\u00eda Antonia, antigua militante del PC, cat\u00f3lica y guerrera era una gran admiradora de Arzalluz. No par\u00f3 hasta que le invitamos a venir a comer a Sabin Etxea. Lo hizo con Amalia S\u00e1nchez Sanpedro. Y el flechazo fue mutuo. Cuando hab\u00eda algo que no le gustaba de lo dicho por Xabier le llamaba y le abroncaba familiarmente. Y siempre le ped\u00eda explicaciones, en el buen sentido, sobre las pol\u00edticas que implement\u00e1bamos para tener las claves. Era una periodista\u00a0 de calle, de an\u00e1lisis y de trinchera. Y\u00a0 muy entera. Soport\u00f3 la gran campa\u00f1a en contra que le mont\u00f3 el ABC llam\u00e1ndole La Alb\u00f3ndiga. Hoy he visto el obituario de este medio que la ponen por las nubes.<\/p>\n<p>La llegada de Aznar la reh\u00edzo informativamente hablando. Tuvo que convertirse en tertuliana y\u00a0 desde varios frentes\u00a0 arreo estopa a modo. Y a nosotros siempre nos defend\u00eda. Siempre. Hemos perdido una de las pocas amigas que hemos tenido.<\/p>\n<p>Escribi\u00f3 libros de gran inter\u00e9s y que quedan para rese\u00f1ar toda una \u00e9poca. Su \u00faltimo el de\u00a0 las Maestras de la Rep\u00fablica, pero antes\u00a0 en 1997 \u00abErmua.4 d\u00edas de Julio\u00bb en 1997 y \u00abLa Memoria Recuperada\u00bb en 2003. Este \u00faltimo, un libro muy period\u00edstico por la sinceridad de las respuestas de los interlocutores a los que Mar\u00eda Antonia sab\u00eda llevar al huerto y cantaban m\u00e1s de lo que quer\u00edan.<\/p>\n<p>Conmigo se llev\u00f3 muy bien salvo en el tema de la Monarqu\u00eda donde me echaba sus grandes broncas en p\u00fablico y en privado. Yo discrepaba de su sentido patri\u00f3tico de la Instituci\u00f3n que ella tem\u00eda pod\u00eda ser manipulada por la derecha. \u00bfY la ejemplaridad Mar\u00eda Antonia? yo le preguntaba. Y nos enzarz\u00e1bamos en largas discusiones.<\/p>\n<p>Recuerdo cuando cumpli\u00f3 cincuenta a\u00f1os y organiz\u00f3 en una discoteca de Madrid la fiesta de su cumplea\u00f1os. All\u00ed fuimos todos, y de todo el arco iris parlamentario. Recuerdo cuando un d\u00eda de San Ignacio se nos apareci\u00f3 en Mutriku con un ramo de flores para entregar a la Virgen en la misa, mitin de Arzalluz y comida con los mutrikuarras. La recuerdo en Arantzazu en un reportaje sobre el centenario del PNV que m\u00e1s parec\u00eda el del cumplea\u00f1os de Xabier Arzalluz. Y la recuerdo \u00faltimamente en un programa de Jordi Gonz\u00e1lez en T-5 poco antes de que las presiones cerraran el chiringo. Estaba muy enferma y apenas se pod\u00eda mover pero cuando cog\u00eda la palabra era un hacha.<\/p>\n<p>Ha muerto una magn\u00edfica profesional. Una mujer con valores. Una guerrera implacable. Una analista fina y valiente que no se arredraba ante nadie. Una buena amiga y una mon\u00e1rquica\u00a0 republicana.GB.<\/p>\n<p>&nbsp;<\/p>\n<!-- AddThis Advanced Settings generic via filter on the_content --><!-- AddThis Share Buttons generic via filter on the_content -->","protected":false},"excerpt":{"rendered":"<p>Mi\u00e9rcoles 30 de julio de 2014 Conoc\u00ed a Mar\u00eda Antonia Iglesias en los pasillos del Congreso. Hab\u00eda un elenco de\u00a0 muy capacitados profesionales que hac\u00edan buena informaci\u00f3n in situ. Y, tras la horrenda etapa de Calvi\u00f1o, vino Jordi Garc\u00eda Candau que la nombr\u00f3 jefa de informativos de TVE. Un puesto clave, en momentos de televisi\u00f3n &hellip; <a href=\"https:\/\/blogs.deia.eus\/anasagasti\/2014\/07\/30\/de-como-conocimos-a-maria-antonia-iglesias\/\" class=\"more-link\">Sigue leyendo <span class=\"screen-reader-text\">De c\u00f3mo conocimos a Mar\u00eda Antonia Iglesias<\/span><\/a><!-- AddThis Advanced Settings generic via filter on get_the_excerpt --><!-- AddThis Share Buttons generic via filter on get_the_excerpt --><\/p>\n","protected":false},"author":19,"featured_media":0,"comment_status":"open","ping_status":"open","sticky":false,"template":"","format":"standard","meta":{"footnotes":""},"categories":[1],"tags":[],"class_list":["post-5385","post","type-post","status-publish","format-standard","hentry","category-general"],"_links":{"self":[{"href":"https:\/\/blogs.deia.eus\/anasagasti\/wp-json\/wp\/v2\/posts\/5385","targetHints":{"allow":["GET"]}}],"collection":[{"href":"https:\/\/blogs.deia.eus\/anasagasti\/wp-json\/wp\/v2\/posts"}],"about":[{"href":"https:\/\/blogs.deia.eus\/anasagasti\/wp-json\/wp\/v2\/types\/post"}],"author":[{"embeddable":true,"href":"https:\/\/blogs.deia.eus\/anasagasti\/wp-json\/wp\/v2\/users\/19"}],"replies":[{"embeddable":true,"href":"https:\/\/blogs.deia.eus\/anasagasti\/wp-json\/wp\/v2\/comments?post=5385"}],"version-history":[{"count":1,"href":"https:\/\/blogs.deia.eus\/anasagasti\/wp-json\/wp\/v2\/posts\/5385\/revisions"}],"predecessor-version":[{"id":5387,"href":"https:\/\/blogs.deia.eus\/anasagasti\/wp-json\/wp\/v2\/posts\/5385\/revisions\/5387"}],"wp:attachment":[{"href":"https:\/\/blogs.deia.eus\/anasagasti\/wp-json\/wp\/v2\/media?parent=5385"}],"wp:term":[{"taxonomy":"category","embeddable":true,"href":"https:\/\/blogs.deia.eus\/anasagasti\/wp-json\/wp\/v2\/categories?post=5385"},{"taxonomy":"post_tag","embeddable":true,"href":"https:\/\/blogs.deia.eus\/anasagasti\/wp-json\/wp\/v2\/tags?post=5385"}],"curies":[{"name":"wp","href":"https:\/\/api.w.org\/{rel}","templated":true}]}}