{"id":5389,"date":"2014-07-31T22:13:59","date_gmt":"2014-07-31T20:13:59","guid":{"rendered":"http:\/\/blogs.deia.com\/anasagasti\/?p=5389"},"modified":"2014-07-31T22:13:59","modified_gmt":"2014-07-31T20:13:59","slug":"el-rey-va-a-consolidar-las-corruptelas-de-su-padre","status":"publish","type":"post","link":"https:\/\/blogs.deia.eus\/anasagasti\/2014\/07\/31\/el-rey-va-a-consolidar-las-corruptelas-de-su-padre\/","title":{"rendered":"El Rey va a consolidar las corruptelas de su padre"},"content":{"rendered":"<p><strong><strong>Jueves 31 de julio de 2014<\/strong><\/strong><\/p>\n<p><a href=\"http:\/\/blogs.deia.com\/anasagasti\/files\/2014\/07\/Felipe-VI.png\"><img loading=\"lazy\" decoding=\"async\" class=\"alignleft size-full wp-image-5390\" src=\"http:\/\/blogs.deia.com\/anasagasti\/files\/2014\/07\/Felipe-VI.png\" alt=\"Felipe VI\" width=\"271\" height=\"186\" \/><\/a>No nos deslumbremos con la transparencia y rigor ofrecidos por la Casa Real. Va con regalo dentro, como los roscones de reyes (y tambi\u00e9n como vino la Constituci\u00f3n): Con la excusa de la transparencia van a dar carta legal a sus actuaciones en el exterior (actividad ampliamente desarrollada por su padre con gran \u00e9xito), con la firma de un convenio con la Secretar\u00eda de Estado de Comercio del Ministerio de Econom\u00eda para disponer de una asesor\u00eda permanente en los asuntos que el Rey figure como representante de los intereses econ\u00f3micos de Espa\u00f1a en el exterior. Y yo me pregunto: Las decisiones que tome (por ejemplo favorecer a la Mc Donell-Douglas para contratar con el Ministerio de Defensa frente a otros competidores, vender lo producido por C.A.S.A. u obtener contratos de empresas privadas con los \u00abamigos\u00bb \u00e1rabes, con todos los compromisos que puede acarrear para el estado \u00bfser\u00e1n objeto de alg\u00fan control? \u00bfQui\u00e9n valora lo que es bueno para el Estado o lo que s\u00f3lo es bueno para el bolsillo de su Majestad, eso s\u00ed, con el asesoramiento pagado por todos?<\/p>\n<p>\u00bfPara estas cosas no est\u00e1 el Gobierno directamente? \u00bfNo excede esta labor la misi\u00f3n que le asigna el art\u00edculo 56.1 de la Constituci\u00f3n? Con este convenio se alegar\u00e1 siempre que el Gobierno conoce y que el Rey act\u00faa de acuerdo con las instrucciones del ejecutivo.<\/p>\n<p>Y tambi\u00e9n, de paso, firmar\u00e1 un convenio de colaboraci\u00f3n con la Abogac\u00eda General del Estado, que permitir\u00e1 a la instituci\u00f3n contar con un asesoramiento jur\u00eddico \u00abordinario y permanente\u00bb. \u00bfPor qu\u00e9 tiene que disponer de abogado pagado por todos? \u00bfNo tiene su propia Casa civil?<\/p>\n<p>Y, ya que presenta tanta ansiedad por la transparencia, \u00bfpor qu\u00e9 no presenta una declaraci\u00f3n patrimonial actual con el origen de sus bienes y los de sus padres, debidamente auditada por el Tribunal de cuentas del Estado? El pasar p\u00e1gina y empezar de cero enga\u00f1ar\u00e1 a los que se dejen enga\u00f1ar. Pero los puntos finales ya sabemos para qu\u00e9 sirven.<\/p>\n<p>Si a Jordi Pujol le ha ca\u00eddo todo el peso de la Opini\u00f3n P\u00fablica y la ley y el Parlamento \u00bfPor qu\u00e9 a Juan Carlos no?<\/p>\n<p>&nbsp;<\/p>\n<!-- AddThis Advanced Settings generic via filter on the_content --><!-- AddThis Share Buttons generic via filter on the_content -->","protected":false},"excerpt":{"rendered":"<p>Jueves 31 de julio de 2014 No nos deslumbremos con la transparencia y rigor ofrecidos por la Casa Real. Va con regalo dentro, como los roscones de reyes (y tambi\u00e9n como vino la Constituci\u00f3n): Con la excusa de la transparencia van a dar carta legal a sus actuaciones en el exterior (actividad ampliamente desarrollada por &hellip; <a href=\"https:\/\/blogs.deia.eus\/anasagasti\/2014\/07\/31\/el-rey-va-a-consolidar-las-corruptelas-de-su-padre\/\" class=\"more-link\">Sigue leyendo <span class=\"screen-reader-text\">El Rey va a consolidar las corruptelas de su padre<\/span><\/a><!-- AddThis Advanced Settings generic via filter on get_the_excerpt --><!-- AddThis Share Buttons generic via filter on get_the_excerpt --><\/p>\n","protected":false},"author":19,"featured_media":0,"comment_status":"open","ping_status":"open","sticky":false,"template":"","format":"standard","meta":{"footnotes":""},"categories":[1],"tags":[],"class_list":["post-5389","post","type-post","status-publish","format-standard","hentry","category-general"],"_links":{"self":[{"href":"https:\/\/blogs.deia.eus\/anasagasti\/wp-json\/wp\/v2\/posts\/5389","targetHints":{"allow":["GET"]}}],"collection":[{"href":"https:\/\/blogs.deia.eus\/anasagasti\/wp-json\/wp\/v2\/posts"}],"about":[{"href":"https:\/\/blogs.deia.eus\/anasagasti\/wp-json\/wp\/v2\/types\/post"}],"author":[{"embeddable":true,"href":"https:\/\/blogs.deia.eus\/anasagasti\/wp-json\/wp\/v2\/users\/19"}],"replies":[{"embeddable":true,"href":"https:\/\/blogs.deia.eus\/anasagasti\/wp-json\/wp\/v2\/comments?post=5389"}],"version-history":[{"count":1,"href":"https:\/\/blogs.deia.eus\/anasagasti\/wp-json\/wp\/v2\/posts\/5389\/revisions"}],"predecessor-version":[{"id":5391,"href":"https:\/\/blogs.deia.eus\/anasagasti\/wp-json\/wp\/v2\/posts\/5389\/revisions\/5391"}],"wp:attachment":[{"href":"https:\/\/blogs.deia.eus\/anasagasti\/wp-json\/wp\/v2\/media?parent=5389"}],"wp:term":[{"taxonomy":"category","embeddable":true,"href":"https:\/\/blogs.deia.eus\/anasagasti\/wp-json\/wp\/v2\/categories?post=5389"},{"taxonomy":"post_tag","embeddable":true,"href":"https:\/\/blogs.deia.eus\/anasagasti\/wp-json\/wp\/v2\/tags?post=5389"}],"curies":[{"name":"wp","href":"https:\/\/api.w.org\/{rel}","templated":true}]}}