{"id":5392,"date":"2014-08-01T16:13:20","date_gmt":"2014-08-01T14:13:20","guid":{"rendered":"http:\/\/blogs.deia.com\/anasagasti\/?p=5392"},"modified":"2014-08-01T16:17:20","modified_gmt":"2014-08-01T14:17:20","slug":"fallece-la-nieta-de-santiago-aznar-primer-consejero-de-industria-del-gobierno-vasco","status":"publish","type":"post","link":"https:\/\/blogs.deia.eus\/anasagasti\/2014\/08\/01\/fallece-la-nieta-de-santiago-aznar-primer-consejero-de-industria-del-gobierno-vasco\/","title":{"rendered":"Fallece la nieta de Santiago Aznar, Primer Consejero de Industria del Gobierno Vasco"},"content":{"rendered":"<p><strong><strong>Viernes\u00a0 1 de agosto de 2014<\/strong><\/strong><\/p>\n<p><a href=\"http:\/\/blogs.deia.com\/anasagasti\/files\/2014\/08\/Garbie\u00c3\u00b1a_Aznar_2.jpeg\"><img loading=\"lazy\" decoding=\"async\" class=\"alignleft size-full wp-image-5395\" src=\"http:\/\/blogs.deia.com\/anasagasti\/files\/2014\/08\/Garbie\u00c3\u00b1a_Aznar_2.jpeg\" alt=\"Garbie\u00c3\u00b1a_Aznar_2\" width=\"600\" height=\"474\" srcset=\"https:\/\/blogs.deia.eus\/anasagasti\/files\/2014\/08\/Garbie\u00c3\u00b1a_Aznar_2.jpeg 600w, https:\/\/blogs.deia.eus\/anasagasti\/files\/2014\/08\/Garbie\u00c3\u00b1a_Aznar_2-580x458.jpeg 580w\" sizes=\"auto, (max-width: 600px) 100vw, 600px\" \/><\/a>El pasado lunes, falleci\u00f3 Miren Garbi\u00f1e Aznar, la nieta mayor del hist\u00f3rico Santiago Aznar, aquel quien fuera primer consejero de Industria del Gobierno vasco presidido por el lehendakari Aguirre. La mujer, de 61 a\u00f1os, ha muerto en Chiavari (Italia), provincia de G\u00e9nova, enclave mediterr\u00e1neo en el que reside una de sus hijas. El martes 29 de julio se oficiaron los funerales por su persona en el pa\u00eds \u00edtalo y, al parecer, en fechas pr\u00f3ximas tendr\u00e1 lugar una misa memorial hacia su persona en Mundaka.<\/p>\n<p>Miren Garbi\u00f1e, casada con C\u00e9sar Sarmiento, tuvieron tres hijas: Mar\u00eda Alexandra, Xabier Andoni e Igone, y cuatro nietos: Mikel, Aitor, Estibaliz e Iraitz.<\/p>\n<p>La finada ha vivido en Irun hasta principios de a\u00f1o cuando la familia decidi\u00f3 trasladarla a Italia a vivir en compa\u00f1\u00eda de su hija mayor, \u201cencontr\u00e1ndose a su lado para darle el \u00faltimo adi\u00f3s, sus tres hijos en el momento del fallecimiento\u201d, comunica Mar\u00eda Esther Solabarrieta, prima de la fallecida, a DEIA.<\/p>\n<p>El consejero Santiago Aznar, tras la ca\u00edda de Bilbao el 19 de junio de 1937 en manos de los militares espa\u00f1oles golpistas sublevados contra la Segunda Rep\u00fablica, fue encargado por el Gobierno vasco junto a los consejeros Leizaola y Astigarrabia de proteger Bilbao.<\/p>\n<p>Hubo de refugiarse con todo el Gobierno en Barcelona y en Par\u00eds. Acab\u00f3 exili\u00e1ndose en 1940 a M\u00e9xico y, m\u00e1s adelante, a Venezuela con sus dos hijos, Santi y Esther. \u201cAznar fue una persona muy fiel al Gobierno vasco y muy leal al lehendakari Aguirre. Fue \u00e9l quien propuso se eligiera a la ikurri\u00f1a como ense\u00f1a nacional vasca ya que as\u00ed se solucionaba un problema con los sindicatos del mar que cada uno quer\u00eda enarbolar su propia bandera\u201d, ilustra la familia.<\/p>\n<p>El hijo mayor del consejero, Santi, casado con Garbi\u00f1e P\u00e9rez Larrea, tuvieron siete hijos en Caracas: Miren Garbi\u00f1e, Xanti, Maite, Ainara, I\u00f1aki, Itsaso y Karmele. La mayor, la hija ahora fallecida se gradu\u00f3 en la Universidad Central de Venezuela de Ingenier\u00eda Qu\u00edmica. Formaba parte de la colectividad vasca de Caracas nucleada alrededor del centro vasco Eusko Etxea. La otra hija del consejero Aznar, Esther, se cas\u00f3 con Joseba Solabarrieta y dieron al mundo tres hijos: Miren Josune, Mar\u00eda Esther y Joseba que viven en Euskadi.<\/p>\n<p>De venezuela a euskadi \u201cComo consecuencia de la mala situaci\u00f3n pol\u00edtica creada en los \u00faltimos a\u00f1os en Venezuela, toda la familia, salvo un hermano, dejaron el pa\u00eds y se instalaron en Euskadi donde desgraciadamente se le declar\u00f3 un c\u00e1ncer contra el que ha luchado el \u00faltimo a\u00f1o hasta fallecer el lunes\u201d, lamenta Solabarrieta quien tras comunicar con su familia para darles el p\u00e9same, recuerda a su pariente fallecida con cari\u00f1o y admiraci\u00f3n.<\/p>\n<p>\u201cRespecto a comentar algo sobre su personalidad te puedo decir que al ser dos familias la de mi t\u00edo Santi con siete hijos y la nuestra con tres y viviendo todos en Caracas, \u00e9ramos familias que est\u00e1bamos muy unidas. Un fin de semana mi familia, toda ella, iba a pasar el fin de semana en la casa de los t\u00edos y primos, y la siguiente hac\u00edan ellos lo mismo y eso hizo que tuvi\u00e9ramos una relaci\u00f3n muy estrecha\u201d.<\/p>\n<p>Las evocaciones contin\u00faan. Mar\u00eda Esther rememora aquellos d\u00edas de verano en los que todos los primos iban a disfrutar a una playa tropical cercana a su hogar. El arenal se llama Chichiriviche, en el estado venezolano de Miranda.<\/p>\n<p>All\u00e1 ten\u00edan \u201cuna peque\u00f1a casita y en aquel lugar, entre chinchorros, playa, buceo y juegos lo pas\u00e1bamos francamente bien. All\u00ed Garbi\u00f1e, al ser la mayor de los hermanos, llevaba la voz cantante y era muy divertida, as\u00ed como buena gente\u201d, aporta Mar\u00eda Esther, quien fuera diputada de Acci\u00f3n Territorial y Medio Ambiente entre 1995-2003.<\/p>\n<p>En una ocasi\u00f3n haciendo una s\u00e1tira del dictador genocida Franco ganaron un concurso de disfraces. \u201cUna vez nos disfrazamos todos en las fiestas de carnaval del centro vasco Eusko Etxea de Caracas. Llev\u00e1bamos en un cochecito a Franco y toda su familia y ganamos el primer premio, que no era f\u00e1cil. Son vivencias de infancia y adolescencia que me recuerdan a una Miren Garbi muy animada, muy humana y buena persona. Si nos pele\u00e1bamos entre tanta chavaler\u00eda, era ella la que buscaba la paz. Gero arte, maitia\u201d.<\/p>\n<!-- AddThis Advanced Settings generic via filter on the_content --><!-- AddThis Share Buttons generic via filter on the_content -->","protected":false},"excerpt":{"rendered":"<p>Viernes\u00a0 1 de agosto de 2014 El pasado lunes, falleci\u00f3 Miren Garbi\u00f1e Aznar, la nieta mayor del hist\u00f3rico Santiago Aznar, aquel quien fuera primer consejero de Industria del Gobierno vasco presidido por el lehendakari Aguirre. La mujer, de 61 a\u00f1os, ha muerto en Chiavari (Italia), provincia de G\u00e9nova, enclave mediterr\u00e1neo en el que reside una &hellip; <a href=\"https:\/\/blogs.deia.eus\/anasagasti\/2014\/08\/01\/fallece-la-nieta-de-santiago-aznar-primer-consejero-de-industria-del-gobierno-vasco\/\" class=\"more-link\">Sigue leyendo <span class=\"screen-reader-text\">Fallece la nieta de Santiago Aznar, Primer Consejero de Industria del Gobierno Vasco<\/span><\/a><!-- AddThis Advanced Settings generic via filter on get_the_excerpt --><!-- AddThis Share Buttons generic via filter on get_the_excerpt --><\/p>\n","protected":false},"author":19,"featured_media":0,"comment_status":"open","ping_status":"open","sticky":false,"template":"","format":"standard","meta":{"footnotes":""},"categories":[1],"tags":[],"class_list":["post-5392","post","type-post","status-publish","format-standard","hentry","category-general"],"_links":{"self":[{"href":"https:\/\/blogs.deia.eus\/anasagasti\/wp-json\/wp\/v2\/posts\/5392","targetHints":{"allow":["GET"]}}],"collection":[{"href":"https:\/\/blogs.deia.eus\/anasagasti\/wp-json\/wp\/v2\/posts"}],"about":[{"href":"https:\/\/blogs.deia.eus\/anasagasti\/wp-json\/wp\/v2\/types\/post"}],"author":[{"embeddable":true,"href":"https:\/\/blogs.deia.eus\/anasagasti\/wp-json\/wp\/v2\/users\/19"}],"replies":[{"embeddable":true,"href":"https:\/\/blogs.deia.eus\/anasagasti\/wp-json\/wp\/v2\/comments?post=5392"}],"version-history":[{"count":3,"href":"https:\/\/blogs.deia.eus\/anasagasti\/wp-json\/wp\/v2\/posts\/5392\/revisions"}],"predecessor-version":[{"id":5397,"href":"https:\/\/blogs.deia.eus\/anasagasti\/wp-json\/wp\/v2\/posts\/5392\/revisions\/5397"}],"wp:attachment":[{"href":"https:\/\/blogs.deia.eus\/anasagasti\/wp-json\/wp\/v2\/media?parent=5392"}],"wp:term":[{"taxonomy":"category","embeddable":true,"href":"https:\/\/blogs.deia.eus\/anasagasti\/wp-json\/wp\/v2\/categories?post=5392"},{"taxonomy":"post_tag","embeddable":true,"href":"https:\/\/blogs.deia.eus\/anasagasti\/wp-json\/wp\/v2\/tags?post=5392"}],"curies":[{"name":"wp","href":"https:\/\/api.w.org\/{rel}","templated":true}]}}