{"id":5398,"date":"2014-08-02T16:48:30","date_gmt":"2014-08-02T14:48:30","guid":{"rendered":"http:\/\/blogs.deia.com\/anasagasti\/?p=5398"},"modified":"2014-08-02T16:48:30","modified_gmt":"2014-08-02T14:48:30","slug":"pedro-sanchez-defrauda","status":"publish","type":"post","link":"https:\/\/blogs.deia.eus\/anasagasti\/2014\/08\/02\/pedro-sanchez-defrauda\/","title":{"rendered":"Pedro S\u00e1nchez, defrauda"},"content":{"rendered":"<p><strong><strong>S\u00e1bado 2 de agosto de 2014<\/strong><\/strong><\/p>\n<p><a href=\"http:\/\/blogs.deia.com\/anasagasti\/files\/2014\/08\/S\u00e1nchez.jpg\"><img loading=\"lazy\" decoding=\"async\" class=\"alignleft size-full wp-image-5400\" src=\"http:\/\/blogs.deia.com\/anasagasti\/files\/2014\/08\/S\u00e1nchez.jpg\" alt=\"S\u00e1nchez\" width=\"300\" height=\"168\" \/><\/a>Por lo menos a m\u00ed. S\u00e9 que el lapso para hacer un an\u00e1lisis son cien d\u00edas, pero el hombre apunta maneras.<\/p>\n<p>Le segu\u00ed las promesas de su campa\u00f1a. Dijo dos muy claras. Que\u00a0 convocar\u00eda elecciones primarias en noviembre \u00a0para la elecci\u00f3n del candidato\/a a la presidencia del gobierno y que incluir\u00eda a sus dos oponentes, Madina y P\u00e9rez Tapia en su ejecutiva.<\/p>\n<p>Pues ha incumplido las dos.<\/p>\n<p>No convocar\u00e1 primarias en noviembre y no ha incluido satisfactoriamente\u00a0 en la ejecutiva del PSOE ni a la gente de Eduardo Madina ni a la de P\u00e9rez Tapia, con lo que \u00e9sto \u00a0me dice que es un hombre que, como Rajoy, no cumple lo que promete. Mala cosa. Pura percha y bla, bla, bla.<\/p>\n<p>Y ante \u00e9sto, otra constataci\u00f3n. Este hombre no ha entendido nada de lo ocurrido el 25 de mayo con ese voto rabioso contra pol\u00edticos tipo S\u00e1nchez que no cumplen lo que prometen. No ha entendido nada de nada.<\/p>\n<p>Para colmo, se entrevista con Rajoy y en lugar de salir de la reuni\u00f3n con un mensaje atractivo le dice que pise m\u00e1s la calle .\u00bfY \u00e9l?.<\/p>\n<p>En esa reuni\u00f3n la postura de S\u00e1nchez y la de Rajoy ante la situaci\u00f3n catalana es de \u00a0marcar l\u00edneas rojas, Es decir, postura intercambiable. Lo mismo. El pacto PPPSOE. Mala cosa.<\/p>\n<p>Y luego ante\u00a0 \u00e1l \u00a0el harakiri de Pujol solo se le ocurri\u00f3 decir que hay gente que confunde Patria con Patrimonio. \u00bfA qui\u00e9n se dirig\u00eda?. \u00bfA Pujol o a Felipe Gonz\u00e1lez al que ten\u00eda delante?.<\/p>\n<p>Y para finalizar, un desenga\u00f1o.<\/p>\n<p>No s\u00e9 si recordar\u00e1n que Pedro S\u00e1nchez fue muy beligerante con la postura de su partido ante la abdicaci\u00f3n del rey Juan Carlos. Dijo p\u00fablicamente que hab\u00eda que acabar con los privilegios, y, posteriormente, estuvo\u00a0 en contra del aforamiento express. Parec\u00eda que su postura iba a ser diferente a la de la c\u00fapula que hab\u00eda gobernado su partido cuarenta a\u00f1os. Sonaba a discurso republicano contenido.<\/p>\n<p>Pues no ha sido as\u00ed.<\/p>\n<p>Despu\u00e9s de estar con Rajoy fue corriendo a visitarle\u00a0 a Felipe VI a La Zarzuela. No fue a la tumba de Pablo Iglesias o\u00a0 a visitar alg\u00fan hist\u00f3rico de su partido sino a visitar al Rey. Y las im\u00e1genes fueron de compadrazgo, palmoteo, risas, sinton\u00eda, coleguismo. Lo de siempre. Y, despu\u00e9s de la entrevista, silencio. En lugar de una declaraci\u00f3n novedosa, manguareo.<\/p>\n<p>\u00a1Vaya cambio ha hecho el PSOE en su cabeza!<\/p>\n<p>Los mismos perros, con distintos collares que dir\u00eda el cl\u00e1sico.<\/p>\n<p>Nada con sif\u00f3n.<\/p>\n<p>\u00a1Y Patxi L\u00f3pez en su Comisi\u00f3n Pol\u00edtica!.<\/p>\n<p>Que Dios nos coja confesados.<\/p>\n<!-- AddThis Advanced Settings generic via filter on the_content --><!-- AddThis Share Buttons generic via filter on the_content -->","protected":false},"excerpt":{"rendered":"<p>S\u00e1bado 2 de agosto de 2014 Por lo menos a m\u00ed. S\u00e9 que el lapso para hacer un an\u00e1lisis son cien d\u00edas, pero el hombre apunta maneras. Le segu\u00ed las promesas de su campa\u00f1a. Dijo dos muy claras. Que\u00a0 convocar\u00eda elecciones primarias en noviembre \u00a0para la elecci\u00f3n del candidato\/a a la presidencia del gobierno y &hellip; <a href=\"https:\/\/blogs.deia.eus\/anasagasti\/2014\/08\/02\/pedro-sanchez-defrauda\/\" class=\"more-link\">Sigue leyendo <span class=\"screen-reader-text\">Pedro S\u00e1nchez, defrauda<\/span><\/a><!-- AddThis Advanced Settings generic via filter on get_the_excerpt --><!-- AddThis Share Buttons generic via filter on get_the_excerpt --><\/p>\n","protected":false},"author":19,"featured_media":0,"comment_status":"open","ping_status":"open","sticky":false,"template":"","format":"standard","meta":{"footnotes":""},"categories":[1],"tags":[],"class_list":["post-5398","post","type-post","status-publish","format-standard","hentry","category-general"],"_links":{"self":[{"href":"https:\/\/blogs.deia.eus\/anasagasti\/wp-json\/wp\/v2\/posts\/5398","targetHints":{"allow":["GET"]}}],"collection":[{"href":"https:\/\/blogs.deia.eus\/anasagasti\/wp-json\/wp\/v2\/posts"}],"about":[{"href":"https:\/\/blogs.deia.eus\/anasagasti\/wp-json\/wp\/v2\/types\/post"}],"author":[{"embeddable":true,"href":"https:\/\/blogs.deia.eus\/anasagasti\/wp-json\/wp\/v2\/users\/19"}],"replies":[{"embeddable":true,"href":"https:\/\/blogs.deia.eus\/anasagasti\/wp-json\/wp\/v2\/comments?post=5398"}],"version-history":[{"count":1,"href":"https:\/\/blogs.deia.eus\/anasagasti\/wp-json\/wp\/v2\/posts\/5398\/revisions"}],"predecessor-version":[{"id":5401,"href":"https:\/\/blogs.deia.eus\/anasagasti\/wp-json\/wp\/v2\/posts\/5398\/revisions\/5401"}],"wp:attachment":[{"href":"https:\/\/blogs.deia.eus\/anasagasti\/wp-json\/wp\/v2\/media?parent=5398"}],"wp:term":[{"taxonomy":"category","embeddable":true,"href":"https:\/\/blogs.deia.eus\/anasagasti\/wp-json\/wp\/v2\/categories?post=5398"},{"taxonomy":"post_tag","embeddable":true,"href":"https:\/\/blogs.deia.eus\/anasagasti\/wp-json\/wp\/v2\/tags?post=5398"}],"curies":[{"name":"wp","href":"https:\/\/api.w.org\/{rel}","templated":true}]}}