{"id":5406,"date":"2014-08-09T21:38:09","date_gmt":"2014-08-09T19:38:09","guid":{"rendered":"http:\/\/blogs.deia.com\/anasagasti\/?p=5406"},"modified":"2014-08-09T21:38:09","modified_gmt":"2014-08-09T19:38:09","slug":"pujol-declarara-a-hacienda-y-ante-el-juez-y-el-rey","status":"publish","type":"post","link":"https:\/\/blogs.deia.eus\/anasagasti\/2014\/08\/09\/pujol-declarara-a-hacienda-y-ante-el-juez-y-el-rey\/","title":{"rendered":"Pujol declarar\u00e1 a Hacienda y ante el Juez. \u00bfY el Rey?"},"content":{"rendered":"<p><strong>S\u00e1bado 9 de agosto de 2014<\/strong><\/p>\n<p>No se que pasar\u00e1 con Jordi Pujol y su esposa Marta Ferrusola as\u00ed como con sus siete\u00a0hijos, pero si se una cosa: est\u00e1n bajo el ojo judicial y bajo el ojo escrutador \u00a0de la hacienda. Y\u00a0 este \u00a0hombre sali\u00f3, dio la cara y recibi\u00f3 en su casa la petici\u00f3n de comparecencia y\u00a0 contest\u00f3 que lo har\u00eda.<\/p>\n<p>Es un ciudadano bajo sospecha que aparentemente y seg\u00fan confesi\u00f3n propia se le olvid\u00f3 decir que su padre les hab\u00eda dejado en herencia una serie de millones y \u00e9stos estaban en Andorra. Pues\u00a0 el juez le ha pedido el testamento. Y ha hecho bien en hacerlo. Y en que Pujol est\u00e9 casi procesado.<\/p>\n<p>Lo que hacen mal los jueces es no proceder de la misma manera con Juan Carlos de Borb\u00f3n a quien le siguen llamando rey, como Carmen Rigalt a Letizia Ortiz, reina. No lo es. En todo caso consorte. Esta gente es extraordinariamente rid\u00edcula y cortesana.<\/p>\n<p>A Juan Carlos no le llamaron nunca para que aclarase las cuentas \u00a0por la herencia de Don Juan y hoy es el d\u00eda en que no sabemos si pag\u00f3 impuestos a Hacienda, ni por qu\u00e9 la ten\u00eda en Suiza, ni si queda algo, ni nada. Pero hay m\u00e1s. \u00bfCu\u00e1nto es el patrimonio millonario \u00a0de Juan Carlos, d\u00f3nde lo tiene, c\u00f3mo lo ha conseguido, c\u00f3mo maneja sus cuentas?. Opacidad y falta absoluta de transparencia.<\/p>\n<p>Ante estos hechos tan graves, silencio.<\/p>\n<p>Y silencio\u00a0 ante las dos demandas de paternidad.<\/p>\n<p>Me niego a criticar a Jordi Pujol mientras al rey no se le trate de la misma manera. A Juan Carlos, me refiero, al que le siguen llamando rey porque a Pujol ya no le llaman Molt Honorable.<\/p>\n<p>He aqu\u00ed otra gran diferencia.<\/p>\n<p>\u00bfD\u00f3nde est\u00e1 la igualdad ante la ley en Espa\u00f1a?. \u00bfD\u00f3nde la prensa de investigaci\u00f3n?.<\/p>\n<p>No existe.<\/p>\n<p>Y Juan Carlos borboneando en Bogot\u00e1 y la reina Sof\u00eda \u00a0preterida en Mallorca.<\/p>\n<p>Una familia \u00fatil y ejemplar.<\/p>\n<p>&nbsp;<\/p>\n<p>&nbsp;<\/p>\n<!-- AddThis Advanced Settings generic via filter on the_content --><!-- AddThis Share Buttons generic via filter on the_content -->","protected":false},"excerpt":{"rendered":"<p>S\u00e1bado 9 de agosto de 2014 No se que pasar\u00e1 con Jordi Pujol y su esposa Marta Ferrusola as\u00ed como con sus siete\u00a0hijos, pero si se una cosa: est\u00e1n bajo el ojo judicial y bajo el ojo escrutador \u00a0de la hacienda. Y\u00a0 este \u00a0hombre sali\u00f3, dio la cara y recibi\u00f3 en su casa la petici\u00f3n &hellip; <a href=\"https:\/\/blogs.deia.eus\/anasagasti\/2014\/08\/09\/pujol-declarara-a-hacienda-y-ante-el-juez-y-el-rey\/\" class=\"more-link\">Sigue leyendo <span class=\"screen-reader-text\">Pujol declarar\u00e1 a Hacienda y ante el Juez. \u00bfY el Rey?<\/span><\/a><!-- AddThis Advanced Settings generic via filter on get_the_excerpt --><!-- AddThis Share Buttons generic via filter on get_the_excerpt --><\/p>\n","protected":false},"author":19,"featured_media":0,"comment_status":"open","ping_status":"open","sticky":false,"template":"","format":"standard","meta":{"footnotes":""},"categories":[1],"tags":[],"class_list":["post-5406","post","type-post","status-publish","format-standard","hentry","category-general"],"_links":{"self":[{"href":"https:\/\/blogs.deia.eus\/anasagasti\/wp-json\/wp\/v2\/posts\/5406","targetHints":{"allow":["GET"]}}],"collection":[{"href":"https:\/\/blogs.deia.eus\/anasagasti\/wp-json\/wp\/v2\/posts"}],"about":[{"href":"https:\/\/blogs.deia.eus\/anasagasti\/wp-json\/wp\/v2\/types\/post"}],"author":[{"embeddable":true,"href":"https:\/\/blogs.deia.eus\/anasagasti\/wp-json\/wp\/v2\/users\/19"}],"replies":[{"embeddable":true,"href":"https:\/\/blogs.deia.eus\/anasagasti\/wp-json\/wp\/v2\/comments?post=5406"}],"version-history":[{"count":4,"href":"https:\/\/blogs.deia.eus\/anasagasti\/wp-json\/wp\/v2\/posts\/5406\/revisions"}],"predecessor-version":[{"id":5412,"href":"https:\/\/blogs.deia.eus\/anasagasti\/wp-json\/wp\/v2\/posts\/5406\/revisions\/5412"}],"wp:attachment":[{"href":"https:\/\/blogs.deia.eus\/anasagasti\/wp-json\/wp\/v2\/media?parent=5406"}],"wp:term":[{"taxonomy":"category","embeddable":true,"href":"https:\/\/blogs.deia.eus\/anasagasti\/wp-json\/wp\/v2\/categories?post=5406"},{"taxonomy":"post_tag","embeddable":true,"href":"https:\/\/blogs.deia.eus\/anasagasti\/wp-json\/wp\/v2\/tags?post=5406"}],"curies":[{"name":"wp","href":"https:\/\/api.w.org\/{rel}","templated":true}]}}