{"id":5414,"date":"2014-08-13T22:37:06","date_gmt":"2014-08-13T20:37:06","guid":{"rendered":"http:\/\/blogs.deia.com\/anasagasti\/?p=5414"},"modified":"2014-08-13T22:37:06","modified_gmt":"2014-08-13T20:37:06","slug":"presentamos-el-libro-de-lombana-en-bakio","status":"publish","type":"post","link":"https:\/\/blogs.deia.eus\/anasagasti\/2014\/08\/13\/presentamos-el-libro-de-lombana-en-bakio\/","title":{"rendered":"Presentamos el libro de Lombana en Bakio"},"content":{"rendered":"<p><strong><strong>Mi\u00e9rcoles 13 de agosto de 2014<\/strong><\/strong><\/p>\n<p><a href=\"http:\/\/blogs.deia.com\/anasagasti\/files\/2014\/08\/IMG_1719.jpg\"><img loading=\"lazy\" decoding=\"async\" class=\"alignleft size-full wp-image-5415\" src=\"http:\/\/blogs.deia.com\/anasagasti\/files\/2014\/08\/IMG_1719.jpg\" alt=\"???????????????????????????????\" width=\"1024\" height=\"768\" srcset=\"https:\/\/blogs.deia.eus\/anasagasti\/files\/2014\/08\/IMG_1719.jpg 1024w, https:\/\/blogs.deia.eus\/anasagasti\/files\/2014\/08\/IMG_1719-580x435.jpg 580w, https:\/\/blogs.deia.eus\/anasagasti\/files\/2014\/08\/IMG_1719-940x705.jpg 940w\" sizes=\"auto, (max-width: 1024px) 100vw, 1024px\" \/><\/a>Este martes 12 de agosto Josu Erkoreka y quien esto escribe, presentamos en el Batzoki de Bakio el libro que nos ha editado Xabier Irujo en\u00a0 el Centro de Estudios Vascos\u00a0 de la Universidad de Nevada sobre Jos\u00e9 Luis de la Lombana, un vitoriano que fue encargado en 1938 de ir a Nueva York a la II Conferencia Internacional de la Paz. Lo titulamos \u00abUn Jelkide en Nueva York\u00bb que en ingl\u00e9s queda en \u00abA basque patriot in New York\u00bb. Su hija Mirentxu, que vive en Bogot\u00e1 nos facilit\u00f3 las fotograf\u00edas que abarcan desde su estancia en la c\u00e1rcel, al citado congreso y a su actividad en Colombia donde se exili\u00f3 y all\u00ed muri\u00f3.<\/p>\n<p>El libro rescata a este \u00abmalgeniado\u00bb alav\u00e9s y lo incorpora al elenco de los Landaburu, los Galindez, los Ibarrondo, los Unzueta, los Umandi (Urrestarazu), los Aguirre y tantos abertzales alaveses hoy desconocidos.<\/p>\n<p>Analiza el ambiente norteamericano en relaci\u00f3n con la guerra civil espa\u00f1ola y su impacto en el catolicismo norteamericano.<\/p>\n<p>Pone en p\u00fablico conocimiento las relaciones entre republicanos, vascos, gallegos y catalanes en Nueva York aquel a\u00f1o 1938, a\u00f1o en el que se hizo famoso Orson Welles por radiar una supuesta invasi\u00f3n marciana a la ciudad de la manzana, originando un p\u00e1nico indescriptible.<\/p>\n<p>Lombana no contento con aquel viaje e intervenci\u00f3n en el Madison Square Garden contrat\u00f3 los servicios de un int\u00e9rprete y se recorri\u00f3 diez universidades explicando la causa del pueblo vasco.<\/p>\n<p>El p\u00fablico llenaba la sala con sus bronceados veraniegos y all\u00ed vimos a miembros de la Junta, a concejales, a Fede Bergaretxe y su esposa Maite, a Jos\u00e9 Antonio Asensio, a Karmelo Zamalloa, a Mar\u00eda Luisa Barreiro, a la viuda del senador Aspuru, a Unai Artetxe y a gente joven que pasa sus vacaciones en este bonito pueblo playero y txakolinero. Nos dijeron que les interes\u00f3 el relato y esperan que se reedite o en euskera o en castellano.<\/p>\n<!-- AddThis Advanced Settings generic via filter on the_content --><!-- AddThis Share Buttons generic via filter on the_content -->","protected":false},"excerpt":{"rendered":"<p>Mi\u00e9rcoles 13 de agosto de 2014 Este martes 12 de agosto Josu Erkoreka y quien esto escribe, presentamos en el Batzoki de Bakio el libro que nos ha editado Xabier Irujo en\u00a0 el Centro de Estudios Vascos\u00a0 de la Universidad de Nevada sobre Jos\u00e9 Luis de la Lombana, un vitoriano que fue encargado en 1938 &hellip; <a href=\"https:\/\/blogs.deia.eus\/anasagasti\/2014\/08\/13\/presentamos-el-libro-de-lombana-en-bakio\/\" class=\"more-link\">Sigue leyendo <span class=\"screen-reader-text\">Presentamos el libro de Lombana en Bakio<\/span><\/a><!-- AddThis Advanced Settings generic via filter on get_the_excerpt --><!-- AddThis Share Buttons generic via filter on get_the_excerpt --><\/p>\n","protected":false},"author":19,"featured_media":0,"comment_status":"open","ping_status":"open","sticky":false,"template":"","format":"standard","meta":{"footnotes":""},"categories":[1],"tags":[],"class_list":["post-5414","post","type-post","status-publish","format-standard","hentry","category-general"],"_links":{"self":[{"href":"https:\/\/blogs.deia.eus\/anasagasti\/wp-json\/wp\/v2\/posts\/5414","targetHints":{"allow":["GET"]}}],"collection":[{"href":"https:\/\/blogs.deia.eus\/anasagasti\/wp-json\/wp\/v2\/posts"}],"about":[{"href":"https:\/\/blogs.deia.eus\/anasagasti\/wp-json\/wp\/v2\/types\/post"}],"author":[{"embeddable":true,"href":"https:\/\/blogs.deia.eus\/anasagasti\/wp-json\/wp\/v2\/users\/19"}],"replies":[{"embeddable":true,"href":"https:\/\/blogs.deia.eus\/anasagasti\/wp-json\/wp\/v2\/comments?post=5414"}],"version-history":[{"count":1,"href":"https:\/\/blogs.deia.eus\/anasagasti\/wp-json\/wp\/v2\/posts\/5414\/revisions"}],"predecessor-version":[{"id":5416,"href":"https:\/\/blogs.deia.eus\/anasagasti\/wp-json\/wp\/v2\/posts\/5414\/revisions\/5416"}],"wp:attachment":[{"href":"https:\/\/blogs.deia.eus\/anasagasti\/wp-json\/wp\/v2\/media?parent=5414"}],"wp:term":[{"taxonomy":"category","embeddable":true,"href":"https:\/\/blogs.deia.eus\/anasagasti\/wp-json\/wp\/v2\/categories?post=5414"},{"taxonomy":"post_tag","embeddable":true,"href":"https:\/\/blogs.deia.eus\/anasagasti\/wp-json\/wp\/v2\/tags?post=5414"}],"curies":[{"name":"wp","href":"https:\/\/api.w.org\/{rel}","templated":true}]}}