{"id":5418,"date":"2014-08-16T22:09:55","date_gmt":"2014-08-16T20:09:55","guid":{"rendered":"http:\/\/blogs.deia.com\/anasagasti\/?p=5418"},"modified":"2014-08-16T22:11:28","modified_gmt":"2014-08-16T20:11:28","slug":"lauren-bacall-y-una-etb-sin-memoria-historica","status":"publish","type":"post","link":"https:\/\/blogs.deia.eus\/anasagasti\/2014\/08\/16\/lauren-bacall-y-una-etb-sin-memoria-historica\/","title":{"rendered":"Lauren Bacall y una ETB sin memoria hist\u00f3rica"},"content":{"rendered":"<p><strong><strong>S\u00e1bado 16 de agosto de 2014<\/strong><\/strong><\/p>\n<p><a href=\"http:\/\/blogs.deia.com\/anasagasti\/files\/2014\/08\/939.3.jpg\"><img loading=\"lazy\" decoding=\"async\" class=\"alignleft size-full wp-image-5419\" src=\"http:\/\/blogs.deia.com\/anasagasti\/files\/2014\/08\/939.3.jpg\" alt=\"939.3\" width=\"480\" height=\"640\" \/><\/a><\/p>\n<p>&nbsp;<\/p>\n<p>&nbsp;<\/p>\n<p>&nbsp;<\/p>\n<p>&nbsp;<\/p>\n<p>&nbsp;<\/p>\n<p>&nbsp;<\/p>\n<p>&nbsp;<\/p>\n<p>&nbsp;<\/p>\n<p>&nbsp;<\/p>\n<p>&nbsp;<\/p>\n<p>&nbsp;<\/p>\n<p>&nbsp;<\/p>\n<p>&nbsp;<\/p>\n<p>&nbsp;<\/p>\n<p>&nbsp;<\/p>\n<p>El pasado viernes, 15 de agosto, d\u00eda de la Virgen, celebr\u00e9 con mi mujer Mar\u00eda Esther el 33 aniversario de nuestra boda que fue en Caracas. Nieta del alcalde nacionalista de Ondarroa y nieta del primer Consejero de Industria del Gobierno Vasco, las dos familias hab\u00edan recalado en Venezuela tras mil peripecias. Sus aitas hab\u00edan sido \u201cni\u00f1os de la guerra\u201d y los m\u00edos ya viv\u00edan en Venezuela ya que mi aita lleg\u00f3 al puerto de La Guaira en 1939. Le hab\u00eda conocido en Donibane Lohitzun, San Juan de Luz, a mi ama en las fiestas de San lgnacio y se pasaron cinco a\u00f1os esperando acabara la guerra mundial para poder casarse con la esperanza que lo har\u00edan en Euzkadi, pero aquel final no fue para los vascos y para los republicanos se\u00f1al de democracia sino todo lo contrario, lo fue de persecuci\u00f3n y resistencia. Y aquella joven que en 1936 le hab\u00edan cortado el pelo en Zarautz por nacionalista y que hab\u00eda sido expulsada del pueblo con su familia como en las pel\u00edculas de jud\u00edos, lleg\u00f3 a Puerto Cabello en el Cabo de Buena Esperanza en 1945.<\/p>\n<p>Este no es m\u00e1s que un relato de los muchos venidos por las miles de familias que tuvieron que rehacer su vida en el exterior, en esta caso en una hospitalaria Venezuela que les acogi\u00f3 con los brazos abiertos.<\/p>\n<p>Y como estas fechas son para recordarlas hicimos una comida familiar y entre otros, vino mi hermano Koldo con su familia. Y hablando detodo le pregunt\u00e9 si hab\u00eda conocido a Lauren Bacall ya que hab\u00eda sido \u00e9l, director del festival de Cine de San Sebasti\u00e1n. Previamente hab\u00eda sido director de ETB.<\/p>\n<p>Nos cont\u00f3 que tuvo que viajar a Par\u00eds y contactar con Rom\u00e1n Polanski varias veces y en una de ellas estando en su casa, \u00e9ste le pregunt\u00f3 si le gustar\u00eda acompa\u00f1arle a una recepci\u00f3n dada por el Ministerio de Cultura para celebrar el D\u00eda del Cine en Francia. Le dijo que s\u00ed y all\u00ed se fueron, recordando Koldo que lo hicieron en un Mercedes marr\u00f3n y conduciendo Polanski.<\/p>\n<p>Llegaron y saludaron a mucha gente y en una de esas Koldo le pidi\u00f3 al director \u00a0que le presentara a Lauren Bacall que estaba all\u00ed como invitada especial. \u00c9ste le dijo que s\u00ed y se la present\u00f3 y estuvieron hablando bastante tiempo y con tal confianza que Koldo le plante\u00f3 si estar\u00eda dispuesta a recibir el Premio Donostia del Festival de Cine. Ella inmediatamente le dijo que s\u00ed y acordaron su viaje a Donosti en Setiembre.<\/p>\n<p>Tras \u00e9sto nos cont\u00f3 su llegada, su presencia en el Festival, la manera de ser de la diva, lo que le pareci\u00f3 la ciudad y algunas an\u00e9cdotas.<\/p>\n<p>Y yo como le hab\u00eda visto a Od\u00f3n Elorza hablando sobre Lauren Bacall en ETB le pregunt\u00e9si como ex director de ETB y ex director del festival del cine no le hab\u00edan llamado para que contase todas esas cosas que nos estaba narrando y que eran curiosas y llamativas. Me dijo que no, pero que s\u00ed le hab\u00edan llamado de Radio Nacional de Espa\u00f1a y que all\u00ed s\u00ed estuvo hablando de la artista desaparecida.<\/p>\n<p>A m\u00ed me parece muy bien que le entrevisten a Elorza que fue quien le entreg\u00f3 el premio pero que no le hayan llamado a Koldo habiendo sido director de ETB, y del Festival y quien le propuso a Lauren Bacall venir a Donosti me ilustra sobre la nula memoria hist\u00f3rica que existe en ETB y que solamente se trabaja al d\u00eda. Una pena, porque\u00a0 la historia, era muy bonita.<\/p>\n<p>&nbsp;<\/p>\n<!-- AddThis Advanced Settings generic via filter on the_content --><!-- AddThis Share Buttons generic via filter on the_content -->","protected":false},"excerpt":{"rendered":"<p>S\u00e1bado 16 de agosto de 2014 &nbsp; &nbsp; &nbsp; &nbsp; &nbsp; &nbsp; &nbsp; &nbsp; &nbsp; &nbsp; &nbsp; &nbsp; &nbsp; &nbsp; &nbsp; El pasado viernes, 15 de agosto, d\u00eda de la Virgen, celebr\u00e9 con mi mujer Mar\u00eda Esther el 33 aniversario de nuestra boda que fue en Caracas. Nieta del alcalde nacionalista de Ondarroa y nieta &hellip; <a href=\"https:\/\/blogs.deia.eus\/anasagasti\/2014\/08\/16\/lauren-bacall-y-una-etb-sin-memoria-historica\/\" class=\"more-link\">Sigue leyendo <span class=\"screen-reader-text\">Lauren Bacall y una ETB sin memoria hist\u00f3rica<\/span><\/a><!-- AddThis Advanced Settings generic via filter on get_the_excerpt --><!-- AddThis Share Buttons generic via filter on get_the_excerpt --><\/p>\n","protected":false},"author":19,"featured_media":0,"comment_status":"open","ping_status":"open","sticky":false,"template":"","format":"standard","meta":{"footnotes":""},"categories":[1],"tags":[],"class_list":["post-5418","post","type-post","status-publish","format-standard","hentry","category-general"],"_links":{"self":[{"href":"https:\/\/blogs.deia.eus\/anasagasti\/wp-json\/wp\/v2\/posts\/5418","targetHints":{"allow":["GET"]}}],"collection":[{"href":"https:\/\/blogs.deia.eus\/anasagasti\/wp-json\/wp\/v2\/posts"}],"about":[{"href":"https:\/\/blogs.deia.eus\/anasagasti\/wp-json\/wp\/v2\/types\/post"}],"author":[{"embeddable":true,"href":"https:\/\/blogs.deia.eus\/anasagasti\/wp-json\/wp\/v2\/users\/19"}],"replies":[{"embeddable":true,"href":"https:\/\/blogs.deia.eus\/anasagasti\/wp-json\/wp\/v2\/comments?post=5418"}],"version-history":[{"count":7,"href":"https:\/\/blogs.deia.eus\/anasagasti\/wp-json\/wp\/v2\/posts\/5418\/revisions"}],"predecessor-version":[{"id":5426,"href":"https:\/\/blogs.deia.eus\/anasagasti\/wp-json\/wp\/v2\/posts\/5418\/revisions\/5426"}],"wp:attachment":[{"href":"https:\/\/blogs.deia.eus\/anasagasti\/wp-json\/wp\/v2\/media?parent=5418"}],"wp:term":[{"taxonomy":"category","embeddable":true,"href":"https:\/\/blogs.deia.eus\/anasagasti\/wp-json\/wp\/v2\/categories?post=5418"},{"taxonomy":"post_tag","embeddable":true,"href":"https:\/\/blogs.deia.eus\/anasagasti\/wp-json\/wp\/v2\/tags?post=5418"}],"curies":[{"name":"wp","href":"https:\/\/api.w.org\/{rel}","templated":true}]}}