{"id":5432,"date":"2014-08-24T09:22:16","date_gmt":"2014-08-24T07:22:16","guid":{"rendered":"http:\/\/blogs.deia.com\/anasagasti\/?p=5432"},"modified":"2014-08-24T09:22:16","modified_gmt":"2014-08-24T07:22:16","slug":"hoy-xabier-arzalluz-cumple-82-anos","status":"publish","type":"post","link":"https:\/\/blogs.deia.eus\/anasagasti\/2014\/08\/24\/hoy-xabier-arzalluz-cumple-82-anos\/","title":{"rendered":"Hoy Xabier Arzalluz cumple 82 a\u00f1os"},"content":{"rendered":"<p><strong><strong>Domingo 24 de agosto de 2014<\/strong><\/strong><\/p>\n<p><a href=\"http:\/\/blogs.deia.com\/anasagasti\/files\/2014\/08\/Xabier-Arzalluz.png\"><img loading=\"lazy\" decoding=\"async\" class=\"alignleft size-full wp-image-5433\" src=\"http:\/\/blogs.deia.com\/anasagasti\/files\/2014\/08\/Xabier-Arzalluz.png\" alt=\"Xabier Arzalluz\" width=\"299\" height=\"168\" \/><\/a>Hoy domingo, 24 de agosto, Xabier Arzalluz cumple 82 a\u00f1os y no quer\u00eda dejar pasar el d\u00eda sin recordarlo y sin felicitarle. Pasa el tiempo, todos cumplimos a\u00f1os, y a la altura de la vida en la que se encuentra el ex presidente del EBB puede decirse que junto a Sabino Arana, Jos\u00e9 Antonio Aguirre, Manuel de Irujo y Juan Ajuriaguerra es el pol\u00edtico m\u00e1s importante del PNV y de Euzkadi que hemos tenido.<\/p>\n<p>Es conocida su biograf\u00eda y su car\u00e1cter, pero sin \u00e9l, la historia del PNV de estos a\u00f1os hubiera sido distinta.<\/p>\n<p>Su oratoria, su entrega, su visi\u00f3n pol\u00edtica, su parlamentarismo, su atractiva y denostada \u00a0personalidad, su capacidad para enfrentarse a los problemas y sacar de quicio al m\u00e1s pintado, fueron determinantes para ir haciendo un PNV como lo es en la actualidad.<\/p>\n<p>Su afiliaci\u00f3n al PNV en clandestinidad\u00a0 en 1968 y su elecci\u00f3n como diputado en 1977 teniendo a su cargo la defensa de las enmiendas claves de la Constituci\u00f3n y del Concierto Econ\u00f3mico, su lucha por un estatuto mejor que el de 1936, sus intervenciones en el Congreso como fue aquella de la Amnist\u00eda considerada la mejor de la primera legislatura, han dejado huella indeleble \u00a0y su trabajo se ir\u00e1 reconociendo de d\u00eda en d\u00eda a medida que pase el tiempo.<\/p>\n<p>Hombre apasionado tuvo muchos aciertos y algunos errores, que en un d\u00eda como \u00e9stos solo cabe reconocer los aciertos. De los posibles errores ya se ocupar\u00e1n sus enemigos, que los tuvo y muchos. Buena se\u00f1al.<\/p>\n<p>\u00a1Zorionak Xabier!.<\/p>\n<p>&nbsp;<\/p>\n<!-- AddThis Advanced Settings generic via filter on the_content --><!-- AddThis Share Buttons generic via filter on the_content -->","protected":false},"excerpt":{"rendered":"<p>Domingo 24 de agosto de 2014 Hoy domingo, 24 de agosto, Xabier Arzalluz cumple 82 a\u00f1os y no quer\u00eda dejar pasar el d\u00eda sin recordarlo y sin felicitarle. Pasa el tiempo, todos cumplimos a\u00f1os, y a la altura de la vida en la que se encuentra el ex presidente del EBB puede decirse que junto &hellip; <a href=\"https:\/\/blogs.deia.eus\/anasagasti\/2014\/08\/24\/hoy-xabier-arzalluz-cumple-82-anos\/\" class=\"more-link\">Sigue leyendo <span class=\"screen-reader-text\">Hoy Xabier Arzalluz cumple 82 a\u00f1os<\/span><\/a><!-- AddThis Advanced Settings generic via filter on get_the_excerpt --><!-- AddThis Share Buttons generic via filter on get_the_excerpt --><\/p>\n","protected":false},"author":19,"featured_media":0,"comment_status":"open","ping_status":"open","sticky":false,"template":"","format":"standard","meta":{"footnotes":""},"categories":[1],"tags":[],"class_list":["post-5432","post","type-post","status-publish","format-standard","hentry","category-general"],"_links":{"self":[{"href":"https:\/\/blogs.deia.eus\/anasagasti\/wp-json\/wp\/v2\/posts\/5432","targetHints":{"allow":["GET"]}}],"collection":[{"href":"https:\/\/blogs.deia.eus\/anasagasti\/wp-json\/wp\/v2\/posts"}],"about":[{"href":"https:\/\/blogs.deia.eus\/anasagasti\/wp-json\/wp\/v2\/types\/post"}],"author":[{"embeddable":true,"href":"https:\/\/blogs.deia.eus\/anasagasti\/wp-json\/wp\/v2\/users\/19"}],"replies":[{"embeddable":true,"href":"https:\/\/blogs.deia.eus\/anasagasti\/wp-json\/wp\/v2\/comments?post=5432"}],"version-history":[{"count":1,"href":"https:\/\/blogs.deia.eus\/anasagasti\/wp-json\/wp\/v2\/posts\/5432\/revisions"}],"predecessor-version":[{"id":5434,"href":"https:\/\/blogs.deia.eus\/anasagasti\/wp-json\/wp\/v2\/posts\/5432\/revisions\/5434"}],"wp:attachment":[{"href":"https:\/\/blogs.deia.eus\/anasagasti\/wp-json\/wp\/v2\/media?parent=5432"}],"wp:term":[{"taxonomy":"category","embeddable":true,"href":"https:\/\/blogs.deia.eus\/anasagasti\/wp-json\/wp\/v2\/categories?post=5432"},{"taxonomy":"post_tag","embeddable":true,"href":"https:\/\/blogs.deia.eus\/anasagasti\/wp-json\/wp\/v2\/tags?post=5432"}],"curies":[{"name":"wp","href":"https:\/\/api.w.org\/{rel}","templated":true}]}}