{"id":5435,"date":"2014-08-25T22:47:54","date_gmt":"2014-08-25T20:47:54","guid":{"rendered":"http:\/\/blogs.deia.com\/anasagasti\/?p=5435"},"modified":"2014-08-25T22:47:54","modified_gmt":"2014-08-25T20:47:54","slug":"angela-merkel-por-que-alemania-puede-y-catalunya-y-euzkadi-no","status":"publish","type":"post","link":"https:\/\/blogs.deia.eus\/anasagasti\/2014\/08\/25\/angela-merkel-por-que-alemania-puede-y-catalunya-y-euzkadi-no\/","title":{"rendered":"ANGELA MERKEL: \u00bfPor qu\u00e9 Alemania puede y Catalunya y Euzkadi no?."},"content":{"rendered":"<p><strong><strong>Lunes 25 de agosto de 2014<\/strong><\/strong><\/p>\n<p><a href=\"http:\/\/blogs.deia.com\/anasagasti\/files\/2014\/08\/Markel-y-Rajoy.png\"><img loading=\"lazy\" decoding=\"async\" class=\"alignleft size-full wp-image-5436\" src=\"http:\/\/blogs.deia.com\/anasagasti\/files\/2014\/08\/Markel-y-Rajoy.png\" alt=\"Markel y Rajoy\" width=\"300\" height=\"168\" \/><\/a>La canciller alemana Angela Merkel ha pasado dos d\u00edas en Santiago de Compostela. Su anfitri\u00f3n ha sido el presidente del gobierno espa\u00f1ol, el gallego Mariano Rajoy que ha recorrido con ella seis kil\u00f3metros del Camino de Santiago un d\u00eda y al siguiente han hablado de\u00a0 Europa, destacando dos cuestiones de la rueda de prensa.<\/p>\n<p>Fundamentalmente han hablado de los cargos a repartirse. Ya parece que Luis de Guindos tiene el suyo. Ojal\u00e1 Arias Ca\u00f1ete no lo tenga. Si el PSOE fuera un partido con columna vertebral, montar\u00eda la bronca que Valenciano prometi\u00f3 organizar en Europa contra Ca\u00f1ete a cuenta de sus declaraciones machistas en la campa\u00f1a. No lo har\u00e1. Pedro S\u00e1nchez es hombre de m\u00ednima palabra. Dice una cosa y hace otra. Como el viejo PSOE.<\/p>\n<p>Y ha dicho\u00a0 Merkel en sinton\u00eda con Rajoy que Catalunya no debe convocar su refer\u00e9ndum, ni autodeterminarse.<\/p>\n<p>Ingerencia inadmisible porque Alemania se autodetermin\u00f3 para unir sus dos partes en 1989. Y es que la autodeterminaci\u00f3n es un camino para separarse o para juntarse. Y Alemania lo hizo a la brava y\u00a0 adem\u00e1s propici\u00f3 la independencia de Kosovo, Eslovaquia, las tres Rep\u00fablicas B\u00e1lticas, Montenegro, Macedonia y ella misma. \u00bfDos varas de medir?.<\/p>\n<p>Pues no.<\/p>\n<p>Una pura injusticia y una agresiva postura pol\u00edtica contra Catalunya y Euzkadi.<\/p>\n<p>La derecha europea alemana y la derecha espa\u00f1ola actuando al un\u00edsono.<\/p>\n<p>Nada nuevo. Es la ley del m\u00e1s fuerte.<\/p>\n<p>&nbsp;<\/p>\n<!-- AddThis Advanced Settings generic via filter on the_content --><!-- AddThis Share Buttons generic via filter on the_content -->","protected":false},"excerpt":{"rendered":"<p>Lunes 25 de agosto de 2014 La canciller alemana Angela Merkel ha pasado dos d\u00edas en Santiago de Compostela. Su anfitri\u00f3n ha sido el presidente del gobierno espa\u00f1ol, el gallego Mariano Rajoy que ha recorrido con ella seis kil\u00f3metros del Camino de Santiago un d\u00eda y al siguiente han hablado de\u00a0 Europa, destacando dos cuestiones &hellip; <a href=\"https:\/\/blogs.deia.eus\/anasagasti\/2014\/08\/25\/angela-merkel-por-que-alemania-puede-y-catalunya-y-euzkadi-no\/\" class=\"more-link\">Sigue leyendo <span class=\"screen-reader-text\">ANGELA MERKEL: \u00bfPor qu\u00e9 Alemania puede y Catalunya y Euzkadi no?.<\/span><\/a><!-- AddThis Advanced Settings generic via filter on get_the_excerpt --><!-- AddThis Share Buttons generic via filter on get_the_excerpt --><\/p>\n","protected":false},"author":19,"featured_media":0,"comment_status":"open","ping_status":"open","sticky":false,"template":"","format":"standard","meta":{"footnotes":""},"categories":[1],"tags":[],"class_list":["post-5435","post","type-post","status-publish","format-standard","hentry","category-general"],"_links":{"self":[{"href":"https:\/\/blogs.deia.eus\/anasagasti\/wp-json\/wp\/v2\/posts\/5435","targetHints":{"allow":["GET"]}}],"collection":[{"href":"https:\/\/blogs.deia.eus\/anasagasti\/wp-json\/wp\/v2\/posts"}],"about":[{"href":"https:\/\/blogs.deia.eus\/anasagasti\/wp-json\/wp\/v2\/types\/post"}],"author":[{"embeddable":true,"href":"https:\/\/blogs.deia.eus\/anasagasti\/wp-json\/wp\/v2\/users\/19"}],"replies":[{"embeddable":true,"href":"https:\/\/blogs.deia.eus\/anasagasti\/wp-json\/wp\/v2\/comments?post=5435"}],"version-history":[{"count":1,"href":"https:\/\/blogs.deia.eus\/anasagasti\/wp-json\/wp\/v2\/posts\/5435\/revisions"}],"predecessor-version":[{"id":5437,"href":"https:\/\/blogs.deia.eus\/anasagasti\/wp-json\/wp\/v2\/posts\/5435\/revisions\/5437"}],"wp:attachment":[{"href":"https:\/\/blogs.deia.eus\/anasagasti\/wp-json\/wp\/v2\/media?parent=5435"}],"wp:term":[{"taxonomy":"category","embeddable":true,"href":"https:\/\/blogs.deia.eus\/anasagasti\/wp-json\/wp\/v2\/categories?post=5435"},{"taxonomy":"post_tag","embeddable":true,"href":"https:\/\/blogs.deia.eus\/anasagasti\/wp-json\/wp\/v2\/tags?post=5435"}],"curies":[{"name":"wp","href":"https:\/\/api.w.org\/{rel}","templated":true}]}}