{"id":5438,"date":"2014-08-26T17:53:43","date_gmt":"2014-08-26T15:53:43","guid":{"rendered":"http:\/\/blogs.deia.com\/anasagasti\/?p=5438"},"modified":"2014-08-26T17:53:43","modified_gmt":"2014-08-26T15:53:43","slug":"impresiona-ada-colau","status":"publish","type":"post","link":"https:\/\/blogs.deia.eus\/anasagasti\/2014\/08\/26\/impresiona-ada-colau\/","title":{"rendered":"Impresiona Ada Colau"},"content":{"rendered":"<p><strong><strong>Martes 26 de agosto de 2014<\/strong><\/strong><\/p>\n<p><a href=\"http:\/\/blogs.deia.com\/anasagasti\/files\/2014\/08\/Ada-Colau.jpg\"><img loading=\"lazy\" decoding=\"async\" class=\"alignleft size-full wp-image-5439\" src=\"http:\/\/blogs.deia.com\/anasagasti\/files\/2014\/08\/Ada-Colau.jpg\" alt=\"Ada Colau\" width=\"296\" height=\"170\" \/><\/a>Buena entrevista este lunes a Ada Colau en Radio Euskadi. No estoy de acuerdo en mucho de lo que dice pero reconozco\u00a0 la solvencia de su discurso, la brillante manera de hilvanar frases, la contundencia de su denuncia y las ganas de cambio que transmite. Le conoc\u00ed en Madrid en la entrega de un premio europeo a Euskaltzaindia.<\/p>\n<p>Frente a \u00e9sto le veo a Pedro S\u00e1nchez gastado, sin un discurso fresco, repitiendo t\u00f3picos y encantado de haberse conocido.<\/p>\n<p>\u00bfPor qu\u00e9 S\u00e1nchez y su PSOE no llevan a la pr\u00e1ctica lo que prometieron de vetar a Arias Ca\u00f1ete por machista?. No lo har\u00e1n.<\/p>\n<p>En este pa\u00eds, est\u00e1n cambiando muchas cosas. Podemos, Ganamos, Ada Colau, el 15-M movi\u00e9ndose.<\/p>\n<p>Y me ha gustado el comentario de los tertulianos que han dicho que unas elecciones municipales hay que centrarlas en los candidatos y sus trayectorias en esos municipios.<\/p>\n<p>Y han puesto el ejemplo de Bilbao y la cercan\u00eda y trayectoria de Ibon Areso.<\/p>\n<p>No todos son iguales.<\/p>\n<p>Y merece ser destacado.<\/p>\n<p>El domingo le vi en la misa en San Felic\u00edsimo por Juan de Ajuriaguerra. Y habl\u00e9 con \u00e9l. Le vi muy tranquilo, muy a gusto, muy cercano. Que siga as\u00ed.<\/p>\n<p>&nbsp;<\/p>\n<!-- AddThis Advanced Settings generic via filter on the_content --><!-- AddThis Share Buttons generic via filter on the_content -->","protected":false},"excerpt":{"rendered":"<p>Martes 26 de agosto de 2014 Buena entrevista este lunes a Ada Colau en Radio Euskadi. No estoy de acuerdo en mucho de lo que dice pero reconozco\u00a0 la solvencia de su discurso, la brillante manera de hilvanar frases, la contundencia de su denuncia y las ganas de cambio que transmite. Le conoc\u00ed en Madrid &hellip; <a href=\"https:\/\/blogs.deia.eus\/anasagasti\/2014\/08\/26\/impresiona-ada-colau\/\" class=\"more-link\">Sigue leyendo <span class=\"screen-reader-text\">Impresiona Ada Colau<\/span><\/a><!-- AddThis Advanced Settings generic via filter on get_the_excerpt --><!-- AddThis Share Buttons generic via filter on get_the_excerpt --><\/p>\n","protected":false},"author":19,"featured_media":0,"comment_status":"open","ping_status":"open","sticky":false,"template":"","format":"standard","meta":{"footnotes":""},"categories":[1],"tags":[],"class_list":["post-5438","post","type-post","status-publish","format-standard","hentry","category-general"],"_links":{"self":[{"href":"https:\/\/blogs.deia.eus\/anasagasti\/wp-json\/wp\/v2\/posts\/5438","targetHints":{"allow":["GET"]}}],"collection":[{"href":"https:\/\/blogs.deia.eus\/anasagasti\/wp-json\/wp\/v2\/posts"}],"about":[{"href":"https:\/\/blogs.deia.eus\/anasagasti\/wp-json\/wp\/v2\/types\/post"}],"author":[{"embeddable":true,"href":"https:\/\/blogs.deia.eus\/anasagasti\/wp-json\/wp\/v2\/users\/19"}],"replies":[{"embeddable":true,"href":"https:\/\/blogs.deia.eus\/anasagasti\/wp-json\/wp\/v2\/comments?post=5438"}],"version-history":[{"count":1,"href":"https:\/\/blogs.deia.eus\/anasagasti\/wp-json\/wp\/v2\/posts\/5438\/revisions"}],"predecessor-version":[{"id":5440,"href":"https:\/\/blogs.deia.eus\/anasagasti\/wp-json\/wp\/v2\/posts\/5438\/revisions\/5440"}],"wp:attachment":[{"href":"https:\/\/blogs.deia.eus\/anasagasti\/wp-json\/wp\/v2\/media?parent=5438"}],"wp:term":[{"taxonomy":"category","embeddable":true,"href":"https:\/\/blogs.deia.eus\/anasagasti\/wp-json\/wp\/v2\/categories?post=5438"},{"taxonomy":"post_tag","embeddable":true,"href":"https:\/\/blogs.deia.eus\/anasagasti\/wp-json\/wp\/v2\/tags?post=5438"}],"curies":[{"name":"wp","href":"https:\/\/api.w.org\/{rel}","templated":true}]}}