{"id":5441,"date":"2014-08-28T15:40:38","date_gmt":"2014-08-28T13:40:38","guid":{"rendered":"http:\/\/blogs.deia.com\/anasagasti\/?p=5441"},"modified":"2014-08-28T15:40:38","modified_gmt":"2014-08-28T13:40:38","slug":"madrazo-apuesta-por-podemos","status":"publish","type":"post","link":"https:\/\/blogs.deia.eus\/anasagasti\/2014\/08\/28\/madrazo-apuesta-por-podemos\/","title":{"rendered":"Madrazo apuesta por Podemos"},"content":{"rendered":"<p><strong><strong>Jueves 28 de agosto de 2014<\/strong><\/strong><\/p>\n<p><a href=\"http:\/\/blogs.deia.com\/anasagasti\/files\/2014\/08\/Javier-Madrazo.png\"><img loading=\"lazy\" decoding=\"async\" class=\"alignleft size-full wp-image-5442\" src=\"http:\/\/blogs.deia.com\/anasagasti\/files\/2014\/08\/Javier-Madrazo.png\" alt=\"Javier Madrazo\" width=\"228\" height=\"221\" \/><\/a>Es una de las noticias que circulan. Y Madrazo se deja querer.<\/p>\n<p>Lo que no sabemos es si Podemos apuesta por Javier Madrazo. Y no porque el personaje no lo valga, ni sea un trabajador nato, ni tenga trayectoria pol\u00edtica, sino fundamentalmente por todas estas cosas. Y es hombre con discurso y que habla bien.<\/p>\n<p>Javier Madrazo fue Consejero de Vivienda\u00a0\u00a0en el gobierno del Lehendakari Ibarretxe. Al Lehendakari el apoyo de Madrazo no le significaba\u00a0 un\u00a0 suficiente apoyo en el Parlamento Vasco y lo mismo le ocurr\u00eda con\u00a0 EA, pero \u00e9l dese\u00f3 hacer \u00a0el gesto de repartir poder entre aquellos que estaban con un proyecto de\u00a0 pa\u00eds. Y\u00a0 la gesti\u00f3n\u00a0 de Madrazo, como todo, tuvo claroscuros\u00a0 muy notables, pero est\u00e1 en la l\u00f3gica de\u00a0 lo que se pod\u00eda hacer en momentos en los que Aznar disparaba con bombas de racimo pol\u00edticas.<\/p>\n<p>Pero el problema de Madrazo es su personalismo, su narcisismo, su empecinamiento y su capacidad termita para acabar con cualquier proyecto que \u00e9l no dirija.<\/p>\n<p>Que se lo pregunten a Mikel Arana o a Xabier Aguirre cuando\u00a0 \u00e9ste negoci\u00f3 la gobernabilidad de la Diputaci\u00f3n de Araba y Madrazo negociaba cosas para \u00e9l y su grupo .\u00bfSe acuerdan de la intervenci\u00f3n de Aguirre en el pleno de las Juntas Generales de Araba?.<\/p>\n<p>Hoy el PP gobierna en este territorio gracias, fundamentalmente, al Sr. Madrazo.<\/p>\n<p>Si algo tiene Podemos es esa imagen de frescura y de novedad.<\/p>\n<p>Madrazo es el pasado, pero no un buen pasado, sino un pasado conflictivo.<\/p>\n<p>Ahora bien, que hagan lo que quieran. Son muy libres de hacerlo.<\/p>\n<p>Yo solo comento el mal recuerdo que nos dej\u00f3 Madrazo\u00a0 tras \u00a0aquella negociaci\u00f3n.<\/p>\n<p>Si Podemos apuesta por Madrazo, que Dios les coja confesados.<\/p>\n<p>&nbsp;<\/p>\n<!-- AddThis Advanced Settings generic via filter on the_content --><!-- AddThis Share Buttons generic via filter on the_content -->","protected":false},"excerpt":{"rendered":"<p>Jueves 28 de agosto de 2014 Es una de las noticias que circulan. Y Madrazo se deja querer. Lo que no sabemos es si Podemos apuesta por Javier Madrazo. Y no porque el personaje no lo valga, ni sea un trabajador nato, ni tenga trayectoria pol\u00edtica, sino fundamentalmente por todas estas cosas. Y es hombre &hellip; <a href=\"https:\/\/blogs.deia.eus\/anasagasti\/2014\/08\/28\/madrazo-apuesta-por-podemos\/\" class=\"more-link\">Sigue leyendo <span class=\"screen-reader-text\">Madrazo apuesta por Podemos<\/span><\/a><!-- AddThis Advanced Settings generic via filter on get_the_excerpt --><!-- AddThis Share Buttons generic via filter on get_the_excerpt --><\/p>\n","protected":false},"author":19,"featured_media":0,"comment_status":"open","ping_status":"open","sticky":false,"template":"","format":"standard","meta":{"footnotes":""},"categories":[1],"tags":[],"class_list":["post-5441","post","type-post","status-publish","format-standard","hentry","category-general"],"_links":{"self":[{"href":"https:\/\/blogs.deia.eus\/anasagasti\/wp-json\/wp\/v2\/posts\/5441","targetHints":{"allow":["GET"]}}],"collection":[{"href":"https:\/\/blogs.deia.eus\/anasagasti\/wp-json\/wp\/v2\/posts"}],"about":[{"href":"https:\/\/blogs.deia.eus\/anasagasti\/wp-json\/wp\/v2\/types\/post"}],"author":[{"embeddable":true,"href":"https:\/\/blogs.deia.eus\/anasagasti\/wp-json\/wp\/v2\/users\/19"}],"replies":[{"embeddable":true,"href":"https:\/\/blogs.deia.eus\/anasagasti\/wp-json\/wp\/v2\/comments?post=5441"}],"version-history":[{"count":1,"href":"https:\/\/blogs.deia.eus\/anasagasti\/wp-json\/wp\/v2\/posts\/5441\/revisions"}],"predecessor-version":[{"id":5443,"href":"https:\/\/blogs.deia.eus\/anasagasti\/wp-json\/wp\/v2\/posts\/5441\/revisions\/5443"}],"wp:attachment":[{"href":"https:\/\/blogs.deia.eus\/anasagasti\/wp-json\/wp\/v2\/media?parent=5441"}],"wp:term":[{"taxonomy":"category","embeddable":true,"href":"https:\/\/blogs.deia.eus\/anasagasti\/wp-json\/wp\/v2\/categories?post=5441"},{"taxonomy":"post_tag","embeddable":true,"href":"https:\/\/blogs.deia.eus\/anasagasti\/wp-json\/wp\/v2\/tags?post=5441"}],"curies":[{"name":"wp","href":"https:\/\/api.w.org\/{rel}","templated":true}]}}