{"id":5444,"date":"2014-08-31T19:22:38","date_gmt":"2014-08-31T17:22:38","guid":{"rendered":"http:\/\/blogs.deia.com\/anasagasti\/?p=5444"},"modified":"2014-08-31T19:22:38","modified_gmt":"2014-08-31T17:22:38","slug":"podemos-sube-el-psoe-baja-y-canete-comisario-europeo","status":"publish","type":"post","link":"https:\/\/blogs.deia.eus\/anasagasti\/2014\/08\/31\/podemos-sube-el-psoe-baja-y-canete-comisario-europeo\/","title":{"rendered":"Podemos sube,  el PSOE baja y Ca\u00f1ete Comisario Europeo."},"content":{"rendered":"<p><strong><strong>Domingo 31 de agosto de 2014<\/strong><\/strong><\/p>\n<p><a href=\"http:\/\/blogs.deia.com\/anasagasti\/files\/2014\/08\/Ca\u00f1ete.png\"><img loading=\"lazy\" decoding=\"async\" class=\"alignleft size-full wp-image-5445\" src=\"http:\/\/blogs.deia.com\/anasagasti\/files\/2014\/08\/Ca\u00f1ete.png\" alt=\"Ca\u00f1ete\" width=\"300\" height=\"168\" \/><\/a>Es normal.<\/p>\n<p>El discurso del PSOE con su federalismo no asim\u00e9trico y los incumplimientos de Pedro S\u00e1nchez en casi todo, hacen que lo in\u00e9dito y desconocido tenga m\u00e1s credibilidad que lo ya conocido\u00a0 y que adem\u00e1s el ciudadano ya no se f\u00eda de ellos. Prometen pero no cumplen. Y eso lo pudieron hacer en el pasado. Ahora, el truco, ya no es novedad.<\/p>\n<p>Podemos se puede convertir en un PSOE con m\u00e1s calor\u00edas, una mezcla de IU y PSOE, pero con credibilidad. Ah\u00ed est\u00e1n las encuestas de Sigma 2.<\/p>\n<p>Y es que el PSOE no da una.<\/p>\n<p>En plena campa\u00f1a anunciaron que har\u00edan lo imposible para que Miguel Angel Arias Ca\u00f1ete no fuera Comisario a cuenta de sus deplorables declaraciones machistas tras el debate a dos con Elena Valenciano.<\/p>\n<p>Dijeron que formar\u00edan una plataforma socialista y de izquierdas en Europa \u00a0para hacer imposible esta posibilidad.<\/p>\n<p>Y ah\u00ed est\u00e1 Rajoy negociando como si nada.<\/p>\n<p>La oposici\u00f3n del PSOE solo es epid\u00e9rmica, tronituante, pero sin ning\u00fan contenido.<\/p>\n<p>Nada con sif\u00f3n.<\/p>\n<p>Y as\u00ed les va.<\/p>\n<p>Las encuestas son elocuentes.<\/p>\n<!-- AddThis Advanced Settings generic via filter on the_content --><!-- AddThis Share Buttons generic via filter on the_content -->","protected":false},"excerpt":{"rendered":"<p>Domingo 31 de agosto de 2014 Es normal. El discurso del PSOE con su federalismo no asim\u00e9trico y los incumplimientos de Pedro S\u00e1nchez en casi todo, hacen que lo in\u00e9dito y desconocido tenga m\u00e1s credibilidad que lo ya conocido\u00a0 y que adem\u00e1s el ciudadano ya no se f\u00eda de ellos. Prometen pero no cumplen. Y &hellip; <a href=\"https:\/\/blogs.deia.eus\/anasagasti\/2014\/08\/31\/podemos-sube-el-psoe-baja-y-canete-comisario-europeo\/\" class=\"more-link\">Sigue leyendo <span class=\"screen-reader-text\">Podemos sube,  el PSOE baja y Ca\u00f1ete Comisario Europeo.<\/span><\/a><!-- AddThis Advanced Settings generic via filter on get_the_excerpt --><!-- AddThis Share Buttons generic via filter on get_the_excerpt --><\/p>\n","protected":false},"author":19,"featured_media":0,"comment_status":"open","ping_status":"open","sticky":false,"template":"","format":"standard","meta":{"footnotes":""},"categories":[1],"tags":[],"class_list":["post-5444","post","type-post","status-publish","format-standard","hentry","category-general"],"_links":{"self":[{"href":"https:\/\/blogs.deia.eus\/anasagasti\/wp-json\/wp\/v2\/posts\/5444","targetHints":{"allow":["GET"]}}],"collection":[{"href":"https:\/\/blogs.deia.eus\/anasagasti\/wp-json\/wp\/v2\/posts"}],"about":[{"href":"https:\/\/blogs.deia.eus\/anasagasti\/wp-json\/wp\/v2\/types\/post"}],"author":[{"embeddable":true,"href":"https:\/\/blogs.deia.eus\/anasagasti\/wp-json\/wp\/v2\/users\/19"}],"replies":[{"embeddable":true,"href":"https:\/\/blogs.deia.eus\/anasagasti\/wp-json\/wp\/v2\/comments?post=5444"}],"version-history":[{"count":1,"href":"https:\/\/blogs.deia.eus\/anasagasti\/wp-json\/wp\/v2\/posts\/5444\/revisions"}],"predecessor-version":[{"id":5446,"href":"https:\/\/blogs.deia.eus\/anasagasti\/wp-json\/wp\/v2\/posts\/5444\/revisions\/5446"}],"wp:attachment":[{"href":"https:\/\/blogs.deia.eus\/anasagasti\/wp-json\/wp\/v2\/media?parent=5444"}],"wp:term":[{"taxonomy":"category","embeddable":true,"href":"https:\/\/blogs.deia.eus\/anasagasti\/wp-json\/wp\/v2\/categories?post=5444"},{"taxonomy":"post_tag","embeddable":true,"href":"https:\/\/blogs.deia.eus\/anasagasti\/wp-json\/wp\/v2\/tags?post=5444"}],"curies":[{"name":"wp","href":"https:\/\/api.w.org\/{rel}","templated":true}]}}