{"id":5448,"date":"2014-09-01T16:17:02","date_gmt":"2014-09-01T14:17:02","guid":{"rendered":"http:\/\/blogs.deia.com\/anasagasti\/?p=5448"},"modified":"2014-09-01T16:17:02","modified_gmt":"2014-09-01T14:17:02","slug":"montoro-comparece-por-pujol-pero-no-por-cristina-ni-por-su-padre","status":"publish","type":"post","link":"https:\/\/blogs.deia.eus\/anasagasti\/2014\/09\/01\/montoro-comparece-por-pujol-pero-no-por-cristina-ni-por-su-padre\/","title":{"rendered":"Montoro comparece por Pujol pero no por Cristina ni por su padre."},"content":{"rendered":"<p><strong><strong>Lunes 1 de septiembre de 2014<\/strong><\/strong><\/p>\n<p><a href=\"http:\/\/blogs.deia.com\/anasagasti\/files\/2014\/09\/Montoro.jpg\"><img loading=\"lazy\" decoding=\"async\" class=\"alignleft size-full wp-image-5449\" src=\"http:\/\/blogs.deia.com\/anasagasti\/files\/2014\/09\/Montoro.jpg\" alt=\"Montoro\" width=\"300\" height=\"168\" \/><\/a>No s\u00e9 si recuerdan que el a\u00f1o pasado apareci\u00f3 en Suiza una cuenta de Don Juan de Borb\u00f3n donde al parecer se hab\u00eda depositado la herencia de este se\u00f1or que se pas\u00f3 toda su vida conspirando para tratar ser Rey. Afortunadamente Adolfo Suarez no permiti\u00f3 que se autollamara Juan III aunque su hijo lo enterr\u00f3 en El Escorial en el Pabell\u00f3n de Reyes y con un nombrecito falso. As\u00ed se falsifica la historia.<\/p>\n<p>Pero de la manera como se hacen estas chapuzas tambi\u00e9n se cometen delitos graves y omisiones culpables por parte de la Agencia Tributaria y el Gobierno. Digo \u00e9sto porque la Agencia Tributaria que no movi\u00f3 un dedo para que se averiguara los malos haberes de Cristina de Borb\u00f3n, ni si Juan Carlos pag\u00f3 o no impuestos de esa herencia en Suiza (\u00a1que patriotas son los reyes espa\u00f1oles!), ni si el Rey Juan Carlos pag\u00f3 o no impuestos del pr\u00e9stamo a su hija para que se comprara el Palacete de Pedralbes, pero resulta que ahora, con celeridad comparece el 2 de setiembre el ministro de Hacienda en el Congreso con el fin de que se averig\u00fce la fortuna de Jordi Pujol.<\/p>\n<p>Y que conste que me parece muy bien que se informe sobre todo lo que tenga relaci\u00f3n con el ex presidente de la Generalit\u00e1, pero \u00bfQu\u00e9 pasa con Juan Carlos de Borb\u00f3n y de su hija tras haber dicha aquella mentira de que la justicia es igual para todos?.<\/p>\n<p>Y me llama la atenci\u00f3n que Podemos no saque este tema. Y hablo de Podemos porque de los dem\u00e1s no espero nada.<\/p>\n<!-- AddThis Advanced Settings generic via filter on the_content --><!-- AddThis Share Buttons generic via filter on the_content -->","protected":false},"excerpt":{"rendered":"<p>Lunes 1 de septiembre de 2014 No s\u00e9 si recuerdan que el a\u00f1o pasado apareci\u00f3 en Suiza una cuenta de Don Juan de Borb\u00f3n donde al parecer se hab\u00eda depositado la herencia de este se\u00f1or que se pas\u00f3 toda su vida conspirando para tratar ser Rey. Afortunadamente Adolfo Suarez no permiti\u00f3 que se autollamara Juan &hellip; <a href=\"https:\/\/blogs.deia.eus\/anasagasti\/2014\/09\/01\/montoro-comparece-por-pujol-pero-no-por-cristina-ni-por-su-padre\/\" class=\"more-link\">Sigue leyendo <span class=\"screen-reader-text\">Montoro comparece por Pujol pero no por Cristina ni por su padre.<\/span><\/a><!-- AddThis Advanced Settings generic via filter on get_the_excerpt --><!-- AddThis Share Buttons generic via filter on get_the_excerpt --><\/p>\n","protected":false},"author":19,"featured_media":0,"comment_status":"open","ping_status":"open","sticky":false,"template":"","format":"standard","meta":{"footnotes":""},"categories":[1],"tags":[],"class_list":["post-5448","post","type-post","status-publish","format-standard","hentry","category-general"],"_links":{"self":[{"href":"https:\/\/blogs.deia.eus\/anasagasti\/wp-json\/wp\/v2\/posts\/5448","targetHints":{"allow":["GET"]}}],"collection":[{"href":"https:\/\/blogs.deia.eus\/anasagasti\/wp-json\/wp\/v2\/posts"}],"about":[{"href":"https:\/\/blogs.deia.eus\/anasagasti\/wp-json\/wp\/v2\/types\/post"}],"author":[{"embeddable":true,"href":"https:\/\/blogs.deia.eus\/anasagasti\/wp-json\/wp\/v2\/users\/19"}],"replies":[{"embeddable":true,"href":"https:\/\/blogs.deia.eus\/anasagasti\/wp-json\/wp\/v2\/comments?post=5448"}],"version-history":[{"count":1,"href":"https:\/\/blogs.deia.eus\/anasagasti\/wp-json\/wp\/v2\/posts\/5448\/revisions"}],"predecessor-version":[{"id":5450,"href":"https:\/\/blogs.deia.eus\/anasagasti\/wp-json\/wp\/v2\/posts\/5448\/revisions\/5450"}],"wp:attachment":[{"href":"https:\/\/blogs.deia.eus\/anasagasti\/wp-json\/wp\/v2\/media?parent=5448"}],"wp:term":[{"taxonomy":"category","embeddable":true,"href":"https:\/\/blogs.deia.eus\/anasagasti\/wp-json\/wp\/v2\/categories?post=5448"},{"taxonomy":"post_tag","embeddable":true,"href":"https:\/\/blogs.deia.eus\/anasagasti\/wp-json\/wp\/v2\/tags?post=5448"}],"curies":[{"name":"wp","href":"https:\/\/api.w.org\/{rel}","templated":true}]}}