{"id":5457,"date":"2014-09-03T15:11:59","date_gmt":"2014-09-03T13:11:59","guid":{"rendered":"http:\/\/blogs.deia.com\/anasagasti\/?p=5457"},"modified":"2014-09-03T15:11:59","modified_gmt":"2014-09-03T13:11:59","slug":"el-dia-de-navidad-de-1940-un-grupo-de-ninos-vascos-de-n-america-exhibio-un-nacimiento-y-canto-villancicos-ante-el-presidente-rooselvet-y-senora-y-los-principes-herederos-de-noruega","status":"publish","type":"post","link":"https:\/\/blogs.deia.eus\/anasagasti\/2014\/09\/03\/el-dia-de-navidad-de-1940-un-grupo-de-ninos-vascos-de-n-america-exhibio-un-nacimiento-y-canto-villancicos-ante-el-presidente-rooselvet-y-senora-y-los-principes-herederos-de-noruega\/","title":{"rendered":"El d\u00eda de Navidad de 1940, un grupo de ni\u00f1os vascos de N. Am\u00e9rica exhibi\u00f3 un nacimiento y cant\u00f3 villancicos ante el Presidente Rooselvet y Se\u00f1ora y los Pr\u00edncipes herederos de Noruega."},"content":{"rendered":"<p><strong><strong>Mi\u00e9rcoles 3 de septiembre de 2014<\/strong><\/strong><\/p>\n<p>Con incontenible emoci\u00f3n que no nos creemos autorizadosa recatar, trasladamos a nuestros lectores la noticia comunicada, en extenso cablegrama por el fil\u00e1ntropo filipino de ascendencia vasca se\u00f1or Manuel Inchausti, por la que nos informa que el d\u00eda de Navidad, un grupo de ni\u00f1os vascos portadores de uno de los cl\u00e1sicos nacimientos, que con tanta ilusi\u00f3n se iban preparando desde meses antes en las tierras de Euzkadi, fueron recibidos por el presidente de Norte Am\u00e9rica, Mr. Franklin D. Roosevelt, su se\u00f1ora, los pr\u00edncipes herederos de Noruega y otras distinguidas personalidades. Acompa\u00f1aban a los ni\u00f1os los se\u00f1ores de lnchausti y los delegados vascos don Manuel y Ram\u00f3n de la Sota (hijo), (de la conocida firma naviera Sota y Aznar). Ante tan ilustre auditorio, en esta tr\u00e1gica Navidad del a\u00f1o 1940, los ni\u00f1os de Euzkadi, arrojados despiadadamente de su Patria en un mundo agitado por el rencor, cantaron antiguos villancicos renovando las esperanzas eternas de paz y de cristiana convivencia.<\/p>\n<p>Los lectores de EUZKO DEYA advertir\u00e1n, c\u00f3mo los hombres que nos atribuimos la representaci\u00f3n espiritual de \u00abnuestro pueblo venimos realizando, con esfuerzo cuyo valor moral estamos seguros que nos ser\u00e1 reconocido mucho antes de cuanto sospechan quienes se han dejado perturbar por las violencias imperantes, una abnegada labor de preparaci\u00f3n espiritual que es indispensable para conseguir Ia paz y el bienestar que en nuestra Patria ambicionamos.<\/p>\n<p>Nos sentimos en el deber de combatir con todas nuestras fuerzas, la anarqu\u00eda mental y la disociaci\u00f3n espiritual que el clima revolucionario primero, y las guerras desencadenadas, despu\u00e9s, han ido creando por todas partes con la consiguiente corrupci\u00f3n de las mentalidades y de la conducta de tantos individuos y colectividades.<\/p>\n<p>Manteniendo erguida la bandera de nuestros ideales eternos del culto al trabajo, el amor a la familia, el respeto a las leg\u00edtimas jerarqu\u00edas de autoridad determinadas por el ejercicio de las disciplinas democr\u00e1ticas que nos son consustanciales, lanzados por el mundo a consecuencia de una de las m\u00e1s espantosas guerras fratricidas que se han provocado, los vascos identificados con nosotros, han seguido manteniendo por todas partes la clara conciencia de sus deberes humanos y cristianos y en todas partes van consiguiendo estimaciones y respetos, de los que es una nueva expresi\u00f3n que nos enorgullece, la recepci\u00f3n que se les ha dispensado a uno de estos grupos en la mansi\u00f3n que habita la ilustre personalidad que ejerce la m\u00e1s encumbrada representaci\u00f3n de los Estados Unidos.<\/p>\n<p>En el cuadro desolador de las cruentas luchas que han despedazado a Espa\u00f1a, las err\u00f3neas esperanzas de engrandecimiento que pudieron inspirar la pasi\u00f3n b\u00e9lica de los contendientes, se han visto aniquiladas por tr\u00e1gicas decepciones y quienes buscan con angustia esperanzas de paz en su desesperaci\u00f3n o en sus desfallecimientos, tendr\u00e1n que ir concediendo a la doctrina y a la conducta, de esta formaci\u00f3n de vascos, que ha sabido conducirse, a pesar de su peque\u00f1ez, con tan extraordinaria ejemplaridad y eficacia, en las situaciones m\u00e1s graves y desoladas, la jerarqu\u00eda a que tienen derecho por la merecida confianza que vienen conquistando, como instrumentos insuperables para forjar en la paz, el s\u00f3lido engrandecimiento social que todos ambicionamos.<\/p>\n<p>Y esta peque\u00f1a luz del alma de nuestro pueblo, que se ha mantenido inextinguible en los embates m\u00e1s horrorosos de la adversidad, en cuanto halle el medio propicio para la irradiaci\u00f3n de las esperanzas que en ella tenemos depositadas, se convertir\u00e1 en formidable antorcha de nuestras ilusiones, con potentes claridades que ir\u00e1n alumbrando un destino mejor y abrasando en el calor de sufuego purificador, los odios y rencores que tantas desgracias han causado.<\/p>\n<!-- AddThis Advanced Settings generic via filter on the_content --><!-- AddThis Share Buttons generic via filter on the_content -->","protected":false},"excerpt":{"rendered":"<p>Mi\u00e9rcoles 3 de septiembre de 2014 Con incontenible emoci\u00f3n que no nos creemos autorizadosa recatar, trasladamos a nuestros lectores la noticia comunicada, en extenso cablegrama por el fil\u00e1ntropo filipino de ascendencia vasca se\u00f1or Manuel Inchausti, por la que nos informa que el d\u00eda de Navidad, un grupo de ni\u00f1os vascos portadores de uno de los &hellip; <a href=\"https:\/\/blogs.deia.eus\/anasagasti\/2014\/09\/03\/el-dia-de-navidad-de-1940-un-grupo-de-ninos-vascos-de-n-america-exhibio-un-nacimiento-y-canto-villancicos-ante-el-presidente-rooselvet-y-senora-y-los-principes-herederos-de-noruega\/\" class=\"more-link\">Sigue leyendo <span class=\"screen-reader-text\">El d\u00eda de Navidad de 1940, un grupo de ni\u00f1os vascos de N. Am\u00e9rica exhibi\u00f3 un nacimiento y cant\u00f3 villancicos ante el Presidente Rooselvet y Se\u00f1ora y los Pr\u00edncipes herederos de Noruega.<\/span><\/a><!-- AddThis Advanced Settings generic via filter on get_the_excerpt --><!-- AddThis Share Buttons generic via filter on get_the_excerpt --><\/p>\n","protected":false},"author":19,"featured_media":0,"comment_status":"open","ping_status":"open","sticky":false,"template":"","format":"standard","meta":{"footnotes":""},"categories":[1],"tags":[],"class_list":["post-5457","post","type-post","status-publish","format-standard","hentry","category-general"],"_links":{"self":[{"href":"https:\/\/blogs.deia.eus\/anasagasti\/wp-json\/wp\/v2\/posts\/5457","targetHints":{"allow":["GET"]}}],"collection":[{"href":"https:\/\/blogs.deia.eus\/anasagasti\/wp-json\/wp\/v2\/posts"}],"about":[{"href":"https:\/\/blogs.deia.eus\/anasagasti\/wp-json\/wp\/v2\/types\/post"}],"author":[{"embeddable":true,"href":"https:\/\/blogs.deia.eus\/anasagasti\/wp-json\/wp\/v2\/users\/19"}],"replies":[{"embeddable":true,"href":"https:\/\/blogs.deia.eus\/anasagasti\/wp-json\/wp\/v2\/comments?post=5457"}],"version-history":[{"count":1,"href":"https:\/\/blogs.deia.eus\/anasagasti\/wp-json\/wp\/v2\/posts\/5457\/revisions"}],"predecessor-version":[{"id":5458,"href":"https:\/\/blogs.deia.eus\/anasagasti\/wp-json\/wp\/v2\/posts\/5457\/revisions\/5458"}],"wp:attachment":[{"href":"https:\/\/blogs.deia.eus\/anasagasti\/wp-json\/wp\/v2\/media?parent=5457"}],"wp:term":[{"taxonomy":"category","embeddable":true,"href":"https:\/\/blogs.deia.eus\/anasagasti\/wp-json\/wp\/v2\/categories?post=5457"},{"taxonomy":"post_tag","embeddable":true,"href":"https:\/\/blogs.deia.eus\/anasagasti\/wp-json\/wp\/v2\/tags?post=5457"}],"curies":[{"name":"wp","href":"https:\/\/api.w.org\/{rel}","templated":true}]}}