{"id":5459,"date":"2014-09-04T15:13:07","date_gmt":"2014-09-04T13:13:07","guid":{"rendered":"http:\/\/blogs.deia.com\/anasagasti\/?p=5459"},"modified":"2014-09-04T15:13:07","modified_gmt":"2014-09-04T13:13:07","slug":"dos-preguntas-a-putin","status":"publish","type":"post","link":"https:\/\/blogs.deia.eus\/anasagasti\/2014\/09\/04\/dos-preguntas-a-putin\/","title":{"rendered":"Dos preguntas a Putin"},"content":{"rendered":"<p><strong><strong>Jueves 4 de septiembre de 2014<\/strong><\/strong><\/p>\n<p><a href=\"http:\/\/blogs.deia.com\/anasagasti\/files\/2014\/09\/Putin.jpg\"><img loading=\"lazy\" decoding=\"async\" class=\"alignleft size-full wp-image-5460\" src=\"http:\/\/blogs.deia.com\/anasagasti\/files\/2014\/09\/Putin.jpg\" alt=\"Putin\" width=\"276\" height=\"182\" \/><\/a>Estoy pensando en imprimir una serie de tarjetas de presentaci\u00f3n en las que ponga: I\u00f1aki Anasagasti y, debajo: \u201cle hizo dos preguntas a Vladimir Putin\u201d.<\/p>\n<p>La clave est\u00e1 en que las preguntas formuladas han sido sobre Chechenia. Las dos al mismo zar, pero con un lapso de tiempo de seis a\u00f1os.<\/p>\n<p>Me explico.<\/p>\n<p>En junio del 2000 Putin viaj\u00f3 a Madrid. Gobernaba Aznar y \u00e9l acababa de llegar a la c\u00faspide del poder de un estado en declive, desprestigiado, con una econom\u00eda que hac\u00eda aguas por todas partes y con el antiguo presidente Yeltsin m\u00e1s preocupado por el vodka que por arreglar aquel caos.<\/p>\n<p>Tuvo el gesto, que los tienen pocos, de pedir en su visita al Congreso se le diese la oportunidad de hablar con los portavoces parlamentarios. Y all\u00ed estuvimos con \u00e9l en la Sala del Consejo de Ministros en el Congreso.<\/p>\n<p>Cundo me toc\u00f3 hacerle la pregunta, se la formul\u00e9 sobre Chechenia. La gente que estaba con \u00e9l hizo \u00a1glup!. Y no digamos mis compa\u00f1eros. Sin embargo me dijo que me iba a contestar con datos y se\u00f1ales sobre un proceso que estaba en marcha. Lo hizo y, al final, me dijo que me iba a hacer \u00e9l una pregunta a m\u00ed. Consist\u00eda en pedirme que dijera por qu\u00e9 en San Petersburgo, de donde es, hab\u00eda una calle dedicada a los vascos.<\/p>\n<p>Le contest\u00e9 que no lo sab\u00eda y que tratar\u00eda de averiguarlo pero si \u00e9l, que hab\u00eda sido gran jefe de la KGB no lo sab\u00eda, poco iba yo a aportarle. Se ri\u00f3 y ah\u00ed qued\u00f3 la cosa y hasta \u00e9ste jueves 9 en que nos ha venido al Senado con todo su s\u00e9quito como parte de su visita oficial a Espa\u00f1a.<\/p>\n<p>Tras los himnos, los saludos, el batall\u00f3n de pelotas a su alrededor, la firma en el libro de honor, la entrega de un impresentable \u201cAtlas de Espa\u00f1a y sus Provincias de Ultramar\u201d, nostalgia incluida de aquel viejo imperio, pasamos al sal\u00f3n de los Pasos perdidos donde flanqueado por Rojo y Mar\u00edn, comenz\u00f3 el acto parlamentario previsto en el programa.<\/p>\n<p>Despu\u00e9s de un discurso de Rojo cargado de t\u00f3picos al uso sin tocar con el p\u00e9talo de una rosa nada que tuviera que ver con los derechos humanos hablando de los \u201cNi\u00f1os de la Guerra\u201d que fueron a Rusia tras la contienda civil, que por cierto, los pobres est\u00e1n como locos por rehacer su vida por aqu\u00ed, dio comienzo el turno de preguntas.<\/p>\n<p>Est\u00e1bamos sentados en U y Rojo le dio la palabra al portavoz socialista Diego L\u00f3pez Garrido. Ese d\u00eda, por la ma\u00f1ana, en la Cope, Jim\u00e9nez de los Santos le hab\u00eda descrito como componente de un mariachi del PRI. Y, efectivamente, tuvo la cl\u00e1sica intervenci\u00f3n aseada, pol\u00edticamente correcta, hablando de los lazos de uni\u00f3n y otras sinsorgadas al uso.<\/p>\n<p>Seguidamente me dio la palabra.<\/p>\n<p>Le record\u00e9 que hace seis a\u00f1os le hab\u00eda hecho la misma pregunta que le iba a formular y seis a\u00f1os despu\u00e9s segu\u00eda sin respuesta su curiosidad sobre la calle Los Vascos de San Petersburgo.<\/p>\n<p>Le dije que hab\u00eda le\u00eddo sus declaraciones diciendo que a Hamas no hab\u00eda que considerarle una organizaci\u00f3n terrorista sino darle su oportunidad en Palestina, pero, frente a eso, seis a\u00f1os despu\u00e9s, la situaci\u00f3n en Chechenia no s\u00f3lo no hab\u00eda mejorado, sino empeorado, hab\u00eda ocurrido la masacre de Beslan, iba a haber elecciones en noviembre y solo ten\u00edan cancha las fuerzas pro-rusas y le preguntaba porque el mismo criterio que aplicaba para Hamas no lo utilizaba para Chechenia.<\/p>\n<p>Me traspas\u00f3 con su g\u00e9lida mirada azul taladrante. Junto a \u00e9l el nerviosismo de sus colaboradores y el carraspeo de los espa\u00f1oles. Con \u00e9l estaba asimismo el ministro de asuntos exteriores, el de justicia, el del consejo de seguridad, nuestro viejo amigo Ivanov, el presidente de Asuntos Internacionales de la Duma, el director del servicio del control de tr\u00e1fico de drogas y el embajador de Rusia en Espa\u00f1a.<\/p>\n<p>Me dijo que no ten\u00eda nada que ver Chechenia con Palestina. Palestina es un problema internacional, Chechenia un problema interno de Rusia y me iba a contestar porque no quer\u00eda poner vallas al problema.<\/p>\n<p>\u201cChechenia es un problema de hondas ra\u00edces hist\u00f3ricas que se encona con el desmoronamiento de la Uni\u00f3n Sovi\u00e9tica. Rusia lleg\u00f3 a concederles la independencia pero de \u00e9sta regi\u00f3n se apoderaron los fundamentalistas y las bandas terroristas. Nosotros dijimos: o tomamos el control de la situaci\u00f3n o nos destruyen y planteado el problema as\u00ed, como una guerra, hemos estado en guerra. Ustedes deber\u00edan agradecernos lo que hemos hecho con Chechenia porque del Mar Negro al Caspio, con ellos, hubiera sido toda Europa un infierno. Ustedes nos ten\u00edan que dar gracias por lo que hemos hecho y de forma reverencial, inclin\u00e1ndose ante lo que nos ha supuesto esta cuesti\u00f3n.<\/p>\n<p>\u201cHemos concedido cuatro amnist\u00edas, organizado refer\u00e9ndums, atajado la violencia, erradicado lo ex\u00f3geno ya que no es el Islam lo tradicional de Chechenia, les hemos otorgado competencias auton\u00f3micas al filo de la ley, al l\u00edmite de los poderes y organizado elecciones presidenciales y renovado todo el entramado institucional. Hemos metido tanques, porque ellos metieron tanques. Queremos que todos participen en la vida pol\u00edtica excepto los que quieren seguir luchando y usted sabe que en las guerras se producen v\u00edctimas\u201d.<\/p>\n<p>\u201cEn relaci\u00f3n con lo que dice de Hamas nosotros sab\u00edamos que iban a ganar aunque no con tanta diferencia. Se hab\u00edan quedado sin un l\u00edder como Arafat que lo controlaba todo y el partido gobernante estaba desgastado por casos de ineficiencia y corrupci\u00f3n. Yo he invitado a visitar Mosc\u00fa a los representantes de Hamas.\u201d<\/p>\n<p>Todo \u00e9sto dicho con voz autoritaria durante veinte interminables minutos.<\/p>\n<p>La pregunta siguiente fue la de Dur\u00e1n, de CIU, diciendo que no preguntaba sobre Catalunya sino sobre Ir\u00e1n. Al parecer le hab\u00eda picado que me hubiese llevado el gato el agua por haber sido tan impol\u00edticamente incorrecto.<\/p>\n<p>Me caus\u00f3 Putin, a diferencia de hace seis a\u00f1os, una impresi\u00f3n terrible. La de un aut\u00f3crata, no la de un dem\u00f3crata y as\u00ed como hac\u00eda seis a\u00f1os hab\u00eda estado cercano y distendido, este jueves estuvo envarado, mand\u00f3n y dando la impresi\u00f3n de que es un hombre poderoso y que por serlo ha terminado por cre\u00e9rselo y ejerce de tal.<\/p>\n<p>\u00a1Pobres Chechenos!<\/p>\n<p>Los derechos humanos son asunto interno de Rusia. No son derechos universales.<\/p>\n<p>L\u00f3gicamente es un problema interno ante el nivel de incienso y peloteo de los espa\u00f1oles all\u00ed presentes y del temor reverencial que sigue despertando todo lo que huele a Rusia y a la figura del Zar de todas esas Rusias.<\/p>\n<p>Pero no para m\u00ed. Un liliput desobediente que est\u00e1 dispuesto a interrumpir la buena digesti\u00f3n de los amos de la tierra. Los de siempre.<\/p>\n<p>\u00a1Ah! Y todo \u00e9sto fue a puerta cerrada. Solo se enteraron los all\u00ed presentes. Por eso lo cuento y si quiere usted tener m\u00e1s informaci\u00f3n y leer un magn\u00edfico an\u00e1lisis de c\u00f3mo est\u00e1n las cosas en Rusia pinche la secci\u00f3n \u201cViajes-Encuentros\u201d.<\/p>\n<p>&nbsp;<\/p>\n<p>&nbsp;<\/p>\n<!-- AddThis Advanced Settings generic via filter on the_content --><!-- AddThis Share Buttons generic via filter on the_content -->","protected":false},"excerpt":{"rendered":"<p>Jueves 4 de septiembre de 2014 Estoy pensando en imprimir una serie de tarjetas de presentaci\u00f3n en las que ponga: I\u00f1aki Anasagasti y, debajo: \u201cle hizo dos preguntas a Vladimir Putin\u201d. La clave est\u00e1 en que las preguntas formuladas han sido sobre Chechenia. Las dos al mismo zar, pero con un lapso de tiempo de &hellip; <a href=\"https:\/\/blogs.deia.eus\/anasagasti\/2014\/09\/04\/dos-preguntas-a-putin\/\" class=\"more-link\">Sigue leyendo <span class=\"screen-reader-text\">Dos preguntas a Putin<\/span><\/a><!-- AddThis Advanced Settings generic via filter on get_the_excerpt --><!-- AddThis Share Buttons generic via filter on get_the_excerpt --><\/p>\n","protected":false},"author":19,"featured_media":0,"comment_status":"open","ping_status":"open","sticky":false,"template":"","format":"standard","meta":{"footnotes":""},"categories":[1],"tags":[],"class_list":["post-5459","post","type-post","status-publish","format-standard","hentry","category-general"],"_links":{"self":[{"href":"https:\/\/blogs.deia.eus\/anasagasti\/wp-json\/wp\/v2\/posts\/5459","targetHints":{"allow":["GET"]}}],"collection":[{"href":"https:\/\/blogs.deia.eus\/anasagasti\/wp-json\/wp\/v2\/posts"}],"about":[{"href":"https:\/\/blogs.deia.eus\/anasagasti\/wp-json\/wp\/v2\/types\/post"}],"author":[{"embeddable":true,"href":"https:\/\/blogs.deia.eus\/anasagasti\/wp-json\/wp\/v2\/users\/19"}],"replies":[{"embeddable":true,"href":"https:\/\/blogs.deia.eus\/anasagasti\/wp-json\/wp\/v2\/comments?post=5459"}],"version-history":[{"count":1,"href":"https:\/\/blogs.deia.eus\/anasagasti\/wp-json\/wp\/v2\/posts\/5459\/revisions"}],"predecessor-version":[{"id":5461,"href":"https:\/\/blogs.deia.eus\/anasagasti\/wp-json\/wp\/v2\/posts\/5459\/revisions\/5461"}],"wp:attachment":[{"href":"https:\/\/blogs.deia.eus\/anasagasti\/wp-json\/wp\/v2\/media?parent=5459"}],"wp:term":[{"taxonomy":"category","embeddable":true,"href":"https:\/\/blogs.deia.eus\/anasagasti\/wp-json\/wp\/v2\/categories?post=5459"},{"taxonomy":"post_tag","embeddable":true,"href":"https:\/\/blogs.deia.eus\/anasagasti\/wp-json\/wp\/v2\/tags?post=5459"}],"curies":[{"name":"wp","href":"https:\/\/api.w.org\/{rel}","templated":true}]}}