{"id":5465,"date":"2014-09-07T10:03:34","date_gmt":"2014-09-07T08:03:34","guid":{"rendered":"http:\/\/blogs.deia.com\/anasagasti\/?p=5465"},"modified":"2014-09-07T10:03:34","modified_gmt":"2014-09-07T08:03:34","slug":"maria-antonia-y-el-bipartidismo-borbonico","status":"publish","type":"post","link":"https:\/\/blogs.deia.eus\/anasagasti\/2014\/09\/07\/maria-antonia-y-el-bipartidismo-borbonico\/","title":{"rendered":"Mar\u00eda Antonia y el bipartidismo Borb\u00f3nico"},"content":{"rendered":"<p><strong><strong>Domingo 7 de septiembre de 2014<\/strong><\/strong><\/p>\n<p>EI\u00a0 pasado 1 de junio Raquel Ugarriza le entrevist\u00f3 aqu\u00ed, en Deia, a Gemma Zabaleta, ex consejera de empleo en el gobierno de Patxi L\u00f3pez. La entrevista llevaba por\u00a0 t\u00edtulo algo\u00a0 muy gr\u00e1fico: \u00abAl PSE le falta un proyecto anclado en Euzkadi, no el mismo de Extremadura\u00bb.<\/p>\n<p>Zabaleta daba en el clavo con esta reflexi\u00f3n que se suma a varios\u00a0 hechos veraniegos. Uno de ellos la marcha del ex Lehendakari Patxi L\u00f3pez a Madrid, habida\u00a0 cuenta que el PSE es un ap\u00e9ndice del PSOE, su peque\u00f1a sucursal. Antes que \u00e9l ya se fueron los candidatos a Lehendakari Ram\u00f3n Jauregui, Txiki Benegas y Nicol\u00e1s Redondo.<\/p>\n<p>Tenemos pues la primera constataci\u00f3n. Euzkadi es un mero trampol\u00edn para acceder a la pol\u00edtica espa\u00f1ola. Euzkadi, en el fondo, se les\u00a0 queda\u00a0 peque\u00f1a y a pesar de que L\u00f3pez diga que no hay el menor malestar por su viaje de ida a Madrid, si esto fuera as\u00ed, el PSE, se lo tendr\u00eda que mirar. Pero como no lo\u00a0 es, que sus\u00a0 gentes denuncien el desapego.<\/p>\n<p>En segundo lugar llama la atenci\u00f3n lo poco interiorizado que tiene el PSE el euskera. Las declaraciones de una euskaldun, alumna de ikastola como Idoia Mendia, diciendo que el gobierno vasco gasta mucho en el aprendizaje y difusi\u00f3n del euskera es un tiro a su propio pie. Y la pregunta que habr\u00eda que hacerle ser\u00eda, \u00bfcu\u00e1l es el coste de cuarenta a\u00f1os de persecuci\u00f3n preferencial hacia una de las dos lenguas\u00a0 cooficiales de\u00a0 la Comunidad Vasca?. \u00bfAvala Mendia aquello de que es m\u00e1s importante el ingl\u00e9s contraponi\u00e9ndolo a un euskera que fue borrado hasta de las l\u00e1pidas de los cementerios?.<\/p>\n<p>Y en tercer lugar llama la atenci\u00f3n la poca defensa que hacen de la vasquidad en todos sus foros. Como si vivi\u00e9ramos en Extremadura.Y no est\u00e1 mal recordar que el\u00a0\u00a0 Comit\u00e9 Socialista de Euzkadi comprend\u00eda en 1977 a\u00a0 los socialistas\u00a0 navarros. Un d\u00eda, Urralburu y sus chicos se fueron, (quiz\u00e1s para poder robar mejor) y en el seno del socialismo vasco no\u00a0 pas\u00f3 absolutamente nada. De un Comit\u00e9 hist\u00f3rico, salieron dos partidos y aqu\u00ed paz y luego gloria. Pasado el tiempo se ve la situaci\u00f3n en la que est\u00e1 un socialismo navarro mendicante, rebajado a la tercera parte de sus votos, en\u00a0 una duda existencial perenne\u00a0 sobre con quien pactar, sin\u00a0 br\u00fajula y esperando instrucciones de Madrid.<\/p>\n<p>No es tan as\u00ed la\u00a0 situaci\u00f3n del socialismo catal\u00e1n que es evidentemente catalanista y catalano parlante y adem\u00e1s partidario de permitir la Consulta aunque luego propicie el NO, pero democr\u00e1ticamente\u00a0 acepta que\u00a0 en\u00a0 una sociedad abierta, moderna y con vida, consultar al ciudadano sobre lo que quiere es algo intr\u00ednseco a la democracia. Pero mientras esto ocurre en Catalunya, el PSE en Euzkadi se cierra en banda y asume el discurso del PP sin cambiar una coma.<\/p>\n<p>Y eso de que el PSE tiene el mismo proyecto para\u00a0 Euzkadi que para Extremadura no lo digo yo, lo dice\u00a0 una de sus\u00a0 dirigentes m\u00e1s\u00a0 significadas. Ojal\u00e1 Gemma Zabaleta y las Zabaletas que no dudo\u00a0 hay en el PSE vayan ganando la partida e incluso le recuerden a su nuevo\u00a0 secretario general, Pedro S\u00e1nchez que no\u00a0 hay nada peor para un partido que no cumplir sus promesas y que la credibilidad en pol\u00edtica es b\u00e1sica para andar por la vida. No es de recibo decir en campa\u00f1a, como dijeron, que har\u00edan lo imposible para que Miguel Arias Ca\u00f1ete no fuera comisario tras el debate en televisi\u00f3n con Elena Valenciano, y de aquella promesa, si te he visto no me acuerdo. Son ya varios los incumplimientos de S\u00e1nchez: primarias en noviembre que no har\u00e1n, incluir en la Ejecutiva a\u00a0 Madina\u00a0 y P\u00e9rez Tapias, que tampoco ha hecho y ahora esto.<\/p>\n<p>Y es que recuerdo lo dicho por Arias Ca\u00f1ete por su gravedad, su prepotencia y su desprecio\u00a0 de g\u00e9nero. \u201cEl debate con una mujer es complicado. Si demuestras superioridad intelectual o la acorralas, eres machista. Si debato con el Sr. Rubalcaba nos podemos decir todas las barbaridades\u201d.<\/p>\n<p>Alguien as\u00ed\u00a0 no puede ni debe ser Comisario\u00a0 en Europa. Pero S\u00e1nchez lo va a permitir.<\/p>\n<p>Por menos de eso a un italiano apellidado Butiglione, le mandaron a casa. Si los socialistas espa\u00f1oles no ahorman\u00a0 una estrategia con los socialistas europeos con el fin de que \u00e9sta candidatura no prospere, demostrar\u00e1n que estamos ante el mismo PSOE de un Felipe Gonz\u00e1lez que dec\u00eda que lo importante no era que el gato fuera blanco o negro, sino que cazara ratones. El fin justificando los medios.<\/p>\n<p>En estrategia pol\u00edtica no hay peores errores que no cumplir lo que se promete,no dar explicaciones, subvalorar al adversario, creerse la propaganda\u00a0 propia y presentar los deseos como realidades, Y me da que Pedro\u00a0 S\u00e1nchez va por este camino.<\/p>\n<p><strong><strong>Mar\u00eda Antonia<\/strong><\/strong><\/p>\n<p><a href=\"http:\/\/blogs.deia.com\/anasagasti\/files\/2014\/09\/Mar\u00eda-Antonia.png\"><img loading=\"lazy\" decoding=\"async\" class=\"alignleft size-full wp-image-5466\" src=\"http:\/\/blogs.deia.com\/anasagasti\/files\/2014\/09\/Mar\u00eda-Antonia.png\" alt=\"Mar\u00eda Antonia\" width=\"216\" height=\"200\" \/><\/a>El pasado 29 de Julio falleci\u00f3 en su Galicia de origen, la periodista Mar\u00eda Antonia Iglesias. Antigua militante del PCE, cat\u00f3lica, dura, con personalidad, la conoc\u00ed con el micr\u00f3fono de TVE\u00a0 en\u00a0 los pasillos del\u00a0 Congreso. Un d\u00eda, siendo Felipe\u00a0 Gonz\u00e1lez presidente y Jordi\u00a0 Garc\u00eda Candau director General de TVE me llam\u00f3 pues quer\u00eda estar con nosotros. Le hab\u00edan nombrado directora de los servicios informativos y sab\u00eda\u00a0 que entre sus manos ten\u00eda m\u00e1s poder que variosministros. Eran los tiempos de la televisi\u00f3n \u00fanica.<\/p>\n<p>Fui a la comida con Rafael Suso, que entonces trabajaba en Ajuria Enea con Carmelo S\u00e1enz de la Maza en tiempos del Lehendakari Ardanza. Ella fue\u00a0 con Amalia S\u00e1nchez Sampedro y Alicia G\u00f3mez Montano. Y nos\u00a0 dijo, \u00abOs he llamado porque noquiero un informativo a dos. El estado espa\u00f1ol es m\u00e1s\u00a0 que dos partidos. Y este es un sistema parlamentario, no bipartidario y quiero deciros que vuestras noticias e informaciones ser\u00e1n tenidas en cuenta. Y adem\u00e1s me interesa que Euzkadi no solo sea noticia por ETA\u201d. Nosotros le contestamos que nos parec\u00eda muy bien y que adem\u00e1s ese principio tambi\u00e9n favorec\u00eda al gobierno porque no toda\u00a0 la oposici\u00f3n estaba contra el PSOE sino muchas veces, fundamentalmente, contra aquel PP de Aznar.<\/p>\n<p>Y cumpli\u00f3. Recuerdo una vez que Xabier Arzalluz fue manipulado en sus declaraciones. Le sacaron llamando poco menos que \u00abmaric\u00f3n de turno\u201d a pol\u00edticos espa\u00f1oles. Ante aquello le\u00a0 llamamos a Mar\u00eda Antonia y \u00e9sta inmediatamente le mand\u00f3 una c\u00e1mara para que aclarase la manipulaci\u00f3n. Arzalluz hab\u00eda criticado \u00aba los Mario Condes de turno\u00bb que ni es lo mismo, ni se escribe igual. Y as\u00ed varias veces.<\/p>\n<p>Asimismo le recuerdo a Mar\u00eda Antonia Iglesias en Mutriku un 31 de Julio llegando con un\u00a0 ramo de flores a la misa y posteriormente en la comida en el Batzoki, as\u00ed como su reportaje hecho con mimo en el centenario del PNV y posteriormente su defensa de \u00a0la figura del presidente del EBB a quien\u00a0 invitaba a visitar Madrid y explicar ante periodistas de todo tipo, las pol\u00edticas que el EBB adelantaba en tiempos de los Lehendakaris Ardanza e Ibarretxe . Y todo esto acab\u00f3 cuando lleg\u00f3 Aznar y puso a aquel manipulador de Alfredo Urdaci que hizo verdaderas tropel\u00edas distorsionando la informaci\u00f3n, (Letizia Ortiz era su periodista favorita), pero Mar\u00eda Antonia en Radio Euzkadi, en tertulias varias de radio y televisi\u00f3n, siempre fue una referencia de defensa, comprensi\u00f3n y apoyo a las tesis nacionalistas, no si\u00e9ndolo ella en absoluto. Lo hac\u00eda porque cre\u00eda en la pluralidad de la informaci\u00f3n propia de un sistema democr\u00e1tico frente a las\u00a0 brunetes medi\u00e1ticas que cada cierto tiempo disparan a mansalva. A ella le llamaban la alb\u00f3ndiga.<\/p>\n<p>Es cierto asimismo que tuvimos y tuve mis trifulcas con ella a cuenta de la monarqu\u00eda y de Barrionuevo\u00a0 y Vera, pero el balance de\u00a0 estos a\u00f1os es altamente positivo y es justo\u00a0 reconocerlo, aunque en\u00a0 vida, la gente\u00a0 le paraba en la calle cuando ven\u00eda a EITB, y eso le confortaba.<\/p>\n<p>Es de bien nacidos ser agradecidos y viene bien recordar estas cosas en el momento del adi\u00f3s y en momentos en los que TVE vuelve al bipartidismo, vuelve al Real Madrid-Bar\u00e7a, vuelve al baile a dos de\u00a0 un chotis madrile\u00f1o. Mar\u00eda Antonia, eskerrik asko. T\u00fa marcaste la diferencia.<\/p>\n<p>&nbsp;<\/p>\n<!-- AddThis Advanced Settings generic via filter on the_content --><!-- AddThis Share Buttons generic via filter on the_content -->","protected":false},"excerpt":{"rendered":"<p>Domingo 7 de septiembre de 2014 EI\u00a0 pasado 1 de junio Raquel Ugarriza le entrevist\u00f3 aqu\u00ed, en Deia, a Gemma Zabaleta, ex consejera de empleo en el gobierno de Patxi L\u00f3pez. La entrevista llevaba por\u00a0 t\u00edtulo algo\u00a0 muy gr\u00e1fico: \u00abAl PSE le falta un proyecto anclado en Euzkadi, no el mismo de Extremadura\u00bb. Zabaleta daba &hellip; <a href=\"https:\/\/blogs.deia.eus\/anasagasti\/2014\/09\/07\/maria-antonia-y-el-bipartidismo-borbonico\/\" class=\"more-link\">Sigue leyendo <span class=\"screen-reader-text\">Mar\u00eda Antonia y el bipartidismo Borb\u00f3nico<\/span><\/a><!-- AddThis Advanced Settings generic via filter on get_the_excerpt --><!-- AddThis Share Buttons generic via filter on get_the_excerpt --><\/p>\n","protected":false},"author":19,"featured_media":0,"comment_status":"open","ping_status":"open","sticky":false,"template":"","format":"standard","meta":{"footnotes":""},"categories":[1],"tags":[],"class_list":["post-5465","post","type-post","status-publish","format-standard","hentry","category-general"],"_links":{"self":[{"href":"https:\/\/blogs.deia.eus\/anasagasti\/wp-json\/wp\/v2\/posts\/5465","targetHints":{"allow":["GET"]}}],"collection":[{"href":"https:\/\/blogs.deia.eus\/anasagasti\/wp-json\/wp\/v2\/posts"}],"about":[{"href":"https:\/\/blogs.deia.eus\/anasagasti\/wp-json\/wp\/v2\/types\/post"}],"author":[{"embeddable":true,"href":"https:\/\/blogs.deia.eus\/anasagasti\/wp-json\/wp\/v2\/users\/19"}],"replies":[{"embeddable":true,"href":"https:\/\/blogs.deia.eus\/anasagasti\/wp-json\/wp\/v2\/comments?post=5465"}],"version-history":[{"count":1,"href":"https:\/\/blogs.deia.eus\/anasagasti\/wp-json\/wp\/v2\/posts\/5465\/revisions"}],"predecessor-version":[{"id":5467,"href":"https:\/\/blogs.deia.eus\/anasagasti\/wp-json\/wp\/v2\/posts\/5465\/revisions\/5467"}],"wp:attachment":[{"href":"https:\/\/blogs.deia.eus\/anasagasti\/wp-json\/wp\/v2\/media?parent=5465"}],"wp:term":[{"taxonomy":"category","embeddable":true,"href":"https:\/\/blogs.deia.eus\/anasagasti\/wp-json\/wp\/v2\/categories?post=5465"},{"taxonomy":"post_tag","embeddable":true,"href":"https:\/\/blogs.deia.eus\/anasagasti\/wp-json\/wp\/v2\/tags?post=5465"}],"curies":[{"name":"wp","href":"https:\/\/api.w.org\/{rel}","templated":true}]}}