{"id":5472,"date":"2014-09-10T20:15:17","date_gmt":"2014-09-10T18:15:17","guid":{"rendered":"http:\/\/blogs.deia.com\/anasagasti\/?p=5472"},"modified":"2014-09-10T20:15:17","modified_gmt":"2014-09-10T18:15:17","slug":"la-herencia-de-la-doctrina-botin","status":"publish","type":"post","link":"https:\/\/blogs.deia.eus\/anasagasti\/2014\/09\/10\/la-herencia-de-la-doctrina-botin\/","title":{"rendered":"La herencia de la doctrina Bot\u00edn"},"content":{"rendered":"<p><strong><strong>Mi\u00e9rcoles 10 de septiembre de 2014<\/strong><\/strong><\/p>\n<p><a href=\"http:\/\/blogs.deia.com\/anasagasti\/files\/2014\/09\/Bot\u00edn.png\"><img loading=\"lazy\" decoding=\"async\" class=\"alignleft size-full wp-image-5473\" src=\"http:\/\/blogs.deia.com\/anasagasti\/files\/2014\/09\/Bot\u00edn.png\" alt=\"Bot\u00edn\" width=\"258\" height=\"195\" \/><\/a>Todo fallecimiento nos disminuye como seres humanos \u00a0y, aunque todos vamos a pasar por ese trance, su familia y entorno lo sienten. Y ante eso, respeto y condolencia.<\/p>\n<p>Pero Bot\u00edn\u00a0 ha sido \u00a0uno de los grandes poderosos espa\u00f1oles, hecho que no puede quedar en el mero ditirambo, como ha hecho Rajoy, que por cierto no se siente tan compungido\u00a0 cuando fallecen \u00a0otro tipo de seres humanos. O como ha hecho Pedro S\u00e1nchez, rid\u00edculamente para un dirigente\u00a0 socialista \u00a0serio y con bagaje,\u00a0que ha sido solo \u00a0mostrar tristeza y condolencia dirigida a la familia. Faltar\u00eda m\u00e1s. Pero uno recuerda que cuando en su campa\u00f1a interna le apretaron\u00a0 para que dijese algunos de los \u00a0errores de bulto\u00a0 en temas de corrupci\u00f3n cometidos por su partido fue reconocer que el indulto que Zapatero le regal\u00f3 en bandeja al delicuente Alfredo S\u00e1ez, brazo derecho de Bot\u00edn.<\/p>\n<p>Conoc\u00ed a Don Emilio, como con gran reverencia al dinero que representaba \u00a0le llamaban todos los pelotas que pululaban a su alrededor,\u00a0en cenas y compromisos varios y he contado como quer\u00eda encamelar a Juan Carlos de Borb\u00f3n para que dejara Mallorca y fuera a veranear a Comillas. Presenc\u00ed\u00e9 en directo aquella conversaci\u00f3n\u00a0 y adem\u00e1s de decirme a mi\u00a0 mismo, \u00abtal para cual\u00bb, comprob\u00e9 la cutrez del comportamiento de dos personalidades tan significativas.<\/p>\n<p>Ten\u00eda el tipo humano de Juan Carlos con su aparente campechan\u00eda es decir \u00a0era el cl\u00e1sico campechano prepotente \u00a0,muy poco culto, dicharachero, y directo que a diferencia de Mario Conde no quiso detentar el poder pol\u00edtico en persona, seguramente porque no se ve\u00eda capaz de llevar adelante un cargo de representaci\u00f3n, aunque lograra brillantemente que la herencia de su padre se multiplicara por diez gracias a ser oficialmente el banquero del r\u00e9gimen. No tengo el dato pero creo recordar que le nombr\u00f3 a Rodrigo Rato consejero de su emporio.<\/p>\n<p>El medio bobo de Emilio Ibarra le dej\u00f3 todo \u00a0el campo abierto con sus numerosos errores \u00a0para convertir su\u00a0 relativamente modesto Banco Santander en uno de los primeros bancos de Europa, aunque \u00faltimamente llamaran a este banco el Banco Norteamericano de Santander.<\/p>\n<p>Es justo\u00a0reconocer que mantuvo la marca de su regi\u00f3n contra viento y marea y se trag\u00f3 marcas hist\u00f3ricas como las del Central Hispano o el mismo Banesto. Ya me gustar\u00eda saber qu\u00e9 opina de todo esto Mario Conde.<\/p>\n<p>De todas formas Bot\u00edn fue un buen c\u00e1ntabro que mantuvo presencia y asistencia a Cantabria en todo momento. Y es justo reconocerlo. No fue\u00a0tan torpe como los banqueros de Neguri que lo perdieron todo.<\/p>\n<p>Emilio Bot\u00edn en un pa\u00eds con justicia independiente\u00a0 hubiera sido\u00a0 carne de celda por sus malas pr\u00e1cticas, por sus abusos, por sus fraudes fiscales, por sus cuentas en Suiza,\u00a0 por el tratamiento mafioso que dio a los deudores de sus hipotecas, por los 200 millones que tuvo que pagar de multa para no ir a la c\u00e1rcel gracias a una justicia tan comprensiva con un tibur\u00f3n de su cala\u00f1a ,por las cesiones de cr\u00e9dito, por su\u00a0 abuso de situaci\u00f3n dominante, y porque esta corrupta justicia espa\u00f1ola se invent\u00f3 la doctrina Bot\u00edn para evitar que\u00a0 solo la acusaci\u00f3n popular no pudiera encarcelar a una persona que hab\u00eda delinquido como lo hab\u00eda hecho reiteradamente Don Emilio. Y fue curioso, porque la misma acusaci\u00f3n popular fue la que inhabilit\u00f3 a Juan Mar\u00eda Atutxa para presidir el Parlamento Vasco Es\u00a0 la herencia que nos deja de la\u00a0 doble vara de medir que le vendr\u00e1 muy bien a Cristina de Borb\u00f3n, a la que aplicar\u00e1n la doctrina Bot\u00edn, que como su nombre indica es todo un Bot\u00edn hacia el agraciado.<\/p>\n<p>Cuando el Madrid pol\u00edtico est\u00e1 tan nervioso ante la irrupci\u00f3n de Podemos deber\u00eda analizar trayectorias tan celebradas como las de Don Emilio para captar lo que ha pasado en estos a\u00f1os en Espa\u00f1a. De ah\u00ed que no me \u00a0haya extra\u00f1ado nada la declaraci\u00f3n de Rajoy hablando del mejor embajador de la Marca Espa\u00f1a y de la pusilanimidad de un Pedro S\u00e1nchez que con semejante discurso parec\u00eda Felipe Gonz\u00e1lez hablando de la \u00e9tica en\u00a0 pol\u00edtica.<\/p>\n<p>Ha fallecido. Una pena para su familia. Lo s\u00e9. Y ante eso no digo nada. Pero si digo ante lo nefasto que ha sido para los h\u00e1bitos limpios \u00a0de la democracia personajes como Don Emilio.<\/p>\n<!-- AddThis Advanced Settings generic via filter on the_content --><!-- AddThis Share Buttons generic via filter on the_content -->","protected":false},"excerpt":{"rendered":"<p>Mi\u00e9rcoles 10 de septiembre de 2014 Todo fallecimiento nos disminuye como seres humanos \u00a0y, aunque todos vamos a pasar por ese trance, su familia y entorno lo sienten. Y ante eso, respeto y condolencia. Pero Bot\u00edn\u00a0 ha sido \u00a0uno de los grandes poderosos espa\u00f1oles, hecho que no puede quedar en el mero ditirambo, como ha &hellip; <a href=\"https:\/\/blogs.deia.eus\/anasagasti\/2014\/09\/10\/la-herencia-de-la-doctrina-botin\/\" class=\"more-link\">Sigue leyendo <span class=\"screen-reader-text\">La herencia de la doctrina Bot\u00edn<\/span><\/a><!-- AddThis Advanced Settings generic via filter on get_the_excerpt --><!-- AddThis Share Buttons generic via filter on get_the_excerpt --><\/p>\n","protected":false},"author":19,"featured_media":0,"comment_status":"open","ping_status":"open","sticky":false,"template":"","format":"standard","meta":{"footnotes":""},"categories":[1],"tags":[],"class_list":["post-5472","post","type-post","status-publish","format-standard","hentry","category-general"],"_links":{"self":[{"href":"https:\/\/blogs.deia.eus\/anasagasti\/wp-json\/wp\/v2\/posts\/5472","targetHints":{"allow":["GET"]}}],"collection":[{"href":"https:\/\/blogs.deia.eus\/anasagasti\/wp-json\/wp\/v2\/posts"}],"about":[{"href":"https:\/\/blogs.deia.eus\/anasagasti\/wp-json\/wp\/v2\/types\/post"}],"author":[{"embeddable":true,"href":"https:\/\/blogs.deia.eus\/anasagasti\/wp-json\/wp\/v2\/users\/19"}],"replies":[{"embeddable":true,"href":"https:\/\/blogs.deia.eus\/anasagasti\/wp-json\/wp\/v2\/comments?post=5472"}],"version-history":[{"count":1,"href":"https:\/\/blogs.deia.eus\/anasagasti\/wp-json\/wp\/v2\/posts\/5472\/revisions"}],"predecessor-version":[{"id":5474,"href":"https:\/\/blogs.deia.eus\/anasagasti\/wp-json\/wp\/v2\/posts\/5472\/revisions\/5474"}],"wp:attachment":[{"href":"https:\/\/blogs.deia.eus\/anasagasti\/wp-json\/wp\/v2\/media?parent=5472"}],"wp:term":[{"taxonomy":"category","embeddable":true,"href":"https:\/\/blogs.deia.eus\/anasagasti\/wp-json\/wp\/v2\/categories?post=5472"},{"taxonomy":"post_tag","embeddable":true,"href":"https:\/\/blogs.deia.eus\/anasagasti\/wp-json\/wp\/v2\/tags?post=5472"}],"curies":[{"name":"wp","href":"https:\/\/api.w.org\/{rel}","templated":true}]}}