{"id":5475,"date":"2014-09-11T20:51:20","date_gmt":"2014-09-11T18:51:20","guid":{"rendered":"http:\/\/blogs.deia.com\/anasagasti\/?p=5475"},"modified":"2014-09-11T20:51:20","modified_gmt":"2014-09-11T18:51:20","slug":"de-como-botin-llego-a-ser-el-gran-botin-gracias-a-los-delitos-de-los-ibarra-de-neguri","status":"publish","type":"post","link":"https:\/\/blogs.deia.eus\/anasagasti\/2014\/09\/11\/de-como-botin-llego-a-ser-el-gran-botin-gracias-a-los-delitos-de-los-ibarra-de-neguri\/","title":{"rendered":"De como Bot\u00edn lleg\u00f3 a ser el gran Bot\u00edn gracias a los delitos de los Ibarra de Neguri"},"content":{"rendered":"<p><strong><strong>Jueves 11 de septiembre de 2014<\/strong><\/strong><\/p>\n<p><a href=\"http:\/\/blogs.deia.com\/anasagasti\/files\/2014\/09\/Emilio_Ybarra.jpg\"><img loading=\"lazy\" decoding=\"async\" class=\"alignleft size-full wp-image-5476\" src=\"http:\/\/blogs.deia.com\/anasagasti\/files\/2014\/09\/Emilio_Ybarra.jpg\" alt=\"-_ 00 TOROS 20.jpg de Producci\u00f3n ABC-\" width=\"190\" height=\"249\" \/><\/a>\u00bfPropondr\u00e1n en Madrid la canonizaci\u00f3n de Emilio Bot\u00edn al Vaticano?<\/p>\n<p>Parecer\u00eda que s\u00ed, habida cuenta de las hagiograf\u00edas que se han podido leer en el ABC, La Raz\u00f3n, El Mundo y sobre todo en El Pa\u00eds. Leer todo\u00a0 ese c\u00famulo de jab\u00f3n Lagarto en letra impresa le deja a uno la sensaci\u00f3n de que Espa\u00f1a no tiene remedio. Y sobre todo escuchar las reflexiones de un Pedro S\u00e1nchez, un dirigente sin sustancia, acr\u00edtico hacia el poder bancario y\u00a0 hacia trayectorias tan cuestionables como las de un Emilio Bot\u00edn que como dije ayer, no fue encarcelado por su habilidad en limitarse a \u00abdevorar\u00bb antes que ser \u00abdevorado\u00bb como dec\u00eda graciosamente\u00a0 y por no haber hecho\u00a0 como Mario Conde, ning\u00fan movimiento para tratar de liderar una opci\u00f3n pol\u00edtica como el exbanquero gallego, que hasta se invent\u00f3 una amistad con el padre del Rey. Y aunque lo busque,\u00a0no encuentro diferencias sustanciales entre estos dos personajes\u00a0 ya que incluso los dos estudiaron en Deusto.<\/p>\n<p>Escrib\u00eda Rafael Escolar, uno de los banqueros de Banesto encarcelado con Mario Conde, un libro sobre sus experiencias bancarias y relataba una escena entre el padre de Emilio Bot\u00edn y su hijo. La escena era pat\u00e9tica pues el viejo Bot\u00edn no ten\u00eda un gran concepto del hijo y dudaba \u00a0que fuera el hombre adecuado para llevar adelante el Banco Santander, un Banco de provincias, familiar, exitoso, pero el \u00faltimo de los siete grandes Bancos de aquella \u00e9poca. Recomiendo el libro<\/p>\n<p>Y todo \u00e9sto me hace pensar que fue la obtusa mentalidad de Emilio Ibarra y la campa\u00f1a de Aznar-Rato contra el BBVA los que propiciaron el gran \u00e9xito del actual \u00a0banco espa\u00f1ol por excelencia. Y no es porque Bot\u00edn fuera el clarividente banquero que ahora nos describen sino porque\u00a0 quemado el BBVA, captados sus mejores profesionales, y con la ayuda del nacionalismo espa\u00f1ol del gobierno Aznar, todo \u00e9sto le fue muy f\u00e1cil\u00a0 a un Bot\u00edn que encima pagaba cursos de verano al juez Baltasar Garz\u00f3n que curiosamente fue el encargado de juzgar a los sinverg\u00fcenzas de Neguri.<\/p>\n<p>Toda una operaci\u00f3n que no he visto reflejada en ning\u00fan sitio pero que fue as\u00ed. De haber vivido Pedro Toledo \u00a1para rato hubiera acumulado Bot\u00edn semejante bot\u00edn!.<\/p>\n<p>Y as\u00ed como aquel Neguri egoista\u00a0 se inhibi\u00f3 ante el secuestro de Javier Ibarra, cosa que propici\u00f3 su muerte, fue pat\u00e9tico\u00a0 como todos los subordinados de Emilio Ibarra\u00a0 en mayo de 2002 le fueron echando la culpa\u00a0 de todo al inepto personaje que hundi\u00f3 un banco se\u00f1ero. Fue el hijo tonto que arruin\u00f3 el patrimonio familiar de unos bancos nacidos en la Bizkaia que se industrializaba, que constru\u00eda barcos, que ten\u00eda minas, que exportaba hierro, que viajaba y que hizo que aquella pujanza se reflejara en sus bancos\u00a0 y en su pujanza. Y nada de \u00e9sto sucedi\u00f3 en Cantabria, por lo que la operaci\u00f3n de venta del BBVA fue toda una operaci\u00f3n de tiburoneo pol\u00edtico de la peor pel\u00edcula de la mafia.<\/p>\n<p>Y recordemos como siete de los 22 ex consejeros del BBVA que en el a\u00f1o 2000 fueron receptores\u00a0 de otros tantos fondos de pensiones\u00a0 en la aseguradora norteamericana\u00a0 Alico, abiertos con 19,3 millones\u00a0 de d\u00f3lares procedentes\u00a0 de las cuentas secretas del banco\u00a0 en para\u00edsos fiscales, le dijeron al \u00absantanderino\u00bb \u00a0juez Garz\u00f3n, el de los cursos de verano, que el \u00fanico responsable\u00a0 de la operaci\u00f3n fue Emilio Ibarra, entonces copresidente de la entidad. Todos ellos procedentes del antiguo Bilbao Vizcaya\u00a0 e imputados en la causa abierta\u00a0 en la Audiencia Nacional teniendo el tup\u00e9 de argumentar, como clase depredadora que eran, que Ibarra les comunic\u00f3 en el primer trimestre de 2000 que, debido a que tras la entonces reciente\u00a0 fusi\u00f3n con Argentaria hab\u00edan sufrido una merma de sus asignaciones econ\u00f3micas y que iba a abrir a su nombre unos fondos de pensiones para compensarles<\/p>\n<p>Y recuerdo el nombre de aquellos angelitos que dec\u00edan que no ten\u00edan ni idea del origen irregular\u00a0 de ese dinero: Eduardo Aguirre, Javier Aresti, Oscar Fanul, Gervasio Collar, Pl\u00e1cido Arango, Ram\u00f3n de Icaza y Luis Lezama Leguizam\u00f3n.<\/p>\n<p>Ibarra sali\u00f3 por peteneras diciendo\u00a0 que se hab\u00eda creado un fondo para tomar posiciones\u00a0 ante la posibilidad de que un competidor intentase hacerse\u00a0 con el control mexicano\u00a0 Bancomer, banco que el BBVA hab\u00eda adquirido ese a\u00f1o. Antes, con Pedro Luis Uriarte hab\u00eda financiado la campa\u00f1a electoral de Hugo Ch\u00e1vez en Venezuela, siendo asimismo procesados por ello<\/p>\n<p>El caso es que Emilio Ibarra\u00a0 y todos estos tiburones no fueron a la c\u00e1rcel, pero Bizkaia se qued\u00f3 sin su banco emblem\u00e1tico y a partir de ah\u00ed se puede decir que \u00a0empieza el ascenso de Emilio Bot\u00edn como banquero del r\u00e9gimen.<\/p>\n<p>Triste historia que no est\u00e1 siendo recordada pero que conviene hacerlo ante tanta falsificaci\u00f3n de la\u00a0 misma.<\/p>\n<p>Y todo para que al final y a pesar de todas las loas, el gran poderoso haya sido enterrado con un ata\u00fad sin bolsillos. Polvo eres y en polvo te convertir\u00e1s.<\/p>\n<p>Es la gran lecci\u00f3n humana que tampoco nadie quiere recordar.<\/p>\n<p>&nbsp;<\/p>\n<!-- AddThis Advanced Settings generic via filter on the_content --><!-- AddThis Share Buttons generic via filter on the_content -->","protected":false},"excerpt":{"rendered":"<p>Jueves 11 de septiembre de 2014 \u00bfPropondr\u00e1n en Madrid la canonizaci\u00f3n de Emilio Bot\u00edn al Vaticano? Parecer\u00eda que s\u00ed, habida cuenta de las hagiograf\u00edas que se han podido leer en el ABC, La Raz\u00f3n, El Mundo y sobre todo en El Pa\u00eds. Leer todo\u00a0 ese c\u00famulo de jab\u00f3n Lagarto en letra impresa le deja a &hellip; <a href=\"https:\/\/blogs.deia.eus\/anasagasti\/2014\/09\/11\/de-como-botin-llego-a-ser-el-gran-botin-gracias-a-los-delitos-de-los-ibarra-de-neguri\/\" class=\"more-link\">Sigue leyendo <span class=\"screen-reader-text\">De como Bot\u00edn lleg\u00f3 a ser el gran Bot\u00edn gracias a los delitos de los Ibarra de Neguri<\/span><\/a><!-- AddThis Advanced Settings generic via filter on get_the_excerpt --><!-- AddThis Share Buttons generic via filter on get_the_excerpt --><\/p>\n","protected":false},"author":19,"featured_media":0,"comment_status":"open","ping_status":"open","sticky":false,"template":"","format":"standard","meta":{"footnotes":""},"categories":[1],"tags":[],"class_list":["post-5475","post","type-post","status-publish","format-standard","hentry","category-general"],"_links":{"self":[{"href":"https:\/\/blogs.deia.eus\/anasagasti\/wp-json\/wp\/v2\/posts\/5475","targetHints":{"allow":["GET"]}}],"collection":[{"href":"https:\/\/blogs.deia.eus\/anasagasti\/wp-json\/wp\/v2\/posts"}],"about":[{"href":"https:\/\/blogs.deia.eus\/anasagasti\/wp-json\/wp\/v2\/types\/post"}],"author":[{"embeddable":true,"href":"https:\/\/blogs.deia.eus\/anasagasti\/wp-json\/wp\/v2\/users\/19"}],"replies":[{"embeddable":true,"href":"https:\/\/blogs.deia.eus\/anasagasti\/wp-json\/wp\/v2\/comments?post=5475"}],"version-history":[{"count":1,"href":"https:\/\/blogs.deia.eus\/anasagasti\/wp-json\/wp\/v2\/posts\/5475\/revisions"}],"predecessor-version":[{"id":5477,"href":"https:\/\/blogs.deia.eus\/anasagasti\/wp-json\/wp\/v2\/posts\/5475\/revisions\/5477"}],"wp:attachment":[{"href":"https:\/\/blogs.deia.eus\/anasagasti\/wp-json\/wp\/v2\/media?parent=5475"}],"wp:term":[{"taxonomy":"category","embeddable":true,"href":"https:\/\/blogs.deia.eus\/anasagasti\/wp-json\/wp\/v2\/categories?post=5475"},{"taxonomy":"post_tag","embeddable":true,"href":"https:\/\/blogs.deia.eus\/anasagasti\/wp-json\/wp\/v2\/tags?post=5475"}],"curies":[{"name":"wp","href":"https:\/\/api.w.org\/{rel}","templated":true}]}}