{"id":5478,"date":"2014-09-12T20:13:10","date_gmt":"2014-09-12T18:13:10","guid":{"rendered":"http:\/\/blogs.deia.com\/anasagasti\/?p=5478"},"modified":"2014-09-12T20:13:10","modified_gmt":"2014-09-12T18:13:10","slug":"ecologistas-en-accion-envia-una-carta-contra-canete","status":"publish","type":"post","link":"https:\/\/blogs.deia.eus\/anasagasti\/2014\/09\/12\/ecologistas-en-accion-envia-una-carta-contra-canete\/","title":{"rendered":"Ecologistas en acci\u00f3n  env\u00eda una carta contra Ca\u00f1ete"},"content":{"rendered":"<p><strong><strong>Viernes 12 de septiembre de 2014<\/strong><\/strong><\/p>\n<p><a href=\"http:\/\/blogs.deia.com\/anasagasti\/files\/2014\/09\/Ca\u00f1ete.png\"><img loading=\"lazy\" decoding=\"async\" class=\"alignleft size-full wp-image-5479\" src=\"http:\/\/blogs.deia.com\/anasagasti\/files\/2014\/09\/Ca\u00f1ete.png\" alt=\"Ca\u00f1ete\" width=\"300\" height=\"168\" \/><\/a>La secci\u00f3n internacional de Ecologistas en Acci\u00f3n ha enviado una carta a los eurodiputados de la Comisi\u00f3n de Medio Ambiente del Parlamento Europeo dando cuenta de qui\u00e9n es de verdad Miguel \u00c1ngel Arias Ca\u00f1ete.<\/p>\n<p>En dicha carta relatan\u00a0 los intereses petrol\u00edferos del ex ministro espa\u00f1ol as\u00ed como su nefasta ley de costas, sin olvidarse de las pol\u00e9micas sobre las extracciones de hidrocarburos en Canarias y Baleares\u00a0 y, l\u00f3gicamente,\u00a0 sus declaraciones machistas en la campa\u00f1a electoral menospreciando a Elena Valenciano.<\/p>\n<p>Aunque el informe del Parlamento Europeo no sea vinculante un juicio negativo de esta Instituci\u00f3n har\u00eda imposible el nombramiento de Arias Ca\u00f1ete. Solo hace falta saber la postura del PSOE que en la campa\u00f1a electoral dijo que har\u00eda lo imposible para que Ca\u00f1ete no fuera Comisario\u00a0\u00a0 y sin embargo no est\u00e1 haciendo nada para lograr el rechazo de un personaje como Arias Ca\u00f1ete, representante de la oligarqu\u00eda m\u00e1s reaccionaria de Espa\u00f1a.<\/p>\n<!-- AddThis Advanced Settings generic via filter on the_content --><!-- AddThis Share Buttons generic via filter on the_content -->","protected":false},"excerpt":{"rendered":"<p>Viernes 12 de septiembre de 2014 La secci\u00f3n internacional de Ecologistas en Acci\u00f3n ha enviado una carta a los eurodiputados de la Comisi\u00f3n de Medio Ambiente del Parlamento Europeo dando cuenta de qui\u00e9n es de verdad Miguel \u00c1ngel Arias Ca\u00f1ete. En dicha carta relatan\u00a0 los intereses petrol\u00edferos del ex ministro espa\u00f1ol as\u00ed como su nefasta &hellip; <a href=\"https:\/\/blogs.deia.eus\/anasagasti\/2014\/09\/12\/ecologistas-en-accion-envia-una-carta-contra-canete\/\" class=\"more-link\">Sigue leyendo <span class=\"screen-reader-text\">Ecologistas en acci\u00f3n  env\u00eda una carta contra Ca\u00f1ete<\/span><\/a><!-- AddThis Advanced Settings generic via filter on get_the_excerpt --><!-- AddThis Share Buttons generic via filter on get_the_excerpt --><\/p>\n","protected":false},"author":19,"featured_media":0,"comment_status":"open","ping_status":"open","sticky":false,"template":"","format":"standard","meta":{"footnotes":""},"categories":[1],"tags":[],"class_list":["post-5478","post","type-post","status-publish","format-standard","hentry","category-general"],"_links":{"self":[{"href":"https:\/\/blogs.deia.eus\/anasagasti\/wp-json\/wp\/v2\/posts\/5478","targetHints":{"allow":["GET"]}}],"collection":[{"href":"https:\/\/blogs.deia.eus\/anasagasti\/wp-json\/wp\/v2\/posts"}],"about":[{"href":"https:\/\/blogs.deia.eus\/anasagasti\/wp-json\/wp\/v2\/types\/post"}],"author":[{"embeddable":true,"href":"https:\/\/blogs.deia.eus\/anasagasti\/wp-json\/wp\/v2\/users\/19"}],"replies":[{"embeddable":true,"href":"https:\/\/blogs.deia.eus\/anasagasti\/wp-json\/wp\/v2\/comments?post=5478"}],"version-history":[{"count":1,"href":"https:\/\/blogs.deia.eus\/anasagasti\/wp-json\/wp\/v2\/posts\/5478\/revisions"}],"predecessor-version":[{"id":5480,"href":"https:\/\/blogs.deia.eus\/anasagasti\/wp-json\/wp\/v2\/posts\/5478\/revisions\/5480"}],"wp:attachment":[{"href":"https:\/\/blogs.deia.eus\/anasagasti\/wp-json\/wp\/v2\/media?parent=5478"}],"wp:term":[{"taxonomy":"category","embeddable":true,"href":"https:\/\/blogs.deia.eus\/anasagasti\/wp-json\/wp\/v2\/categories?post=5478"},{"taxonomy":"post_tag","embeddable":true,"href":"https:\/\/blogs.deia.eus\/anasagasti\/wp-json\/wp\/v2\/tags?post=5478"}],"curies":[{"name":"wp","href":"https:\/\/api.w.org\/{rel}","templated":true}]}}