{"id":5481,"date":"2014-09-14T18:41:41","date_gmt":"2014-09-14T16:41:41","guid":{"rendered":"http:\/\/blogs.deia.com\/anasagasti\/?p=5481"},"modified":"2014-09-14T18:41:41","modified_gmt":"2014-09-14T16:41:41","slug":"igualito-a-zapatero-poco-lloron-en-el-funeral-de-botin-la-marcha-de-los-unionistas-victor-manuel-fundacion-para-el-ex-rey","status":"publish","type":"post","link":"https:\/\/blogs.deia.eus\/anasagasti\/2014\/09\/14\/igualito-a-zapatero-poco-lloron-en-el-funeral-de-botin-la-marcha-de-los-unionistas-victor-manuel-fundacion-para-el-ex-rey\/","title":{"rendered":"Igualito a Zapatero \u2013 Poco llor\u00f3n en el funeral de Bot\u00edn \u2013 La marcha de los Unionistas \u2013 Victor Manuel \u2013 Fundaci\u00f3n para el Ex Rey."},"content":{"rendered":"<p><strong><strong>Domingo 14 de septiembre de 2014<\/strong><\/strong><\/p>\n<p>Viendo la tele del s\u00e1bado veo varias noticias que me han llamado\u00a0 la atenci\u00f3n.<\/p>\n<p>-Esteban Gonz\u00e1lez Pons, eurodiputado del PP, ha machacado en acto p\u00fablico a Pedro S\u00e1nchez diciendo que era igualito a Zapatero. No me gusta Pons, pero acierta en su descripci\u00f3n. Y es que S\u00e1nchez\u00a0 ha sido hasta el momento\u00a0 solo pura palabrer\u00eda, eso s\u00ed,\u00a0 con pose. Y mucho pelota alrededor de \u00e9l bes\u00e1ndole y d\u00e1ndole palmadas. Un poco cutre.<\/p>\n<p>-No me extra\u00f1a nada la intimidaci\u00f3n que est\u00e1n ejerciendo los otrora flem\u00e1ticos\u00a0 ingleses\u00a0 contra la posibilidad escocesa de ser independientes. Y me ha parecido muy representativa\u00a0 la marcha republicana\u00a0 del Ulster, con sus pendones y sus tambores. Como\u00a0 si Falange y Fuerza Nueva hicieran su campa\u00f1a negativa \u00a0en Barcelona. Ojal\u00e1 sigan as\u00ed Es la mejor propaganda para el SI.<\/p>\n<p>-He visto asimismo \u00a0im\u00e1genes del funeral de Bot\u00edn en Santander. Todos muy elegantes y muy risue\u00f1os. Por la ma\u00f1ana, la hija, Ana Patricia, tambi\u00e9n muy sonriente con Felipe de Borb\u00f3n en el puerto deportivo. \u00bfAqu\u00ed no llora nadie o qu\u00e9?.<\/p>\n<p>Incluso sus consejeros estaban \u00a0todos con corbata roja. Y luego se mofan de los chavistas. Tambi\u00e9n la derecha se\u00a0 pone el uniforme. Y le he o\u00eddo una penosa reflexi\u00f3n \u00a0a la ex vicepresidenta Mar\u00eda Teresa Fern\u00e1ndez de la Vega a la que me ha costado reconocer habida cuenta los estiramientos que se ha hecho. Sus declaraciones me han parecido pat\u00e9ticas para una socialista \u00bflo era?. \u00bfQu\u00e9 pintaba esta se\u00f1ora\u00a0 en este funeral salvo sacar cabeza?. Tambi\u00e9n le he visto a Rodrigo Rato de quien han destacado su presencia. No s\u00e9 porque. Bot\u00edn lo hab\u00eda hecho consejero del Banco Santander por los \u00a0servicios prestados. Y a Isabel Tocino, pero\u00a0 a poco desahuciado salvo en las aceras y algunos aplaudiendo. Celtiberia Show que dir\u00eda Carandell.<\/p>\n<p>-Me ha gustado el homenaje a V\u00edctor Manuel en Oviedo por los cincuenta a\u00f1os de mina del cantautor. Ah\u00ed sigue. Y su mensaje en favor del enterramiento de los republicanos\u00a0 en las cunetas quiz\u00e1s le cueste el sibarita premio Pr\u00edncipe de Asturias. Pero, afortunadamente, todav\u00eda hay clases.<\/p>\n<p>-Y parece que el ex rey va a poner en marcha una Fundaci\u00f3n con su nombre. La noticia la da El Pa\u00eds que es como el Obsservatore Romano de la Monarqu\u00eda. Tambi\u00e9n nos tranquilizan de que no se va a divorciar de la reina (hasta ahora todo era puro parip\u00e9) y que sigue hablando por tel\u00e9fono con Corinna y que tambi\u00e9n \u00a0esa Fundaci\u00f3n va a servir para que nos de la chapa desde una plataforma, ya que el pobre\u00a0 no tiene nada<\/p>\n<p>Espero que ning\u00fan vasco, ning\u00fan republicano, ni ning\u00fan dem\u00f3crata \u00a0de fuste integre semejante engendro\u00a0 para divertimento de personaje tan impresentable.<\/p>\n<p>&nbsp;<\/p>\n<!-- AddThis Advanced Settings generic via filter on the_content --><!-- AddThis Share Buttons generic via filter on the_content -->","protected":false},"excerpt":{"rendered":"<p>Domingo 14 de septiembre de 2014 Viendo la tele del s\u00e1bado veo varias noticias que me han llamado\u00a0 la atenci\u00f3n. -Esteban Gonz\u00e1lez Pons, eurodiputado del PP, ha machacado en acto p\u00fablico a Pedro S\u00e1nchez diciendo que era igualito a Zapatero. No me gusta Pons, pero acierta en su descripci\u00f3n. Y es que S\u00e1nchez\u00a0 ha sido &hellip; <a href=\"https:\/\/blogs.deia.eus\/anasagasti\/2014\/09\/14\/igualito-a-zapatero-poco-lloron-en-el-funeral-de-botin-la-marcha-de-los-unionistas-victor-manuel-fundacion-para-el-ex-rey\/\" class=\"more-link\">Sigue leyendo <span class=\"screen-reader-text\">Igualito a Zapatero \u2013 Poco llor\u00f3n en el funeral de Bot\u00edn \u2013 La marcha de los Unionistas \u2013 Victor Manuel \u2013 Fundaci\u00f3n para el Ex Rey.<\/span><\/a><!-- AddThis Advanced Settings generic via filter on get_the_excerpt --><!-- AddThis Share Buttons generic via filter on get_the_excerpt --><\/p>\n","protected":false},"author":19,"featured_media":0,"comment_status":"open","ping_status":"open","sticky":false,"template":"","format":"standard","meta":{"footnotes":""},"categories":[1],"tags":[],"class_list":["post-5481","post","type-post","status-publish","format-standard","hentry","category-general"],"_links":{"self":[{"href":"https:\/\/blogs.deia.eus\/anasagasti\/wp-json\/wp\/v2\/posts\/5481","targetHints":{"allow":["GET"]}}],"collection":[{"href":"https:\/\/blogs.deia.eus\/anasagasti\/wp-json\/wp\/v2\/posts"}],"about":[{"href":"https:\/\/blogs.deia.eus\/anasagasti\/wp-json\/wp\/v2\/types\/post"}],"author":[{"embeddable":true,"href":"https:\/\/blogs.deia.eus\/anasagasti\/wp-json\/wp\/v2\/users\/19"}],"replies":[{"embeddable":true,"href":"https:\/\/blogs.deia.eus\/anasagasti\/wp-json\/wp\/v2\/comments?post=5481"}],"version-history":[{"count":1,"href":"https:\/\/blogs.deia.eus\/anasagasti\/wp-json\/wp\/v2\/posts\/5481\/revisions"}],"predecessor-version":[{"id":5482,"href":"https:\/\/blogs.deia.eus\/anasagasti\/wp-json\/wp\/v2\/posts\/5481\/revisions\/5482"}],"wp:attachment":[{"href":"https:\/\/blogs.deia.eus\/anasagasti\/wp-json\/wp\/v2\/media?parent=5481"}],"wp:term":[{"taxonomy":"category","embeddable":true,"href":"https:\/\/blogs.deia.eus\/anasagasti\/wp-json\/wp\/v2\/categories?post=5481"},{"taxonomy":"post_tag","embeddable":true,"href":"https:\/\/blogs.deia.eus\/anasagasti\/wp-json\/wp\/v2\/tags?post=5481"}],"curies":[{"name":"wp","href":"https:\/\/api.w.org\/{rel}","templated":true}]}}