{"id":5486,"date":"2014-09-15T21:44:03","date_gmt":"2014-09-15T19:44:03","guid":{"rendered":"http:\/\/blogs.deia.com\/anasagasti\/?p=5486"},"modified":"2014-09-15T21:44:03","modified_gmt":"2014-09-15T19:44:03","slug":"aeropuerto-de-loiu-sucio-y-con-pesima-informacion-al-viajero","status":"publish","type":"post","link":"https:\/\/blogs.deia.eus\/anasagasti\/2014\/09\/15\/aeropuerto-de-loiu-sucio-y-con-pesima-informacion-al-viajero\/","title":{"rendered":"Aeropuerto de Loiu: Sucio y con p\u00e9sima informaci\u00f3n al viajero"},"content":{"rendered":"<p><strong><strong>Lunes 15 de septiembre de 2014<a href=\"http:\/\/blogs.deia.com\/anasagasti\/files\/2014\/09\/La-Paloma1.png\"><img loading=\"lazy\" decoding=\"async\" class=\"alignleft size-full wp-image-5487\" src=\"http:\/\/blogs.deia.com\/anasagasti\/files\/2014\/09\/La-Paloma1.png\" alt=\"La Paloma\" width=\"314\" height=\"160\" \/><\/a><\/strong><\/strong><\/p>\n<p>De vez en cuando a uno le pasan cosas que le sirven para darse cuenta de c\u00f3mo funcionan las cosas circundantes. Y hoy lunes, me ha pasado algo que no me hab\u00eda ocurrido nunca en los a\u00f1os que llevo viajando a Madrid y de Madrid a Bilbao, dos veces por semana: por primera vez\u00a0 he perdido el avi\u00f3n<\/p>\n<p>He estado religiosamente una hora antes de\u00a0 la \u00a0salida\u00a0 del vuelo IB223\u00a0 que anunciaba su embarque a las 9:15 de la ma\u00f1ana. Normal.<\/p>\n<p>A \u00a0eso de las 8:30 en el panel de anuncio no pon\u00eda la puerta. He cogido un asiento descascarillado cerca del panel y all\u00ed he estado con la mirada fija. A eso de las 9:30 y ante el Delayed continuo y la falta de informaci\u00f3n he tratado de conocer la puerta de embarque pero\u00a0 no hab\u00eda \u00a0ning\u00fan mostrador de Iberia. Me he dado cuenta que el aeropuerto no tiene ning\u00fan puesto de informaci\u00f3n interno una vez has pasado el control. Ni para\u00a0 ser informado sobre nada. Me he quedado perplejo. \u00bfEs \u00e9sto normal?. Desde luego que no. En la T-4 que yo sepa, tienes dos.<\/p>\n<p>Buscando esa informaci\u00f3n he ido al control\u00a0 de seguridad y les he pedido\u00a0 ir al gran sal\u00f3n contiguo \u00a0de salidas. \u00abNo se puede\u00bb me ha dicho el Guardia Civil. \u201c\u00bfC\u00f3mo que no se puede?. Si he podido entrar he de poder salir. Chequ\u00e9eme si quiere, pero d\u00e9jeme consultar con Iberia que est\u00e1 a diez metros\u00bb. \u00abNo se puede\u00bb ha sido toda la argumentaci\u00f3n, militar por supuesto. \u00abSi quiere usted ir a la sala de al lado tiene que salir de la terminal y volver a entrar \u00ab. \u00ab\u00bfNo le parece absurdo\u00bb, le he preguntado. \u00abEs as\u00ed. Son \u00f3rdenes\u00bb. \u00abPues me va a permitir que le diga que quien ha dise\u00f1ado este sistema de no tener ning\u00fan puesto de informaci\u00f3n interno y de no dejar salir, es un imb\u00e9cil y no est\u00e1 al servicio del ciudadano. Buenos d\u00edas\u00bb.<\/p>\n<p>La Guardia Civil cumple \u00f3rdenes. Ordenes dise\u00f1adas por un imb\u00e9cil.<\/p>\n<p>Y he tenido que salir de la terminal, que por cierto tiene un sistema de megafon\u00eda nefasto. Mucha arquitectura post moderna\u00a0 pero lo que es, lo b\u00e1sico en situaci\u00f3n de cierta crisis, no funciona en absoluto. La megafon\u00eda es propia de una estaci\u00f3n de trenes de hace sesenta a\u00f1os.<\/p>\n<p>He salido. He ido a Iberia. \u00abAcaba de salir el avi\u00f3n\u00bb. \u00abPero si no ha sido anunciada su puerta\u00bb. \u00abPues ha salido\u00bb.<\/p>\n<p>Y me he quedado en tierra.<\/p>\n<p>Esa es la historia.<\/p>\n<p>Me ha servido para mirar un poco m\u00e1s de cerca las instalaciones de la terminal. Estaban limpias \u00a0pero las paredes muy sucias. Cuando uno apuesta por el blanco, como apost\u00f3 Calatrava, un m\u00ednimo mantenimiento se impone y hay lugares ennegrecidos, cutres, de aeropuerto tercermundista.<\/p>\n<p>La Paloma se inaugur\u00f3 en el a\u00f1o 2000. Han pasado catorce a\u00f1os y por \u00e9l no ha pasado una mano de pintura o de raspado de la piedra. Y est\u00e1 asquerosa.<\/p>\n<p>\u00bfA qu\u00e9 esperan?.<\/p>\n<p>Mi cabreo\u00a0ha sido \u00a0monumental. Pero hay que aguantarse ante la impotencia de que no haya quien informe de nada, nadie te d\u00e9 explicaciones de nada, nadie se responsabilice de nada \u00a0y que la Guardia Civil no te deje salir por donde has entrado, porque as\u00ed lo ha dise\u00f1ado un idiota. L\u00f3gicamente he hecho una pregunta al gobierno central de quien depende esta basura informativa y esta suciedad est\u00e9tica.<\/p>\n<p>Loiu, puerta de Euzkadi.<\/p>\n<p>&nbsp;<\/p>\n<!-- AddThis Advanced Settings generic via filter on the_content --><!-- AddThis Share Buttons generic via filter on the_content -->","protected":false},"excerpt":{"rendered":"<p>Lunes 15 de septiembre de 2014 De vez en cuando a uno le pasan cosas que le sirven para darse cuenta de c\u00f3mo funcionan las cosas circundantes. Y hoy lunes, me ha pasado algo que no me hab\u00eda ocurrido nunca en los a\u00f1os que llevo viajando a Madrid y de Madrid a Bilbao, dos veces &hellip; <a href=\"https:\/\/blogs.deia.eus\/anasagasti\/2014\/09\/15\/aeropuerto-de-loiu-sucio-y-con-pesima-informacion-al-viajero\/\" class=\"more-link\">Sigue leyendo <span class=\"screen-reader-text\">Aeropuerto de Loiu: Sucio y con p\u00e9sima informaci\u00f3n al viajero<\/span><\/a><!-- AddThis Advanced Settings generic via filter on get_the_excerpt --><!-- AddThis Share Buttons generic via filter on get_the_excerpt --><\/p>\n","protected":false},"author":19,"featured_media":0,"comment_status":"open","ping_status":"open","sticky":false,"template":"","format":"standard","meta":{"footnotes":""},"categories":[1],"tags":[],"class_list":["post-5486","post","type-post","status-publish","format-standard","hentry","category-general"],"_links":{"self":[{"href":"https:\/\/blogs.deia.eus\/anasagasti\/wp-json\/wp\/v2\/posts\/5486","targetHints":{"allow":["GET"]}}],"collection":[{"href":"https:\/\/blogs.deia.eus\/anasagasti\/wp-json\/wp\/v2\/posts"}],"about":[{"href":"https:\/\/blogs.deia.eus\/anasagasti\/wp-json\/wp\/v2\/types\/post"}],"author":[{"embeddable":true,"href":"https:\/\/blogs.deia.eus\/anasagasti\/wp-json\/wp\/v2\/users\/19"}],"replies":[{"embeddable":true,"href":"https:\/\/blogs.deia.eus\/anasagasti\/wp-json\/wp\/v2\/comments?post=5486"}],"version-history":[{"count":1,"href":"https:\/\/blogs.deia.eus\/anasagasti\/wp-json\/wp\/v2\/posts\/5486\/revisions"}],"predecessor-version":[{"id":5488,"href":"https:\/\/blogs.deia.eus\/anasagasti\/wp-json\/wp\/v2\/posts\/5486\/revisions\/5488"}],"wp:attachment":[{"href":"https:\/\/blogs.deia.eus\/anasagasti\/wp-json\/wp\/v2\/media?parent=5486"}],"wp:term":[{"taxonomy":"category","embeddable":true,"href":"https:\/\/blogs.deia.eus\/anasagasti\/wp-json\/wp\/v2\/categories?post=5486"},{"taxonomy":"post_tag","embeddable":true,"href":"https:\/\/blogs.deia.eus\/anasagasti\/wp-json\/wp\/v2\/tags?post=5486"}],"curies":[{"name":"wp","href":"https:\/\/api.w.org\/{rel}","templated":true}]}}