{"id":5492,"date":"2014-09-18T20:47:56","date_gmt":"2014-09-18T18:47:56","guid":{"rendered":"http:\/\/blogs.deia.com\/anasagasti\/?p=5492"},"modified":"2014-09-18T20:47:56","modified_gmt":"2014-09-18T18:47:56","slug":"lo-de-sanchez-es-puro-marketing-temporal","status":"publish","type":"post","link":"https:\/\/blogs.deia.eus\/anasagasti\/2014\/09\/18\/lo-de-sanchez-es-puro-marketing-temporal\/","title":{"rendered":"Lo de S\u00e1nchez es puro marketing temporal"},"content":{"rendered":"<p><strong><strong>Jueves 18 de septiembre de 2014<\/strong><\/strong><a href=\"http:\/\/blogs.deia.com\/anasagasti\/files\/2014\/09\/1050.14.png\"><img loading=\"lazy\" decoding=\"async\" class=\"alignleft size-full wp-image-5493\" src=\"http:\/\/blogs.deia.com\/anasagasti\/files\/2014\/09\/1050.14.png\" alt=\"1050.14\" width=\"300\" height=\"168\" \/><\/a><\/p>\n<p>Pedro S\u00e1nchez impact\u00f3 el mi\u00e9rcoles llamando al programa de Jos\u00e9 Javier V\u00e1zquez para decirle que estaba en contra de lo ocurrido con el Toro de la Vega y que no le ver\u00e1 nunca en una corrida de toros. Me imagino el cabreo de los ex ministros socialistas Jos\u00e9 Luis Corcuera y Enrique M\u00fagica.<\/p>\n<p>A m\u00ed no me parece mal que un pol\u00edtico llame a un programa del tipo S\u00e1lvame y ofrezca su punto de vista, lo que ocurre es que S\u00e1nchez est\u00e1 de meritorio para ser m\u00e1s conocido y est\u00e1 dispuesto a hacer lo que sea para caer bien. No hay m\u00e1s que verle lo falso de sus saludos y arrumakos y sobre todo su pose mirando a las c\u00e1maras, pero \u00e9l est\u00e1 a lo que est\u00e1 y si se tiene que poner una falda escocesa, se la pone. Otra cosa ser\u00e1 dentro de muy poco. Ver\u00e1n ustedes que no volver\u00e1 a usar este tipo de comunicaci\u00f3n. Ser\u00e1 inaccesible. Suele pasar\u00a0 con los pol\u00edticos sin sustancia. De momento sigue la sentencia de que el fin justifica los medios.<\/p>\n<p>Y la gente se alborot\u00f3 por la llamada. Los que est\u00e1n en contra de la llamada telebasura se rasgaron las vestiduras, los partidarios de que el PSOE salga del agujero le dijeron que ese era el camino.<\/p>\n<p>Pero yo me fijo en otras cosas, como por ejemplo saber si iba en serio, \u00bfpor qu\u00e9 no anunci\u00f3 en el propio parlamento iniciativas para ir en contra de la salvajada vivida en Tordesillas y por qu\u00e9 no lo hizo ante todos los periodistas del Congreso?. Pues porque lo de es no es la soluci\u00f3n de los temas sino el marketing.<\/p>\n<p>Pero hay algo que me parece mucho m\u00e1s grave y que nos demuestra que estamos ante un pol\u00edtico sin norte y sin sustancia. Dijo que incluir\u00eda a todas las tendencias en su ejecutiva y ah\u00ed les tenemos a P\u00e9rez Tapias y a Madina ladrando en la cueva. Y, cuando falleci\u00f3 Bot\u00edn, no record\u00f3 lo que hab\u00eda dicho del delincuente, condenado, Alfredo S\u00e1ez y permiti\u00f3 que el socialismo se expresara por boca de ese espectro de la \u00e9poca de Zapatero llamado Mar\u00eda Teresa de la Vega que se pase\u00f3 por las capillas ardientes de Bot\u00edn e Isidoro \u00c1lvarez haciendo cantos eleg\u00edacos de verg\u00fcenza ajena para una representante socialista a la que no se le suele ver en funerales m\u00e1s modestos.<\/p>\n<p>Pero lo grave ocurri\u00f3 este mi\u00e9rcoles.<\/p>\n<p>Hace tres meses Pedro S\u00e1nchez, entonces diputado de a pie del PSOE, defend\u00eda la libertad de voto de sus parlamentarios sobre la monarqu\u00eda, aunque sosten\u00eda que deb\u00edan apoyar la ley de abdicaci\u00f3n del Rey Juan Carlos. Los socialistas rechazaron este martes en el Pleno del Congreso una moci\u00f3n de Izquierda Plural en la que se ped\u00eda un refer\u00e9ndum sobre Monarqu\u00eda y si alguno de sus diputados no lo hac\u00eda ser\u00eda sancionado, porque descarta ya dar libertad de voto. No obstante, la direcci\u00f3n del Grupo no esperaba esta vez fugas de voto. El marketing lo puede todo.<\/p>\n<p>En todo caso, este lunes lo estudi\u00f3 la direcci\u00f3n del Grupo y Od\u00f3n Elorza, tras criticar el planteamiento de IU, expuso sus dudas sobre el sentido del voto.<\/p>\n<p>En julio hubo dos diputados (Od\u00f3n Elorza y Guillem Garc\u00eda Gasulla) que rompieron la disciplina de voto. Ahora ha vuelto a plantearse la inquietud en el Grupo Socialista, aunque de forma mucho m\u00e1s atenuada y minoritaria, y la direcci\u00f3n mantiene el rechazo a la iniciativa de IU por considerar que es una iniciativa oportunista de IU y asegura que mantiene su compromiso con el consenso constitucional. No fue lo que dijo S\u00e1nchez en junio.<\/p>\n<p>La moci\u00f3n insta al Gobierno a \u00abhacer uso del art\u00edculo 92 de la Constituci\u00f3n Espa\u00f1ola de 1978, cuyo punto 1 establece que \u00ablas decisiones pol\u00edticas de especial trascendencia podr\u00e1n ser sometidas a refer\u00e9ndum consultivo de todos los ciudadanos\u00bb y cuyo punto 2 establece que \u00abel refer\u00e9ndum ser\u00e1 convocado por el Rey, mediante propuesta del Presidente del Gobierno, previamente autorizada por el Congreso de los Diputados\u00bb para que el pueblo espa\u00f1ol tenga la oportunidad de opinar sobre la forma pol\u00edtica del Estado y elegir entre Rep\u00fablica o Monarqu\u00eda\u00bb.<\/p>\n<p>Pero Pedro S\u00e1nchez es el viejo PSOE. Lo vemos cada d\u00eda. Lo de \u00e9l no es la palabra, sino el marketing.<\/p>\n<p>&nbsp;<\/p>\n<!-- AddThis Advanced Settings generic via filter on the_content --><!-- AddThis Share Buttons generic via filter on the_content -->","protected":false},"excerpt":{"rendered":"<p>Jueves 18 de septiembre de 2014 Pedro S\u00e1nchez impact\u00f3 el mi\u00e9rcoles llamando al programa de Jos\u00e9 Javier V\u00e1zquez para decirle que estaba en contra de lo ocurrido con el Toro de la Vega y que no le ver\u00e1 nunca en una corrida de toros. Me imagino el cabreo de los ex ministros socialistas Jos\u00e9 Luis &hellip; <a href=\"https:\/\/blogs.deia.eus\/anasagasti\/2014\/09\/18\/lo-de-sanchez-es-puro-marketing-temporal\/\" class=\"more-link\">Sigue leyendo <span class=\"screen-reader-text\">Lo de S\u00e1nchez es puro marketing temporal<\/span><\/a><!-- AddThis Advanced Settings generic via filter on get_the_excerpt --><!-- AddThis Share Buttons generic via filter on get_the_excerpt --><\/p>\n","protected":false},"author":19,"featured_media":0,"comment_status":"open","ping_status":"open","sticky":false,"template":"","format":"standard","meta":{"footnotes":""},"categories":[1],"tags":[],"class_list":["post-5492","post","type-post","status-publish","format-standard","hentry","category-general"],"_links":{"self":[{"href":"https:\/\/blogs.deia.eus\/anasagasti\/wp-json\/wp\/v2\/posts\/5492","targetHints":{"allow":["GET"]}}],"collection":[{"href":"https:\/\/blogs.deia.eus\/anasagasti\/wp-json\/wp\/v2\/posts"}],"about":[{"href":"https:\/\/blogs.deia.eus\/anasagasti\/wp-json\/wp\/v2\/types\/post"}],"author":[{"embeddable":true,"href":"https:\/\/blogs.deia.eus\/anasagasti\/wp-json\/wp\/v2\/users\/19"}],"replies":[{"embeddable":true,"href":"https:\/\/blogs.deia.eus\/anasagasti\/wp-json\/wp\/v2\/comments?post=5492"}],"version-history":[{"count":3,"href":"https:\/\/blogs.deia.eus\/anasagasti\/wp-json\/wp\/v2\/posts\/5492\/revisions"}],"predecessor-version":[{"id":5496,"href":"https:\/\/blogs.deia.eus\/anasagasti\/wp-json\/wp\/v2\/posts\/5492\/revisions\/5496"}],"wp:attachment":[{"href":"https:\/\/blogs.deia.eus\/anasagasti\/wp-json\/wp\/v2\/media?parent=5492"}],"wp:term":[{"taxonomy":"category","embeddable":true,"href":"https:\/\/blogs.deia.eus\/anasagasti\/wp-json\/wp\/v2\/categories?post=5492"},{"taxonomy":"post_tag","embeddable":true,"href":"https:\/\/blogs.deia.eus\/anasagasti\/wp-json\/wp\/v2\/tags?post=5492"}],"curies":[{"name":"wp","href":"https:\/\/api.w.org\/{rel}","templated":true}]}}