{"id":5497,"date":"2014-09-19T18:06:23","date_gmt":"2014-09-19T16:06:23","guid":{"rendered":"http:\/\/blogs.deia.com\/anasagasti\/?p=5497"},"modified":"2014-09-19T18:06:23","modified_gmt":"2014-09-19T16:06:23","slug":"voto-a-salmond","status":"publish","type":"post","link":"https:\/\/blogs.deia.eus\/anasagasti\/2014\/09\/19\/voto-a-salmond\/","title":{"rendered":"Voto a Salmond"},"content":{"rendered":"<p><strong><strong>Viernes 19 de septiembre de 2014<\/strong><\/strong><\/p>\n<p><a href=\"http:\/\/blogs.deia.com\/anasagasti\/files\/2014\/09\/Escocia.png\"><img loading=\"lazy\" decoding=\"async\" class=\"alignleft size-full wp-image-5498\" src=\"http:\/\/blogs.deia.com\/anasagasti\/files\/2014\/09\/Escocia.png\" alt=\"Escocia\" width=\"200\" height=\"149\" \/><\/a>Ha dimitido Alex Salmond. Lo siento de verdad. Ha hecho un magn\u00edfico trabajo llevando el independentismo escoc\u00e9s de casi la marginalidad, a diez puntos de la independencia. A pesar de todo, demasiada diferencia<\/p>\n<p>Escrib\u00ed que pensaba que iba a salir el NO. Pero reconozco que no pens\u00e9 que por diferencia tan redonda aunque el independentismo sal\u00eda de una posici\u00f3n baja y no hab\u00eda nada en la acci\u00f3n pol\u00edtica de Londres, salvo su\u00a0\u00a0 pol\u00edtica de\u00a0 austeridad \u00a0social que podr\u00eda motorizar, como en Catalunya, un voto de cabreo. Los errores de Madrid con Catalunya han sido tan continuos y tan de bulto que han logrado convertir el agua en vino, es decir, al indiferente en militante de la independencia.<\/p>\n<p>Y\u00a0 me parece\u00a0 que \u00a0en Escocia lo que ha primado es \u00a0algo tan humano como el miedo. Cuando te dicen que pones en riesgo tu pensi\u00f3n, que las deudas que has de pagar se multiplican por dos, que la Universidad de tus hijos que es gratuita, has de pagarla, que el petr\u00f3leo se va a acabar y cuando te hablan de la libra, de la exclusi\u00f3n europea y de la presi\u00f3n norteamericana, puede ser comprensible que digas que NO, sabiendo adem\u00e1s que conservadores, laboristas y liberales se han comprometido a mejorar la autonom\u00eda escocesa en el \u00faltimo segundo de la campa\u00f1a.<\/p>\n<p>Si ya s\u00e9 que para un nacionalista de pedigr\u00ed, esos no son argumentos. Un abertzale de verdad, de los de pata negra, dice que eso solo es arreglar la jaula y, poner agua fresca \u00a0mejorar el alpiste, pero nada m\u00e1s y que si hay que pasar hambre, se pasa. La realidad es que a la hora de la verdad todos estos valientes se quedan en un 3% de la poblaci\u00f3n y el resto, no quiere l\u00edos.<\/p>\n<p>As\u00ed es la condici\u00f3n humana.<\/p>\n<p>Por eso hay que tener\u00a0 algo claro. Una cosa son las redes sociales, las manifestaciones, la calle, y la agresividad del que teniendo raz\u00f3n quieren que se la den y otra distinta la realidad. Y la realidad es que la condici\u00f3n humana es conservadora, miedosa y arriesga lo justo. Es decir, casi nada.<\/p>\n<p>Vuelvo a repetir que escrib\u00eda que iba a salir el NO, y que el auge del independentismo era todo un \u00e9xito que no har\u00e1 m\u00e1s que crecer, pero cre\u00ed que la diferencia iba a ser como mucho de tres puntos, no de diez.<\/p>\n<p>Y me apena pues ya no habr\u00e1 m\u00e1s un Cameron que con chuler\u00eda les vuelva a decir a los escoceses que digan SI o NO a la independencia. Solo se permite una metedura de pata de esas una vez en la vida.<\/p>\n<p>Y la prueba est\u00e1 en c\u00f3mo se est\u00e1n frotando las manos en Madrid. Y lo contento que estaba Rajoy y D\u00f1a. Soraya y D. Pedro S\u00e1nchez.<\/p>\n<p>En Espa\u00f1a nunca habr\u00e1 derecho a decidir. Ni para vascos, ni para\u00a0 catalanes, ni para espa\u00f1oles en relaci\u00f3n con la Rep\u00fablica o la Monarqu\u00eda.<\/p>\n<p>Espa\u00f1a es diferente Sra. Baronesa.<\/p>\n<!-- AddThis Advanced Settings generic via filter on the_content --><!-- AddThis Share Buttons generic via filter on the_content -->","protected":false},"excerpt":{"rendered":"<p>Viernes 19 de septiembre de 2014 Ha dimitido Alex Salmond. Lo siento de verdad. Ha hecho un magn\u00edfico trabajo llevando el independentismo escoc\u00e9s de casi la marginalidad, a diez puntos de la independencia. A pesar de todo, demasiada diferencia Escrib\u00ed que pensaba que iba a salir el NO. Pero reconozco que no pens\u00e9 que por &hellip; <a href=\"https:\/\/blogs.deia.eus\/anasagasti\/2014\/09\/19\/voto-a-salmond\/\" class=\"more-link\">Sigue leyendo <span class=\"screen-reader-text\">Voto a Salmond<\/span><\/a><!-- AddThis Advanced Settings generic via filter on get_the_excerpt --><!-- AddThis Share Buttons generic via filter on get_the_excerpt --><\/p>\n","protected":false},"author":19,"featured_media":0,"comment_status":"open","ping_status":"open","sticky":false,"template":"","format":"standard","meta":{"footnotes":""},"categories":[1],"tags":[],"class_list":["post-5497","post","type-post","status-publish","format-standard","hentry","category-general"],"_links":{"self":[{"href":"https:\/\/blogs.deia.eus\/anasagasti\/wp-json\/wp\/v2\/posts\/5497","targetHints":{"allow":["GET"]}}],"collection":[{"href":"https:\/\/blogs.deia.eus\/anasagasti\/wp-json\/wp\/v2\/posts"}],"about":[{"href":"https:\/\/blogs.deia.eus\/anasagasti\/wp-json\/wp\/v2\/types\/post"}],"author":[{"embeddable":true,"href":"https:\/\/blogs.deia.eus\/anasagasti\/wp-json\/wp\/v2\/users\/19"}],"replies":[{"embeddable":true,"href":"https:\/\/blogs.deia.eus\/anasagasti\/wp-json\/wp\/v2\/comments?post=5497"}],"version-history":[{"count":1,"href":"https:\/\/blogs.deia.eus\/anasagasti\/wp-json\/wp\/v2\/posts\/5497\/revisions"}],"predecessor-version":[{"id":5499,"href":"https:\/\/blogs.deia.eus\/anasagasti\/wp-json\/wp\/v2\/posts\/5497\/revisions\/5499"}],"wp:attachment":[{"href":"https:\/\/blogs.deia.eus\/anasagasti\/wp-json\/wp\/v2\/media?parent=5497"}],"wp:term":[{"taxonomy":"category","embeddable":true,"href":"https:\/\/blogs.deia.eus\/anasagasti\/wp-json\/wp\/v2\/categories?post=5497"},{"taxonomy":"post_tag","embeddable":true,"href":"https:\/\/blogs.deia.eus\/anasagasti\/wp-json\/wp\/v2\/tags?post=5497"}],"curies":[{"name":"wp","href":"https:\/\/api.w.org\/{rel}","templated":true}]}}